{"id":7129,"date":"2025-10-29T20:23:38","date_gmt":"2025-10-29T20:23:38","guid":{"rendered":"https:\/\/chileentinieblas.cl\/?p=7129"},"modified":"2026-05-27T18:46:12","modified_gmt":"2026-05-27T18:46:12","slug":"liturgia-para-una-capilla-rota","status":"publish","type":"post","link":"https:\/\/chileentinieblas.cl\/en\/liturgia-para-una-capilla-rota\/","title":{"rendered":"Liturgia para una Capilla Rota"},"content":{"rendered":"<p class=\"wp-block-paragraph\">Una Coterie es convocada por el <strong>escuadr\u00f3n Baltimore<\/strong>, el grupo anarquista armado de <a href=\"https:\/\/chileentinieblas.cl\/en\/pnj\/emile-dubois-el-santo-asesino\/\">Emile Dubois<\/a>, bar\u00f3n de Valpara\u00edso a cargo de mantener el \u00f3rden y protegerla de sus enemigos de la regi\u00f3n, para identificar y eliminar la <strong>amenaza Sabbat que tiene tomado el campamento Pereira en Cerro Mariposas<\/strong>. Al llegar son testigos de la desolaci\u00f3n y masacre de este grupo, encontr\u00e1ndose con varios cabezas de pala en el camino: v\u00edctimas y carne de ca\u00f1\u00f3n que el Sabbat usa para sus prop\u00f3sitos. Estando ah\u00ed identificaron la escuela con los supervivientes del campamento, tambi\u00e9n encontraron a un <strong>cabeza de pala<\/strong> que estaba encadenado apodado &#8220;El Byron&#8221;. Le dieron sangre, le explicaron en qu\u00e9 lo hab\u00edan transformado y quisieron darle una oportunidad de vengarse de aquellos que le hab\u00edan hecho eso, por lo que se uni\u00f3 a la misi\u00f3n del grupo.<\/p>\n\n\n\n<p class=\"wp-block-paragraph\">Siguieron con su investigaci\u00f3n en el campamento hasta que encontraron un horrible altar de carne hecho con los cuerpos de los habitantes del lugar, ah\u00ed mismo descubrieron a <strong>Valuk, un tzimisce Koldun, mientras hablaba con una antigua y misteriosa Vampira que se hac\u00eda llamar \u201c<a href=\"https:\/\/chileentinieblas.cl\/en\/pnj\/helena\/\">Helena<\/a>\u201d<\/strong> a trav\u00e9s de un espejo de obsidiana en la punta del altar, d\u00f3nde le ordenaba cumplir con cierto ritual aprovechando la luna roja, como si supiera que esa noche Chile quedar\u00eda bajo su color.<br><br>Despu\u00e9s de esa conversaci\u00f3n comenz\u00f3 el rito y, sin dudarlo, la coterie se abalanz\u00f3 contra el Tzimisce y los cabeza de pala que lo proteg\u00edan, empez\u00f3 un enfrentamiento, pero el tzimisce comenz\u00f3 con el ritual y del altar en conjunto con la cruz de la capilla del campamento se elev\u00f3 una <strong>lengua de fuego que parec\u00eda un tornado inverso<\/strong>. Este empez\u00f3 a perderse entre los nubarrones, mostrando sombras de criaturas que estaban a punto de salir de ah\u00ed hacia el mundo terrenal. En ese momento, un miembro de la Coterie se lanz\u00f3 contra el altar para destruir la obsidiana mientras que los otros se esforzaban para estacar al tzimisce. Cuando lograron detener el ritual, \u00e9ste estall\u00f3 en sangre y la lengua de fuego se extingui\u00f3, evitando que las criaturas que quer\u00edan salir de ah\u00ed cruzaran al mundo terrenal.<\/p>\n\n\n\n<p class=\"wp-block-paragraph\">Con el culpable en letargo, una vez que informaron al escuadr\u00f3n Baltimore de que la amenaza hab\u00eda sido neutralizada, la coterie decidi\u00f3 llevarlo a <a href=\"https:\/\/chileentinieblas.cl\/en\/pnj\/andrei-valkav\/\">Andrei<\/a>, bar\u00f3n de playa ancha y ex <strong>arzobispo Sabbat<\/strong>, dado sus antiguos lazos con la secta. Formalmente la coterie le pidi\u00f3 que les dejara diabolizar al Koldun para obtener su poder, a lo que Andrei aceptar\u00eda, no sin antes interrogarlo.\u00a0<\/p>\n\n\n\n<p class=\"wp-block-paragraph\">Esa noche, Andrei y los anarquistas se enteraron que al parecer, los rumores de que <strong>la <a href=\"https:\/\/chileentinieblas.cl\/en\/agrupaciones\/la-sociedad-del-octubre-negro\/\">Sociedad del Octubre negro<\/a> estaba detr\u00e1s de todo eso<\/strong> podr\u00edan ser ciertos, y que convocar\u00e1n al <strong>pacto sobrenatural<\/strong> para tomar una medida al respecto.<\/p>","protected":false},"excerpt":{"rendered":"<p>Conoce lo que sucedi\u00f3 con los Sabbat en el Cerro Mariposas. Res\u00famen de la mesa de Vampiro de &#8220;Bajo la luna Roja&#8221;.<\/p>","protected":false},"author":32,"featured_media":7133,"comment_status":"open","ping_status":"open","sticky":false,"template":"","format":"standard","meta":{"_acf_changed":false,"inline_featured_image":false,"_monsterinsights_skip_tracking":false,"_jetpack_newsletter_access":"","_jetpack_dont_email_post_to_subs":false,"_jetpack_newsletter_tier_id":0,"_jetpack_memberships_contains_paywalled_content":false,"fifu_image_url":"","fifu_image_alt":"","_jetpack_feature_clip_id":0,"_jetpack_memberships_contains_paid_content":false,"footnotes":"","jetpack_post_was_ever_published":false},"categories":[134],"tags":[],"juego":[],"class_list":["post-7129","post","type-post","status-publish","format-standard","has-post-thumbnail","hentry","category-historias"],"acf":[],"yoast_head":"<!-- This site is optimized with the Yoast SEO plugin v28.4 - https:\/\/yoast.com\/product\/yoast-seo-wordpress\/ -->\n<title>Liturgia para una Capilla Rota - Chile en Tinieblas<\/title>\n<meta name=\"robots\" content=\"index, follow, max-snippet:-1, max-image-preview:large, max-video-preview:-1\" \/>\n<link rel=\"canonical\" href=\"https:\/\/chileentinieblas.cl\/en\/liturgia-para-una-capilla-rota\/\" \/>\n<meta property=\"og:locale\" content=\"en_US\" \/>\n<meta property=\"og:type\" content=\"article\" \/>\n<meta property=\"og:title\" content=\"Liturgia para una Capilla Rota - Chile en Tinieblas\" \/>\n<meta property=\"og:description\" content=\"Conoce lo que sucedi\u00f3 con los Sabbat en el Cerro Mariposas. Res\u00famen de la mesa de Vampiro de &quot;Bajo la luna Roja&quot;.\" \/>\n<meta property=\"og:url\" content=\"https:\/\/chileentinieblas.cl\/en\/liturgia-para-una-capilla-rota\/\" \/>\n<meta property=\"og:site_name\" content=\"Chile en Tinieblas\" \/>\n<meta property=\"article:publisher\" content=\"https:\/\/www.facebook.com\/ChileenTinieblas\" \/>\n<meta property=\"article:published_time\" content=\"2025-10-29T20:23:38+00:00\" \/>\n<meta property=\"article:modified_time\" content=\"2026-05-27T18:46:12+00:00\" \/>\n<meta property=\"og:image\" content=\"https:\/\/chileentinieblas.cl\/wp-content\/uploads\/2025\/10\/20251029_1729_Cerro-y-Ciudad-Oscura_remix_01k8rtfg3xern9cmswehbxynay-1024x683.png\" \/>\n\t<meta property=\"og:image:width\" content=\"1024\" \/>\n\t<meta property=\"og:image:height\" content=\"683\" \/>\n\t<meta property=\"og:image:type\" content=\"image\/png\" \/>\n<meta name=\"author\" content=\"Chile en Tinieblas\" \/>\n<meta name=\"twitter:card\" content=\"summary_large_image\" \/>\n<meta name=\"twitter:label1\" content=\"Written by\" \/>\n\t<meta name=\"twitter:data1\" content=\"Chile en Tinieblas\" \/>\n\t<meta name=\"twitter:label2\" content=\"Est. reading time\" \/>\n\t<meta name=\"twitter:data2\" content=\"3 minutes\" \/>\n<script type=\"application\/ld+json\" class=\"yoast-schema-graph\">{\"@context\":\"https:\\\/\\\/schema.org\",\"@graph\":[{\"@type\":\"Article\",\"@id\":\"https:\\\/\\\/chileentinieblas.cl\\\/liturgia-para-una-capilla-rota\\\/#article\",\"isPartOf\":{\"@id\":\"https:\\\/\\\/chileentinieblas.cl\\\/liturgia-para-una-capilla-rota\\\/\"},\"author\":{\"name\":\"Chile en Tinieblas\",\"@id\":\"https:\\\/\\\/chileentinieblas.cl\\\/#\\\/schema\\\/person\\\/dd8aa8c569668ff2f5908cb87ac8d9e6\"},\"headline\":\"Liturgia para una Capilla Rota\",\"datePublished\":\"2025-10-29T20:23:38+00:00\",\"dateModified\":\"2026-05-27T18:46:12+00:00\",\"mainEntityOfPage\":{\"@id\":\"https:\\\/\\\/chileentinieblas.cl\\\/liturgia-para-una-capilla-rota\\\/\"},\"wordCount\":494,\"commentCount\":0,\"publisher\":{\"@id\":\"https:\\\/\\\/chileentinieblas.cl\\\/#organization\"},\"image\":{\"@id\":\"https:\\\/\\\/chileentinieblas.cl\\\/liturgia-para-una-capilla-rota\\\/#primaryimage\"},\"thumbnailUrl\":\"https:\\\/\\\/chileentinieblas.cl\\\/wp-content\\\/uploads\\\/2025\\\/10\\\/20251029_1729_Cerro-y-Ciudad-Oscura_remix_01k8rtfg3xern9cmswehbxynay.png\",\"articleSection\":[\"Historias\"],\"inLanguage\":\"en-US\",\"potentialAction\":[{\"@type\":\"CommentAction\",\"name\":\"Comment\",\"target\":[\"https:\\\/\\\/chileentinieblas.cl\\\/liturgia-para-una-capilla-rota\\\/#respond\"]}]},{\"@type\":\"WebPage\",\"@id\":\"https:\\\/\\\/chileentinieblas.cl\\\/liturgia-para-una-capilla-rota\\\/\",\"url\":\"https:\\\/\\\/chileentinieblas.cl\\\/liturgia-para-una-capilla-rota\\\/\",\"name\":\"Liturgia para una Capilla Rota - Chile en Tinieblas\",\"isPartOf\":{\"@id\":\"https:\\\/\\\/chileentinieblas.cl\\\/#website\"},\"primaryImageOfPage\":{\"@id\":\"https:\\\/\\\/chileentinieblas.cl\\\/liturgia-para-una-capilla-rota\\\/#primaryimage\"},\"image\":{\"@id\":\"https:\\\/\\\/chileentinieblas.cl\\\/liturgia-para-una-capilla-rota\\\/#primaryimage\"},\"thumbnailUrl\":\"https:\\\/\\\/chileentinieblas.cl\\\/wp-content\\\/uploads\\\/2025\\\/10\\\/20251029_1729_Cerro-y-Ciudad-Oscura_remix_01k8rtfg3xern9cmswehbxynay.png\",\"datePublished\":\"2025-10-29T20:23:38+00:00\",\"dateModified\":\"2026-05-27T18:46:12+00:00\",\"breadcrumb\":{\"@id\":\"https:\\\/\\\/chileentinieblas.cl\\\/liturgia-para-una-capilla-rota\\\/#breadcrumb\"},\"inLanguage\":\"en-US\",\"potentialAction\":[{\"@type\":\"ReadAction\",\"target\":[\"https:\\\/\\\/chileentinieblas.cl\\\/liturgia-para-una-capilla-rota\\\/\"]}]},{\"@type\":\"ImageObject\",\"inLanguage\":\"en-US\",\"@id\":\"https:\\\/\\\/chileentinieblas.cl\\\/liturgia-para-una-capilla-rota\\\/#primaryimage\",\"url\":\"https:\\\/\\\/chileentinieblas.cl\\\/wp-content\\\/uploads\\\/2025\\\/10\\\/20251029_1729_Cerro-y-Ciudad-Oscura_remix_01k8rtfg3xern9cmswehbxynay.png\",\"contentUrl\":\"https:\\\/\\\/chileentinieblas.cl\\\/wp-content\\\/uploads\\\/2025\\\/10\\\/20251029_1729_Cerro-y-Ciudad-Oscura_remix_01k8rtfg3xern9cmswehbxynay.png\",\"width\":1536,\"height\":1024},{\"@type\":\"BreadcrumbList\",\"@id\":\"https:\\\/\\\/chileentinieblas.cl\\\/liturgia-para-una-capilla-rota\\\/#breadcrumb\",\"itemListElement\":[{\"@type\":\"ListItem\",\"position\":1,\"name\":\"Portada\",\"item\":\"https:\\\/\\\/chileentinieblas.cl\\\/\"},{\"@type\":\"ListItem\",\"position\":2,\"name\":\"Liturgia para una Capilla Rota\"}]},{\"@type\":\"WebSite\",\"@id\":\"https:\\\/\\\/chileentinieblas.cl\\\/#website\",\"url\":\"https:\\\/\\\/chileentinieblas.cl\\\/\",\"name\":\"Chile en Tinieblas\",\"description\":\"Un servidor con mesas de rol de Mundo de Tinieblas\",\"publisher\":{\"@id\":\"https:\\\/\\\/chileentinieblas.cl\\\/#organization\"},\"potentialAction\":[{\"@type\":\"SearchAction\",\"target\":{\"@type\":\"EntryPoint\",\"urlTemplate\":\"https:\\\/\\\/chileentinieblas.cl\\\/?s={search_term_string}\"},\"query-input\":{\"@type\":\"PropertyValueSpecification\",\"valueRequired\":true,\"valueName\":\"search_term_string\"}}],\"inLanguage\":\"en-US\"},{\"@type\":\"Organization\",\"@id\":\"https:\\\/\\\/chileentinieblas.cl\\\/#organization\",\"name\":\"Chile en Tinieblas\",\"url\":\"https:\\\/\\\/chileentinieblas.cl\\\/\",\"logo\":{\"@type\":\"ImageObject\",\"inLanguage\":\"en-US\",\"@id\":\"https:\\\/\\\/chileentinieblas.cl\\\/#\\\/schema\\\/logo\\\/image\\\/\",\"url\":\"https:\\\/\\\/chileentinieblas.cl\\\/wp-content\\\/uploads\\\/2021\\\/12\\\/logo-cet-claro.png\",\"contentUrl\":\"https:\\\/\\\/chileentinieblas.cl\\\/wp-content\\\/uploads\\\/2021\\\/12\\\/logo-cet-claro.png\",\"width\":1001,\"height\":1030,\"caption\":\"Chile en Tinieblas\"},\"image\":{\"@id\":\"https:\\\/\\\/chileentinieblas.cl\\\/#\\\/schema\\\/logo\\\/image\\\/\"},\"sameAs\":[\"https:\\\/\\\/www.facebook.com\\\/ChileenTinieblas\",\"https:\\\/\\\/www.instagram.com\\\/chileentinieblas\\\/\",\"https:\\\/\\\/www.youtube.com\\\/@chileentinieblas\",\"https:\\\/\\\/www.tiktok.com\\\/@chileentinieblas\"]},{\"@type\":\"Person\",\"@id\":\"https:\\\/\\\/chileentinieblas.cl\\\/#\\\/schema\\\/person\\\/dd8aa8c569668ff2f5908cb87ac8d9e6\",\"name\":\"Chile en Tinieblas\",\"image\":{\"@type\":\"ImageObject\",\"inLanguage\":\"en-US\",\"@id\":\"https:\\\/\\\/secure.gravatar.com\\\/avatar\\\/57a5347dce8fd39709496f367e6b918c3a57f5d0c33f2ae2292f111efee97f7d?s=96&d=mm&r=g\",\"url\":\"https:\\\/\\\/secure.gravatar.com\\\/avatar\\\/57a5347dce8fd39709496f367e6b918c3a57f5d0c33f2ae2292f111efee97f7d?s=96&d=mm&r=g\",\"contentUrl\":\"https:\\\/\\\/secure.gravatar.com\\\/avatar\\\/57a5347dce8fd39709496f367e6b918c3a57f5d0c33f2ae2292f111efee97f7d?s=96&d=mm&r=g\",\"caption\":\"Chile en Tinieblas\"},\"sameAs\":[\"https:\\\/\\\/chileentinieblas.cl\\\/\"],\"url\":\"https:\\\/\\\/chileentinieblas.cl\\\/en\\\/author\\\/chileentinieblas\\\/\"}]}<\/script>\n<!-- \/ Yoast SEO plugin. -->","yoast_head_json":{"title":"Liturgia para una Capilla Rota - Chile en Tinieblas","robots":{"index":"index","follow":"follow","max-snippet":"max-snippet:-1","max-image-preview":"max-image-preview:large","max-video-preview":"max-video-preview:-1"},"canonical":"https:\/\/chileentinieblas.cl\/en\/liturgia-para-una-capilla-rota\/","og_locale":"en_US","og_type":"article","og_title":"Liturgia para una Capilla Rota - Chile en Tinieblas","og_description":"Conoce lo que sucedi\u00f3 con los Sabbat en el Cerro Mariposas. Res\u00famen de la mesa de Vampiro de \"Bajo la luna Roja\".","og_url":"https:\/\/chileentinieblas.cl\/en\/liturgia-para-una-capilla-rota\/","og_site_name":"Chile en Tinieblas","article_publisher":"https:\/\/www.facebook.com\/ChileenTinieblas","article_published_time":"2025-10-29T20:23:38+00:00","article_modified_time":"2026-05-27T18:46:12+00:00","og_image":[{"width":1024,"height":683,"url":"https:\/\/chileentinieblas.cl\/wp-content\/uploads\/2025\/10\/20251029_1729_Cerro-y-Ciudad-Oscura_remix_01k8rtfg3xern9cmswehbxynay-1024x683.png","type":"image\/png"}],"author":"Chile en Tinieblas","twitter_card":"summary_large_image","twitter_misc":{"Written by":"Chile en Tinieblas","Est. reading time":"3 minutes"},"schema":{"@context":"https:\/\/schema.org","@graph":[{"@type":"Article","@id":"https:\/\/chileentinieblas.cl\/liturgia-para-una-capilla-rota\/#article","isPartOf":{"@id":"https:\/\/chileentinieblas.cl\/liturgia-para-una-capilla-rota\/"},"author":{"name":"Chile en Tinieblas","@id":"https:\/\/chileentinieblas.cl\/#\/schema\/person\/dd8aa8c569668ff2f5908cb87ac8d9e6"},"headline":"Liturgia para una Capilla Rota","datePublished":"2025-10-29T20:23:38+00:00","dateModified":"2026-05-27T18:46:12+00:00","mainEntityOfPage":{"@id":"https:\/\/chileentinieblas.cl\/liturgia-para-una-capilla-rota\/"},"wordCount":494,"commentCount":0,"publisher":{"@id":"https:\/\/chileentinieblas.cl\/#organization"},"image":{"@id":"https:\/\/chileentinieblas.cl\/liturgia-para-una-capilla-rota\/#primaryimage"},"thumbnailUrl":"https:\/\/chileentinieblas.cl\/wp-content\/uploads\/2025\/10\/20251029_1729_Cerro-y-Ciudad-Oscura_remix_01k8rtfg3xern9cmswehbxynay.png","articleSection":["Historias"],"inLanguage":"en-US","potentialAction":[{"@type":"CommentAction","name":"Comment","target":["https:\/\/chileentinieblas.cl\/liturgia-para-una-capilla-rota\/#respond"]}]},{"@type":"WebPage","@id":"https:\/\/chileentinieblas.cl\/liturgia-para-una-capilla-rota\/","url":"https:\/\/chileentinieblas.cl\/liturgia-para-una-capilla-rota\/","name":"Liturgia para una Capilla Rota - Chile en Tinieblas","isPartOf":{"@id":"https:\/\/chileentinieblas.cl\/#website"},"primaryImageOfPage":{"@id":"https:\/\/chileentinieblas.cl\/liturgia-para-una-capilla-rota\/#primaryimage"},"image":{"@id":"https:\/\/chileentinieblas.cl\/liturgia-para-una-capilla-rota\/#primaryimage"},"thumbnailUrl":"https:\/\/chileentinieblas.cl\/wp-content\/uploads\/2025\/10\/20251029_1729_Cerro-y-Ciudad-Oscura_remix_01k8rtfg3xern9cmswehbxynay.png","datePublished":"2025-10-29T20:23:38+00:00","dateModified":"2026-05-27T18:46:12+00:00","breadcrumb":{"@id":"https:\/\/chileentinieblas.cl\/liturgia-para-una-capilla-rota\/#breadcrumb"},"inLanguage":"en-US","potentialAction":[{"@type":"ReadAction","target":["https:\/\/chileentinieblas.cl\/liturgia-para-una-capilla-rota\/"]}]},{"@type":"ImageObject","inLanguage":"en-US","@id":"https:\/\/chileentinieblas.cl\/liturgia-para-una-capilla-rota\/#primaryimage","url":"https:\/\/chileentinieblas.cl\/wp-content\/uploads\/2025\/10\/20251029_1729_Cerro-y-Ciudad-Oscura_remix_01k8rtfg3xern9cmswehbxynay.png","contentUrl":"https:\/\/chileentinieblas.cl\/wp-content\/uploads\/2025\/10\/20251029_1729_Cerro-y-Ciudad-Oscura_remix_01k8rtfg3xern9cmswehbxynay.png","width":1536,"height":1024},{"@type":"BreadcrumbList","@id":"https:\/\/chileentinieblas.cl\/liturgia-para-una-capilla-rota\/#breadcrumb","itemListElement":[{"@type":"ListItem","position":1,"name":"Portada","item":"https:\/\/chileentinieblas.cl\/"},{"@type":"ListItem","position":2,"name":"Liturgia para una Capilla Rota"}]},{"@type":"WebSite","@id":"https:\/\/chileentinieblas.cl\/#website","url":"https:\/\/chileentinieblas.cl\/","name":"Chile en Tinieblas","description":"Un servidor con mesas de rol de Mundo de Tinieblas","publisher":{"@id":"https:\/\/chileentinieblas.cl\/#organization"},"potentialAction":[{"@type":"SearchAction","target":{"@type":"EntryPoint","urlTemplate":"https:\/\/chileentinieblas.cl\/?s={search_term_string}"},"query-input":{"@type":"PropertyValueSpecification","valueRequired":true,"valueName":"search_term_string"}}],"inLanguage":"en-US"},{"@type":"Organization","@id":"https:\/\/chileentinieblas.cl\/#organization","name":"Chile en Tinieblas","url":"https:\/\/chileentinieblas.cl\/","logo":{"@type":"ImageObject","inLanguage":"en-US","@id":"https:\/\/chileentinieblas.cl\/#\/schema\/logo\/image\/","url":"https:\/\/chileentinieblas.cl\/wp-content\/uploads\/2021\/12\/logo-cet-claro.png","contentUrl":"https:\/\/chileentinieblas.cl\/wp-content\/uploads\/2021\/12\/logo-cet-claro.png","width":1001,"height":1030,"caption":"Chile en Tinieblas"},"image":{"@id":"https:\/\/chileentinieblas.cl\/#\/schema\/logo\/image\/"},"sameAs":["https:\/\/www.facebook.com\/ChileenTinieblas","https:\/\/www.instagram.com\/chileentinieblas\/","https:\/\/www.youtube.com\/@chileentinieblas","https:\/\/www.tiktok.com\/@chileentinieblas"]},{"@type":"Person","@id":"https:\/\/chileentinieblas.cl\/#\/schema\/person\/dd8aa8c569668ff2f5908cb87ac8d9e6","name":"Chile en Tinieblas","image":{"@type":"ImageObject","inLanguage":"en-US","@id":"https:\/\/secure.gravatar.com\/avatar\/57a5347dce8fd39709496f367e6b918c3a57f5d0c33f2ae2292f111efee97f7d?s=96&d=mm&r=g","url":"https:\/\/secure.gravatar.com\/avatar\/57a5347dce8fd39709496f367e6b918c3a57f5d0c33f2ae2292f111efee97f7d?s=96&d=mm&r=g","contentUrl":"https:\/\/secure.gravatar.com\/avatar\/57a5347dce8fd39709496f367e6b918c3a57f5d0c33f2ae2292f111efee97f7d?s=96&d=mm&r=g","caption":"Chile en Tinieblas"},"sameAs":["https:\/\/chileentinieblas.cl\/"],"url":"https:\/\/chileentinieblas.cl\/en\/author\/chileentinieblas\/"}]}},"jetpack_sharing_enabled":true,"jetpack_featured_media_url":"https:\/\/chileentinieblas.cl\/wp-content\/uploads\/2025\/10\/20251029_1729_Cerro-y-Ciudad-Oscura_remix_01k8rtfg3xern9cmswehbxynay.png","_links":{"self":[{"href":"https:\/\/chileentinieblas.cl\/en\/wp-json\/wp\/v2\/posts\/7129","targetHints":{"allow":["GET"]}}],"collection":[{"href":"https:\/\/chileentinieblas.cl\/en\/wp-json\/wp\/v2\/posts"}],"about":[{"href":"https:\/\/chileentinieblas.cl\/en\/wp-json\/wp\/v2\/types\/post"}],"author":[{"embeddable":true,"href":"https:\/\/chileentinieblas.cl\/en\/wp-json\/wp\/v2\/users\/32"}],"replies":[{"embeddable":true,"href":"https:\/\/chileentinieblas.cl\/en\/wp-json\/wp\/v2\/comments?post=7129"}],"version-history":[{"count":2,"href":"https:\/\/chileentinieblas.cl\/en\/wp-json\/wp\/v2\/posts\/7129\/revisions"}],"predecessor-version":[{"id":7131,"href":"https:\/\/chileentinieblas.cl\/en\/wp-json\/wp\/v2\/posts\/7129\/revisions\/7131"}],"wp:featuredmedia":[{"embeddable":true,"href":"https:\/\/chileentinieblas.cl\/en\/wp-json\/wp\/v2\/media\/7133"}],"wp:attachment":[{"href":"https:\/\/chileentinieblas.cl\/en\/wp-json\/wp\/v2\/media?parent=7129"}],"wp:term":[{"taxonomy":"category","embeddable":true,"href":"https:\/\/chileentinieblas.cl\/en\/wp-json\/wp\/v2\/categories?post=7129"},{"taxonomy":"post_tag","embeddable":true,"href":"https:\/\/chileentinieblas.cl\/en\/wp-json\/wp\/v2\/tags?post=7129"},{"taxonomy":"juego","embeddable":true,"href":"https:\/\/chileentinieblas.cl\/en\/wp-json\/wp\/v2\/juego?post=7129"}],"curies":[{"name":"wp","href":"https:\/\/api.w.org\/{rel}","templated":true}]}}