{"id":7003,"date":"2025-10-16T20:43:37","date_gmt":"2025-10-16T20:43:37","guid":{"rendered":"https:\/\/chileentinieblas.cl\/?p=7003"},"modified":"2025-10-25T19:20:17","modified_gmt":"2025-10-25T19:20:17","slug":"evento-sobre-las-cenizas-rojas","status":"publish","type":"post","link":"https:\/\/chileentinieblas.cl\/en\/evento-sobre-las-cenizas-rojas\/","title":{"rendered":"Evento: Sobre las cenizas rojas"},"content":{"rendered":"<p class=\"wp-block-paragraph\">Chile en Tinieblas te invita a la culminaci\u00f3n de su trilog\u00eda roja y pr\u00f3ximo evento de Halloween este 2025: &#8220;<strong>Sobre las cenizas rojas<\/strong>&#8220;.<br><br>Prep\u00e1rate para jugar una noche inolvidable, donde sue\u00f1os, magia y festejos se mezclan con la desesperaci\u00f3n de no saber si ser\u00e1s capaz de sobrevivir hasta el pr\u00f3ximo amanecer.<\/p>\n\n\n\n<ul class=\"wp-block-list\">\n<li><strong>Lugar<\/strong>: Ludum Bar (Condell 456, Providencia. Regi\u00f3n Metropolitana)<\/li>\n\n\n\n<li><strong>Fecha<\/strong>: 31 de octubre de 2025<\/li>\n\n\n\n<li><strong>Hora<\/strong>: Desde las 17:00 hasta las 22:00 horas.&nbsp; (AFTER desde las 22:00 horas)<br><\/li>\n<\/ul>\n\n\n\n<p class=\"wp-block-paragraph\"><\/p>\n\n\n\n<p class=\"wp-block-paragraph\">Evento presencial, 8 mesas de mundo de tinieblas,&nbsp;4 cupos por mesa:<\/p>\n\n\n\n<ul class=\"wp-block-list\">\n<li><strong>El \u00daltimo Refugio \/&nbsp;Cazador: La Venganza (5ta Edici\u00f3n) &#8211;&nbsp;<\/strong>Narrado por Christian Galarce<strong>.<\/strong><\/li>\n\n\n\n<li><strong>Entre el Humo y las Cenizas&nbsp;\/ Changeling: El Ensue\u00f1o (20 Aniversario) &#8211;&nbsp;<\/strong>Narrado por Matias M. Pizarro.<\/li>\n\n\n\n<li><strong>Venganza \/ Vampiro La Mascarada (5ta edici\u00f3n)<\/strong>&nbsp;&#8211; Narrado por Claudio Artigas<strong>.<\/strong><\/li>\n\n\n\n<li><strong>Sangre, Muerte y Pesadillas \/ Vampiro La Mascarada (5ta edici\u00f3n)<\/strong>&nbsp;&#8211; Narrado por Maximiliano Ramirez<strong>.<\/strong><\/li>\n\n\n\n<li><strong>Rojo Amanecer \/ Vampiro La Mascarada (5ta edici\u00f3n)<\/strong>&nbsp;&#8211; Narrado por Pablo Caniulao<strong>.<\/strong><\/li>\n\n\n\n<li><strong>El Precio de la Medianoche \/ Vampiro La Mascarada (5ta edici\u00f3n)<\/strong>&nbsp;&#8211; Narrado por Nicolas Bustamante<strong>.<\/strong><\/li>\n\n\n\n<li><strong>La noche que la Magia se detuvo \/ Mago: La Ascensi\u00f3n (20 Aniversario) &#8211;&nbsp;<\/strong>Narrado por&nbsp;Gabriel Segura<strong>.<\/strong><\/li>\n\n\n\n<li><strong>Otra noche de Trabajo \/&nbsp;Mago: La Ascensi\u00f3n (20 Aniversario) &#8211;&nbsp;<\/strong>Narrado por&nbsp;Guillermo Quiroz.<\/li>\n<\/ul>\n\n\n\n<p class=\"wp-block-paragraph\"><\/p>\n\n\n\n<p class=\"wp-block-paragraph\">Revisa los cupos y elige tu mesa antes que se acaben.<\/p>\n\n\n\n<div class=\"wp-block-buttons is-layout-flex wp-block-buttons-is-layout-flex\">\n<div class=\"wp-block-button is-style-outline is-style-outline--1\"><a class=\"wp-block-button__link wp-element-button\" href=\"https:\/\/docs.google.com\/forms\/d\/e\/1FAIpQLScMLx5cP8UcHYdgxHnAwIWMAHBHZCZINi9JBBfuwz6SZYCXzA\/viewform?usp=header\" target=\"_blank\" rel=\"noreferrer noopener\">Inscr\u00edbete aqu\u00ed<\/a><\/div>\n<\/div>\n\n\n\n<div style=\"height:100px\" aria-hidden=\"true\" class=\"wp-block-spacer\"><\/div>\n\n\n\n<div class=\"wp-block-jetpack-slideshow aligncenter is-style-rectangular\" data-effect=\"slide\"><div class=\"wp-block-jetpack-slideshow_container swiper\"><ul class=\"wp-block-jetpack-slideshow_swiper-wrapper swiper-wrapper\"><li class=\"wp-block-jetpack-slideshow_slide swiper-slide\"><figure><img fetchpriority=\"high\" decoding=\"async\" width=\"819\" height=\"1024\" alt=\"\" class=\"wp-block-jetpack-slideshow_image wp-image-7007\" data-id=\"7007\" src=\"https:\/\/chileentinieblas.cl\/wp-content\/uploads\/2025\/10\/1-Portada-819x1024.jpg\" srcset=\"https:\/\/chileentinieblas.cl\/wp-content\/uploads\/2025\/10\/1-Portada-819x1024.jpg 819w, https:\/\/chileentinieblas.cl\/wp-content\/uploads\/2025\/10\/1-Portada-240x300.jpg 240w, https:\/\/chileentinieblas.cl\/wp-content\/uploads\/2025\/10\/1-Portada-768x960.jpg 768w, https:\/\/chileentinieblas.cl\/wp-content\/uploads\/2025\/10\/1-Portada-10x12.jpg 10w, https:\/\/chileentinieblas.cl\/wp-content\/uploads\/2025\/10\/1-Portada.jpg 1080w\" sizes=\"(max-width: 819px) 100vw, 819px\" \/><\/figure><\/li><li class=\"wp-block-jetpack-slideshow_slide swiper-slide\"><figure><img decoding=\"async\" width=\"819\" height=\"1024\" alt=\"\" class=\"wp-block-jetpack-slideshow_image wp-image-7008\" data-id=\"7008\" src=\"https:\/\/chileentinieblas.cl\/wp-content\/uploads\/2025\/10\/3-Entre-el-humo-y-las-cenizas-819x1024.jpg\" srcset=\"https:\/\/chileentinieblas.cl\/wp-content\/uploads\/2025\/10\/3-Entre-el-humo-y-las-cenizas-819x1024.jpg 819w, https:\/\/chileentinieblas.cl\/wp-content\/uploads\/2025\/10\/3-Entre-el-humo-y-las-cenizas-240x300.jpg 240w, https:\/\/chileentinieblas.cl\/wp-content\/uploads\/2025\/10\/3-Entre-el-humo-y-las-cenizas-768x960.jpg 768w, https:\/\/chileentinieblas.cl\/wp-content\/uploads\/2025\/10\/3-Entre-el-humo-y-las-cenizas-10x12.jpg 10w, https:\/\/chileentinieblas.cl\/wp-content\/uploads\/2025\/10\/3-Entre-el-humo-y-las-cenizas.jpg 1080w\" sizes=\"(max-width: 819px) 100vw, 819px\" \/><\/figure><\/li><li class=\"wp-block-jetpack-slideshow_slide swiper-slide\"><figure><img decoding=\"async\" width=\"819\" height=\"1024\" alt=\"\" class=\"wp-block-jetpack-slideshow_image wp-image-7009\" data-id=\"7009\" src=\"https:\/\/chileentinieblas.cl\/wp-content\/uploads\/2025\/10\/4-Otra-noche-de-trabajo-819x1024.jpg\" srcset=\"https:\/\/chileentinieblas.cl\/wp-content\/uploads\/2025\/10\/4-Otra-noche-de-trabajo-819x1024.jpg 819w, https:\/\/chileentinieblas.cl\/wp-content\/uploads\/2025\/10\/4-Otra-noche-de-trabajo-240x300.jpg 240w, https:\/\/chileentinieblas.cl\/wp-content\/uploads\/2025\/10\/4-Otra-noche-de-trabajo-768x960.jpg 768w, https:\/\/chileentinieblas.cl\/wp-content\/uploads\/2025\/10\/4-Otra-noche-de-trabajo-10x12.jpg 10w, https:\/\/chileentinieblas.cl\/wp-content\/uploads\/2025\/10\/4-Otra-noche-de-trabajo.jpg 1080w\" sizes=\"(max-width: 819px) 100vw, 819px\" \/><\/figure><\/li><li class=\"wp-block-jetpack-slideshow_slide swiper-slide\"><figure><img loading=\"lazy\" decoding=\"async\" width=\"819\" height=\"1024\" alt=\"\" class=\"wp-block-jetpack-slideshow_image wp-image-7010\" data-id=\"7010\" src=\"https:\/\/chileentinieblas.cl\/wp-content\/uploads\/2025\/10\/6-Sangre-Muerte-y-Pesadillas-819x1024.jpg\" srcset=\"https:\/\/chileentinieblas.cl\/wp-content\/uploads\/2025\/10\/6-Sangre-Muerte-y-Pesadillas-819x1024.jpg 819w, https:\/\/chileentinieblas.cl\/wp-content\/uploads\/2025\/10\/6-Sangre-Muerte-y-Pesadillas-240x300.jpg 240w, https:\/\/chileentinieblas.cl\/wp-content\/uploads\/2025\/10\/6-Sangre-Muerte-y-Pesadillas-768x960.jpg 768w, https:\/\/chileentinieblas.cl\/wp-content\/uploads\/2025\/10\/6-Sangre-Muerte-y-Pesadillas-10x12.jpg 10w, https:\/\/chileentinieblas.cl\/wp-content\/uploads\/2025\/10\/6-Sangre-Muerte-y-Pesadillas.jpg 1080w\" sizes=\"(max-width: 819px) 100vw, 819px\" \/><\/figure><\/li><li class=\"wp-block-jetpack-slideshow_slide swiper-slide\"><figure><img loading=\"lazy\" decoding=\"async\" width=\"819\" height=\"1024\" alt=\"\" class=\"wp-block-jetpack-slideshow_image wp-image-7011\" data-id=\"7011\" src=\"https:\/\/chileentinieblas.cl\/wp-content\/uploads\/2025\/10\/5-La-noche-que-la-magia-se-detuvo-819x1024.jpg\" srcset=\"https:\/\/chileentinieblas.cl\/wp-content\/uploads\/2025\/10\/5-La-noche-que-la-magia-se-detuvo-819x1024.jpg 819w, https:\/\/chileentinieblas.cl\/wp-content\/uploads\/2025\/10\/5-La-noche-que-la-magia-se-detuvo-240x300.jpg 240w, https:\/\/chileentinieblas.cl\/wp-content\/uploads\/2025\/10\/5-La-noche-que-la-magia-se-detuvo-768x960.jpg 768w, https:\/\/chileentinieblas.cl\/wp-content\/uploads\/2025\/10\/5-La-noche-que-la-magia-se-detuvo-10x12.jpg 10w, https:\/\/chileentinieblas.cl\/wp-content\/uploads\/2025\/10\/5-La-noche-que-la-magia-se-detuvo.jpg 1080w\" sizes=\"(max-width: 819px) 100vw, 819px\" \/><\/figure><\/li><li class=\"wp-block-jetpack-slideshow_slide swiper-slide\"><figure><img loading=\"lazy\" decoding=\"async\" width=\"819\" height=\"1024\" alt=\"\" class=\"wp-block-jetpack-slideshow_image wp-image-7013\" data-id=\"7013\" src=\"https:\/\/chileentinieblas.cl\/wp-content\/uploads\/2025\/10\/7-Venganza-819x1024.jpg\" srcset=\"https:\/\/chileentinieblas.cl\/wp-content\/uploads\/2025\/10\/7-Venganza-819x1024.jpg 819w, https:\/\/chileentinieblas.cl\/wp-content\/uploads\/2025\/10\/7-Venganza-240x300.jpg 240w, https:\/\/chileentinieblas.cl\/wp-content\/uploads\/2025\/10\/7-Venganza-768x960.jpg 768w, https:\/\/chileentinieblas.cl\/wp-content\/uploads\/2025\/10\/7-Venganza-10x12.jpg 10w, https:\/\/chileentinieblas.cl\/wp-content\/uploads\/2025\/10\/7-Venganza.jpg 1080w\" sizes=\"(max-width: 819px) 100vw, 819px\" \/><\/figure><\/li><li class=\"wp-block-jetpack-slideshow_slide swiper-slide\"><figure><img loading=\"lazy\" decoding=\"async\" width=\"819\" height=\"1024\" alt=\"\" class=\"wp-block-jetpack-slideshow_image wp-image-7015\" data-id=\"7015\" src=\"https:\/\/chileentinieblas.cl\/wp-content\/uploads\/2025\/10\/2-El-Ultimo-Refugio-819x1024.jpg\" srcset=\"https:\/\/chileentinieblas.cl\/wp-content\/uploads\/2025\/10\/2-El-Ultimo-Refugio-819x1024.jpg 819w, https:\/\/chileentinieblas.cl\/wp-content\/uploads\/2025\/10\/2-El-Ultimo-Refugio-240x300.jpg 240w, https:\/\/chileentinieblas.cl\/wp-content\/uploads\/2025\/10\/2-El-Ultimo-Refugio-768x960.jpg 768w, https:\/\/chileentinieblas.cl\/wp-content\/uploads\/2025\/10\/2-El-Ultimo-Refugio-10x12.jpg 10w, https:\/\/chileentinieblas.cl\/wp-content\/uploads\/2025\/10\/2-El-Ultimo-Refugio.jpg 1080w\" sizes=\"(max-width: 819px) 100vw, 819px\" \/><\/figure><\/li><li class=\"wp-block-jetpack-slideshow_slide swiper-slide\"><figure><img loading=\"lazy\" decoding=\"async\" width=\"819\" height=\"1024\" alt=\"\" class=\"wp-block-jetpack-slideshow_image wp-image-7014\" data-id=\"7014\" src=\"https:\/\/chileentinieblas.cl\/wp-content\/uploads\/2025\/10\/8-El-Precio-de-medianoche-819x1024.jpg\" srcset=\"https:\/\/chileentinieblas.cl\/wp-content\/uploads\/2025\/10\/8-El-Precio-de-medianoche-819x1024.jpg 819w, https:\/\/chileentinieblas.cl\/wp-content\/uploads\/2025\/10\/8-El-Precio-de-medianoche-240x300.jpg 240w, https:\/\/chileentinieblas.cl\/wp-content\/uploads\/2025\/10\/8-El-Precio-de-medianoche-768x960.jpg 768w, https:\/\/chileentinieblas.cl\/wp-content\/uploads\/2025\/10\/8-El-Precio-de-medianoche-10x12.jpg 10w, https:\/\/chileentinieblas.cl\/wp-content\/uploads\/2025\/10\/8-El-Precio-de-medianoche.jpg 1080w\" sizes=\"(max-width: 819px) 100vw, 819px\" \/><\/figure><\/li><li class=\"wp-block-jetpack-slideshow_slide swiper-slide\"><figure><img loading=\"lazy\" decoding=\"async\" width=\"819\" height=\"1024\" alt=\"\" class=\"wp-block-jetpack-slideshow_image wp-image-7012\" data-id=\"7012\" src=\"https:\/\/chileentinieblas.cl\/wp-content\/uploads\/2025\/10\/9-Amanecer-Rojo-819x1024.jpg\" srcset=\"https:\/\/chileentinieblas.cl\/wp-content\/uploads\/2025\/10\/9-Amanecer-Rojo-819x1024.jpg 819w, https:\/\/chileentinieblas.cl\/wp-content\/uploads\/2025\/10\/9-Amanecer-Rojo-240x300.jpg 240w, https:\/\/chileentinieblas.cl\/wp-content\/uploads\/2025\/10\/9-Amanecer-Rojo-768x960.jpg 768w, https:\/\/chileentinieblas.cl\/wp-content\/uploads\/2025\/10\/9-Amanecer-Rojo-10x12.jpg 10w, https:\/\/chileentinieblas.cl\/wp-content\/uploads\/2025\/10\/9-Amanecer-Rojo.jpg 1080w\" sizes=\"(max-width: 819px) 100vw, 819px\" \/><\/figure><\/li><\/ul><a class=\"wp-block-jetpack-slideshow_button-prev swiper-button-prev swiper-button-white\" role=\"button\"><\/a><a class=\"wp-block-jetpack-slideshow_button-next swiper-button-next swiper-button-white\" role=\"button\"><\/a><a aria-label=\"Pause Slideshow\" class=\"wp-block-jetpack-slideshow_button-pause\" role=\"button\"><\/a><div class=\"wp-block-jetpack-slideshow_pagination swiper-pagination swiper-pagination-white\"><\/div><\/div><\/div>\n\n\n\n<p class=\"wp-block-paragraph\"><\/p>","protected":false},"excerpt":{"rendered":"<p>El enemigo tuvo su noche, nosotros tenemos un plan.<br \/>\nRevisa m\u00e1s informaci\u00f3n del pr\u00f3ximo evento de Halloween que tendremos este 2025.<\/p>","protected":false},"author":1,"featured_media":7022,"comment_status":"open","ping_status":"open","sticky":false,"template":"","format":"standard","meta":{"_acf_changed":false,"inline_featured_image":false,"_monsterinsights_skip_tracking":false,"_jetpack_newsletter_access":"","_jetpack_dont_email_post_to_subs":false,"_jetpack_newsletter_tier_id":0,"_jetpack_memberships_contains_paywalled_content":false,"fifu_image_url":"","fifu_image_alt":"","_jetpack_feature_clip_id":0,"_jetpack_memberships_contains_paid_content":false,"footnotes":"","jetpack_post_was_ever_published":false},"categories":[133],"tags":[120],"juego":[],"class_list":["post-7003","post","type-post","status-publish","format-standard","has-post-thumbnail","hentry","category-eventos","tag-crossover"],"acf":[],"yoast_head":"<!-- This site is optimized with the Yoast SEO plugin v28.4 - https:\/\/yoast.com\/product\/yoast-seo-wordpress\/ -->\n<title>Evento: Sobre las cenizas rojas - Chile en Tinieblas<\/title>\n<meta name=\"robots\" content=\"index, follow, max-snippet:-1, max-image-preview:large, max-video-preview:-1\" \/>\n<link rel=\"canonical\" href=\"https:\/\/chileentinieblas.cl\/en\/evento-sobre-las-cenizas-rojas\/\" \/>\n<meta property=\"og:locale\" content=\"en_US\" \/>\n<meta property=\"og:type\" content=\"article\" \/>\n<meta property=\"og:title\" content=\"Evento: Sobre las cenizas rojas - Chile en Tinieblas\" \/>\n<meta property=\"og:description\" content=\"El enemigo tuvo su noche, nosotros tenemos un plan. Revisa m\u00e1s informaci\u00f3n del pr\u00f3ximo evento de Halloween que tendremos este 2025.\" \/>\n<meta property=\"og:url\" content=\"https:\/\/chileentinieblas.cl\/en\/evento-sobre-las-cenizas-rojas\/\" \/>\n<meta property=\"og:site_name\" content=\"Chile en Tinieblas\" \/>\n<meta property=\"article:publisher\" content=\"https:\/\/www.facebook.com\/ChileenTinieblas\" \/>\n<meta property=\"article:published_time\" content=\"2025-10-16T20:43:37+00:00\" \/>\n<meta property=\"article:modified_time\" content=\"2025-10-25T19:20:17+00:00\" \/>\n<meta property=\"og:image\" content=\"https:\/\/chileentinieblas.cl\/wp-content\/uploads\/2025\/10\/Cenizas-fondo-pagina-web-1.png\" \/>\n\t<meta property=\"og:image:width\" content=\"1920\" \/>\n\t<meta property=\"og:image:height\" content=\"500\" \/>\n\t<meta property=\"og:image:type\" content=\"image\/png\" \/>\n<meta name=\"author\" content=\"Control\" \/>\n<meta name=\"twitter:card\" content=\"summary_large_image\" \/>\n<meta name=\"twitter:label1\" content=\"Written by\" \/>\n\t<meta name=\"twitter:data1\" content=\"Control\" \/>\n\t<meta name=\"twitter:label2\" content=\"Est. reading time\" \/>\n\t<meta name=\"twitter:data2\" content=\"3 minutes\" \/>\n<script type=\"application\/ld+json\" class=\"yoast-schema-graph\">{\"@context\":\"https:\\\/\\\/schema.org\",\"@graph\":[{\"@type\":\"Article\",\"@id\":\"https:\\\/\\\/chileentinieblas.cl\\\/evento-sobre-las-cenizas-rojas\\\/#article\",\"isPartOf\":{\"@id\":\"https:\\\/\\\/chileentinieblas.cl\\\/evento-sobre-las-cenizas-rojas\\\/\"},\"author\":{\"name\":\"Control\",\"@id\":\"https:\\\/\\\/chileentinieblas.cl\\\/#\\\/schema\\\/person\\\/ea8aee39744e16ad5c09abf0336c6ad0\"},\"headline\":\"Evento: Sobre las cenizas rojas\",\"datePublished\":\"2025-10-16T20:43:37+00:00\",\"dateModified\":\"2025-10-25T19:20:17+00:00\",\"mainEntityOfPage\":{\"@id\":\"https:\\\/\\\/chileentinieblas.cl\\\/evento-sobre-las-cenizas-rojas\\\/\"},\"wordCount\":242,\"commentCount\":0,\"publisher\":{\"@id\":\"https:\\\/\\\/chileentinieblas.cl\\\/#organization\"},\"image\":{\"@id\":\"https:\\\/\\\/chileentinieblas.cl\\\/evento-sobre-las-cenizas-rojas\\\/#primaryimage\"},\"thumbnailUrl\":\"https:\\\/\\\/chileentinieblas.cl\\\/wp-content\\\/uploads\\\/2025\\\/10\\\/Cenizas-fondo-pagina-web-1.png\",\"keywords\":[\"crossover\"],\"articleSection\":[\"Eventos\"],\"inLanguage\":\"en-US\",\"potentialAction\":[{\"@type\":\"CommentAction\",\"name\":\"Comment\",\"target\":[\"https:\\\/\\\/chileentinieblas.cl\\\/evento-sobre-las-cenizas-rojas\\\/#respond\"]}]},{\"@type\":\"WebPage\",\"@id\":\"https:\\\/\\\/chileentinieblas.cl\\\/evento-sobre-las-cenizas-rojas\\\/\",\"url\":\"https:\\\/\\\/chileentinieblas.cl\\\/evento-sobre-las-cenizas-rojas\\\/\",\"name\":\"Evento: Sobre las cenizas rojas - Chile en Tinieblas\",\"isPartOf\":{\"@id\":\"https:\\\/\\\/chileentinieblas.cl\\\/#website\"},\"primaryImageOfPage\":{\"@id\":\"https:\\\/\\\/chileentinieblas.cl\\\/evento-sobre-las-cenizas-rojas\\\/#primaryimage\"},\"image\":{\"@id\":\"https:\\\/\\\/chileentinieblas.cl\\\/evento-sobre-las-cenizas-rojas\\\/#primaryimage\"},\"thumbnailUrl\":\"https:\\\/\\\/chileentinieblas.cl\\\/wp-content\\\/uploads\\\/2025\\\/10\\\/Cenizas-fondo-pagina-web-1.png\",\"datePublished\":\"2025-10-16T20:43:37+00:00\",\"dateModified\":\"2025-10-25T19:20:17+00:00\",\"breadcrumb\":{\"@id\":\"https:\\\/\\\/chileentinieblas.cl\\\/evento-sobre-las-cenizas-rojas\\\/#breadcrumb\"},\"inLanguage\":\"en-US\",\"potentialAction\":[{\"@type\":\"ReadAction\",\"target\":[\"https:\\\/\\\/chileentinieblas.cl\\\/evento-sobre-las-cenizas-rojas\\\/\"]}]},{\"@type\":\"ImageObject\",\"inLanguage\":\"en-US\",\"@id\":\"https:\\\/\\\/chileentinieblas.cl\\\/evento-sobre-las-cenizas-rojas\\\/#primaryimage\",\"url\":\"https:\\\/\\\/chileentinieblas.cl\\\/wp-content\\\/uploads\\\/2025\\\/10\\\/Cenizas-fondo-pagina-web-1.png\",\"contentUrl\":\"https:\\\/\\\/chileentinieblas.cl\\\/wp-content\\\/uploads\\\/2025\\\/10\\\/Cenizas-fondo-pagina-web-1.png\",\"width\":1920,\"height\":500},{\"@type\":\"BreadcrumbList\",\"@id\":\"https:\\\/\\\/chileentinieblas.cl\\\/evento-sobre-las-cenizas-rojas\\\/#breadcrumb\",\"itemListElement\":[{\"@type\":\"ListItem\",\"position\":1,\"name\":\"Portada\",\"item\":\"https:\\\/\\\/chileentinieblas.cl\\\/\"},{\"@type\":\"ListItem\",\"position\":2,\"name\":\"Evento: Sobre las cenizas rojas\"}]},{\"@type\":\"WebSite\",\"@id\":\"https:\\\/\\\/chileentinieblas.cl\\\/#website\",\"url\":\"https:\\\/\\\/chileentinieblas.cl\\\/\",\"name\":\"Chile en Tinieblas\",\"description\":\"Un servidor con mesas de rol de Mundo de Tinieblas\",\"publisher\":{\"@id\":\"https:\\\/\\\/chileentinieblas.cl\\\/#organization\"},\"potentialAction\":[{\"@type\":\"SearchAction\",\"target\":{\"@type\":\"EntryPoint\",\"urlTemplate\":\"https:\\\/\\\/chileentinieblas.cl\\\/?s={search_term_string}\"},\"query-input\":{\"@type\":\"PropertyValueSpecification\",\"valueRequired\":true,\"valueName\":\"search_term_string\"}}],\"inLanguage\":\"en-US\"},{\"@type\":\"Organization\",\"@id\":\"https:\\\/\\\/chileentinieblas.cl\\\/#organization\",\"name\":\"Chile en Tinieblas\",\"url\":\"https:\\\/\\\/chileentinieblas.cl\\\/\",\"logo\":{\"@type\":\"ImageObject\",\"inLanguage\":\"en-US\",\"@id\":\"https:\\\/\\\/chileentinieblas.cl\\\/#\\\/schema\\\/logo\\\/image\\\/\",\"url\":\"https:\\\/\\\/chileentinieblas.cl\\\/wp-content\\\/uploads\\\/2021\\\/12\\\/logo-cet-claro.png\",\"contentUrl\":\"https:\\\/\\\/chileentinieblas.cl\\\/wp-content\\\/uploads\\\/2021\\\/12\\\/logo-cet-claro.png\",\"width\":1001,\"height\":1030,\"caption\":\"Chile en Tinieblas\"},\"image\":{\"@id\":\"https:\\\/\\\/chileentinieblas.cl\\\/#\\\/schema\\\/logo\\\/image\\\/\"},\"sameAs\":[\"https:\\\/\\\/www.facebook.com\\\/ChileenTinieblas\",\"https:\\\/\\\/www.instagram.com\\\/chileentinieblas\\\/\",\"https:\\\/\\\/www.youtube.com\\\/@chileentinieblas\",\"https:\\\/\\\/www.tiktok.com\\\/@chileentinieblas\"]},{\"@type\":\"Person\",\"@id\":\"https:\\\/\\\/chileentinieblas.cl\\\/#\\\/schema\\\/person\\\/ea8aee39744e16ad5c09abf0336c6ad0\",\"name\":\"Control\",\"image\":{\"@type\":\"ImageObject\",\"inLanguage\":\"en-US\",\"@id\":\"https:\\\/\\\/secure.gravatar.com\\\/avatar\\\/1d809a2f4cc7a14d598d85ad3fd62576293519b09f8b157de180e7916f7c7fb7?s=96&d=mm&r=g\",\"url\":\"https:\\\/\\\/secure.gravatar.com\\\/avatar\\\/1d809a2f4cc7a14d598d85ad3fd62576293519b09f8b157de180e7916f7c7fb7?s=96&d=mm&r=g\",\"contentUrl\":\"https:\\\/\\\/secure.gravatar.com\\\/avatar\\\/1d809a2f4cc7a14d598d85ad3fd62576293519b09f8b157de180e7916f7c7fb7?s=96&d=mm&r=g\",\"caption\":\"Control\"},\"sameAs\":[\"http:\\\/\\\/chileentinieblas.cl\"],\"url\":\"https:\\\/\\\/chileentinieblas.cl\\\/en\\\/author\\\/control\\\/\"}]}<\/script>\n<!-- \/ Yoast SEO plugin. -->","yoast_head_json":{"title":"Evento: Sobre las cenizas rojas - Chile en Tinieblas","robots":{"index":"index","follow":"follow","max-snippet":"max-snippet:-1","max-image-preview":"max-image-preview:large","max-video-preview":"max-video-preview:-1"},"canonical":"https:\/\/chileentinieblas.cl\/en\/evento-sobre-las-cenizas-rojas\/","og_locale":"en_US","og_type":"article","og_title":"Evento: Sobre las cenizas rojas - Chile en Tinieblas","og_description":"El enemigo tuvo su noche, nosotros tenemos un plan. Revisa m\u00e1s informaci\u00f3n del pr\u00f3ximo evento de Halloween que tendremos este 2025.","og_url":"https:\/\/chileentinieblas.cl\/en\/evento-sobre-las-cenizas-rojas\/","og_site_name":"Chile en Tinieblas","article_publisher":"https:\/\/www.facebook.com\/ChileenTinieblas","article_published_time":"2025-10-16T20:43:37+00:00","article_modified_time":"2025-10-25T19:20:17+00:00","og_image":[{"width":1920,"height":500,"url":"https:\/\/chileentinieblas.cl\/wp-content\/uploads\/2025\/10\/Cenizas-fondo-pagina-web-1.png","type":"image\/png"}],"author":"Control","twitter_card":"summary_large_image","twitter_misc":{"Written by":"Control","Est. reading time":"3 minutes"},"schema":{"@context":"https:\/\/schema.org","@graph":[{"@type":"Article","@id":"https:\/\/chileentinieblas.cl\/evento-sobre-las-cenizas-rojas\/#article","isPartOf":{"@id":"https:\/\/chileentinieblas.cl\/evento-sobre-las-cenizas-rojas\/"},"author":{"name":"Control","@id":"https:\/\/chileentinieblas.cl\/#\/schema\/person\/ea8aee39744e16ad5c09abf0336c6ad0"},"headline":"Evento: Sobre las cenizas rojas","datePublished":"2025-10-16T20:43:37+00:00","dateModified":"2025-10-25T19:20:17+00:00","mainEntityOfPage":{"@id":"https:\/\/chileentinieblas.cl\/evento-sobre-las-cenizas-rojas\/"},"wordCount":242,"commentCount":0,"publisher":{"@id":"https:\/\/chileentinieblas.cl\/#organization"},"image":{"@id":"https:\/\/chileentinieblas.cl\/evento-sobre-las-cenizas-rojas\/#primaryimage"},"thumbnailUrl":"https:\/\/chileentinieblas.cl\/wp-content\/uploads\/2025\/10\/Cenizas-fondo-pagina-web-1.png","keywords":["crossover"],"articleSection":["Eventos"],"inLanguage":"en-US","potentialAction":[{"@type":"CommentAction","name":"Comment","target":["https:\/\/chileentinieblas.cl\/evento-sobre-las-cenizas-rojas\/#respond"]}]},{"@type":"WebPage","@id":"https:\/\/chileentinieblas.cl\/evento-sobre-las-cenizas-rojas\/","url":"https:\/\/chileentinieblas.cl\/evento-sobre-las-cenizas-rojas\/","name":"Evento: Sobre las cenizas rojas - Chile en Tinieblas","isPartOf":{"@id":"https:\/\/chileentinieblas.cl\/#website"},"primaryImageOfPage":{"@id":"https:\/\/chileentinieblas.cl\/evento-sobre-las-cenizas-rojas\/#primaryimage"},"image":{"@id":"https:\/\/chileentinieblas.cl\/evento-sobre-las-cenizas-rojas\/#primaryimage"},"thumbnailUrl":"https:\/\/chileentinieblas.cl\/wp-content\/uploads\/2025\/10\/Cenizas-fondo-pagina-web-1.png","datePublished":"2025-10-16T20:43:37+00:00","dateModified":"2025-10-25T19:20:17+00:00","breadcrumb":{"@id":"https:\/\/chileentinieblas.cl\/evento-sobre-las-cenizas-rojas\/#breadcrumb"},"inLanguage":"en-US","potentialAction":[{"@type":"ReadAction","target":["https:\/\/chileentinieblas.cl\/evento-sobre-las-cenizas-rojas\/"]}]},{"@type":"ImageObject","inLanguage":"en-US","@id":"https:\/\/chileentinieblas.cl\/evento-sobre-las-cenizas-rojas\/#primaryimage","url":"https:\/\/chileentinieblas.cl\/wp-content\/uploads\/2025\/10\/Cenizas-fondo-pagina-web-1.png","contentUrl":"https:\/\/chileentinieblas.cl\/wp-content\/uploads\/2025\/10\/Cenizas-fondo-pagina-web-1.png","width":1920,"height":500},{"@type":"BreadcrumbList","@id":"https:\/\/chileentinieblas.cl\/evento-sobre-las-cenizas-rojas\/#breadcrumb","itemListElement":[{"@type":"ListItem","position":1,"name":"Portada","item":"https:\/\/chileentinieblas.cl\/"},{"@type":"ListItem","position":2,"name":"Evento: Sobre las cenizas rojas"}]},{"@type":"WebSite","@id":"https:\/\/chileentinieblas.cl\/#website","url":"https:\/\/chileentinieblas.cl\/","name":"Chile en Tinieblas","description":"Un servidor con mesas de rol de Mundo de Tinieblas","publisher":{"@id":"https:\/\/chileentinieblas.cl\/#organization"},"potentialAction":[{"@type":"SearchAction","target":{"@type":"EntryPoint","urlTemplate":"https:\/\/chileentinieblas.cl\/?s={search_term_string}"},"query-input":{"@type":"PropertyValueSpecification","valueRequired":true,"valueName":"search_term_string"}}],"inLanguage":"en-US"},{"@type":"Organization","@id":"https:\/\/chileentinieblas.cl\/#organization","name":"Chile en Tinieblas","url":"https:\/\/chileentinieblas.cl\/","logo":{"@type":"ImageObject","inLanguage":"en-US","@id":"https:\/\/chileentinieblas.cl\/#\/schema\/logo\/image\/","url":"https:\/\/chileentinieblas.cl\/wp-content\/uploads\/2021\/12\/logo-cet-claro.png","contentUrl":"https:\/\/chileentinieblas.cl\/wp-content\/uploads\/2021\/12\/logo-cet-claro.png","width":1001,"height":1030,"caption":"Chile en Tinieblas"},"image":{"@id":"https:\/\/chileentinieblas.cl\/#\/schema\/logo\/image\/"},"sameAs":["https:\/\/www.facebook.com\/ChileenTinieblas","https:\/\/www.instagram.com\/chileentinieblas\/","https:\/\/www.youtube.com\/@chileentinieblas","https:\/\/www.tiktok.com\/@chileentinieblas"]},{"@type":"Person","@id":"https:\/\/chileentinieblas.cl\/#\/schema\/person\/ea8aee39744e16ad5c09abf0336c6ad0","name":"Control","image":{"@type":"ImageObject","inLanguage":"en-US","@id":"https:\/\/secure.gravatar.com\/avatar\/1d809a2f4cc7a14d598d85ad3fd62576293519b09f8b157de180e7916f7c7fb7?s=96&d=mm&r=g","url":"https:\/\/secure.gravatar.com\/avatar\/1d809a2f4cc7a14d598d85ad3fd62576293519b09f8b157de180e7916f7c7fb7?s=96&d=mm&r=g","contentUrl":"https:\/\/secure.gravatar.com\/avatar\/1d809a2f4cc7a14d598d85ad3fd62576293519b09f8b157de180e7916f7c7fb7?s=96&d=mm&r=g","caption":"Control"},"sameAs":["http:\/\/chileentinieblas.cl"],"url":"https:\/\/chileentinieblas.cl\/en\/author\/control\/"}]}},"jetpack_sharing_enabled":true,"jetpack_featured_media_url":"https:\/\/chileentinieblas.cl\/wp-content\/uploads\/2025\/10\/Cenizas-fondo-pagina-web-1.png","_links":{"self":[{"href":"https:\/\/chileentinieblas.cl\/en\/wp-json\/wp\/v2\/posts\/7003","targetHints":{"allow":["GET"]}}],"collection":[{"href":"https:\/\/chileentinieblas.cl\/en\/wp-json\/wp\/v2\/posts"}],"about":[{"href":"https:\/\/chileentinieblas.cl\/en\/wp-json\/wp\/v2\/types\/post"}],"author":[{"embeddable":true,"href":"https:\/\/chileentinieblas.cl\/en\/wp-json\/wp\/v2\/users\/1"}],"replies":[{"embeddable":true,"href":"https:\/\/chileentinieblas.cl\/en\/wp-json\/wp\/v2\/comments?post=7003"}],"version-history":[{"count":6,"href":"https:\/\/chileentinieblas.cl\/en\/wp-json\/wp\/v2\/posts\/7003\/revisions"}],"predecessor-version":[{"id":7082,"href":"https:\/\/chileentinieblas.cl\/en\/wp-json\/wp\/v2\/posts\/7003\/revisions\/7082"}],"wp:featuredmedia":[{"embeddable":true,"href":"https:\/\/chileentinieblas.cl\/en\/wp-json\/wp\/v2\/media\/7022"}],"wp:attachment":[{"href":"https:\/\/chileentinieblas.cl\/en\/wp-json\/wp\/v2\/media?parent=7003"}],"wp:term":[{"taxonomy":"category","embeddable":true,"href":"https:\/\/chileentinieblas.cl\/en\/wp-json\/wp\/v2\/categories?post=7003"},{"taxonomy":"post_tag","embeddable":true,"href":"https:\/\/chileentinieblas.cl\/en\/wp-json\/wp\/v2\/tags?post=7003"},{"taxonomy":"juego","embeddable":true,"href":"https:\/\/chileentinieblas.cl\/en\/wp-json\/wp\/v2\/juego?post=7003"}],"curies":[{"name":"wp","href":"https:\/\/api.w.org\/{rel}","templated":true}]}}