{"id":6964,"date":"2025-10-29T02:13:21","date_gmt":"2025-10-29T02:13:21","guid":{"rendered":"https:\/\/chileentinieblas.cl\/?p=6964"},"modified":"2025-10-29T14:25:39","modified_gmt":"2025-10-29T14:25:39","slug":"el-llamado-de-la-sangre","status":"publish","type":"post","link":"https:\/\/chileentinieblas.cl\/en\/el-llamado-de-la-sangre\/","title":{"rendered":"El llamado de la sangre"},"content":{"rendered":"<p class=\"wp-block-paragraph\"><em><strong>Crossover: Vampiro &amp; Hombre Lobo<\/strong><\/em> <strong>&#8211; Resumen evento <a href=\"https:\/\/chileentinieblas.cl\/en\/evento-bajo-la-luna-roja\/\">Bajo la Luna Roja<\/a><\/strong><\/p>\n\n\n\n<h2 class=\"wp-block-heading\" id=\"h-el-susurro-de-la-mascara\">El susurro de la m\u00e1scara<\/h2>\n\n\n\n<p class=\"wp-block-paragraph\">Convocados por <strong>Lucky<\/strong>, un Toreador con motivaciones ocultas, <strong>cuatro v\u00e1stagos<\/strong> se reunieron con un objetivo com\u00fan: obtener un <strong>objeto arcano ligado al pasado de los Tremere<\/strong>. Los un\u00eda la sed de poder, venganza y revelaci\u00f3n.<br>Entre ellos:<\/p>\n\n\n\n<ul class=\"wp-block-list\">\n<li><strong>Mara<\/strong>, Tremere y aprendiz de antiguos rituales.<\/li>\n\n\n\n<li><strong>Ayame<\/strong>, Malkavian dividida entre dos conciencias.<\/li>\n\n\n\n<li><strong>El Cuervo<\/strong>, fan\u00e1tico del Ministerio y l\u00edder de una secta secreta.<\/li>\n\n\n\n<li>Y el mismo <strong>Lucky<\/strong>, tejedor de mentiras y estratega de traiciones.<\/li>\n<\/ul>\n\n\n\n<p class=\"wp-block-paragraph\">Gracias a informaci\u00f3n entregada por <strong><a href=\"https:\/\/chileentinieblas.cl\/en\/pnj\/kuyen\/\">Kuy\u00e9n<\/a><\/strong> a trav\u00e9s de su emisaria <strong><a href=\"https:\/\/chileentinieblas.cl\/en\/pnj\/alondra-jara\/\">Alondra Jara<\/a><\/strong>, el grupo supo que <strong>algunos Garou conoc\u00edan m\u00e1s sobre el objeto<\/strong>. A pesar de la tensi\u00f3n, lograron entablar comunicaci\u00f3n con ellos mencionando un nombre clave: <strong>\u201c<a href=\"https:\/\/chileentinieblas.cl\/en\/pnj\/verde\/\">Verde<\/a>\u201d<\/strong>.<\/p>\n\n\n\n<h2 class=\"wp-block-heading\" id=\"h-bajo-la-universidad-y-dentro-del-espejo\">Bajo la universidad y dentro del espejo<\/h2>\n\n\n\n<p class=\"wp-block-paragraph\">Guiados por Mara, llegaron a <strong>unas ruinas bajo la Universidad Adolfo Ib\u00e1\u00f1ez<\/strong>, donde hallaron un libro en lat\u00edn. El Cuervo lo sinti\u00f3 como un llamado, pero fue Mara quien lo ley\u00f3, entregando falsas pistas que indicaban que solo podr\u00edan abrirse durante la <strong>luna roja<\/strong>.<\/p>\n\n\n\n<p class=\"wp-block-paragraph\">Lo que sigui\u00f3 fue un descenso hacia lo prohibido:<\/p>\n\n\n\n<ul class=\"wp-block-list\">\n<li>Una galer\u00eda de <strong>espejos ilusorios<\/strong> que los enfrent\u00f3 con sus identidades ocultas.<\/li>\n\n\n\n<li>Una prueba de <strong>sacrificio humano<\/strong>, donde debieron elegir entre vidas inocentes atadas a su pasado.<\/li>\n\n\n\n<li>Un ritual de <strong>sangre generacional<\/strong>, donde deb\u00edan alimentar estatuas vamp\u00edricas desde los Sangre D\u00e9bil hasta los Matusal\u00e9n.<\/li>\n<\/ul>\n\n\n\n<p class=\"wp-block-paragraph\">Cayeron en una trampa arcana: no estaban resolviendo un acertijo, sino que <strong>alimentando un ritual oculto<\/strong>. En la <strong>C\u00e1mara del Abrazo Fracturado<\/strong>, activaron un antiguo rito que buscaba <strong>revivir a un Antiguo vampiro<\/strong>.<\/p>\n\n\n\n<h2 class=\"wp-block-heading\" id=\"h-el-despertar-de-lo-sellado\">El despertar de lo sellado<\/h2>\n\n\n\n<p class=\"wp-block-paragraph\">Tras abrir la siguiente compuerta, la coterie cay\u00f3 en una visi\u00f3n de <strong><a href=\"https:\/\/chileentinieblas.cl\/en\/agrupaciones\/historia-del-clan-tremere\/\">Frederick Muller<\/a> firmando un contrato con un demonio al que llam\u00f3 &#8220;Antumael<\/strong>&#8220;. Al despertar los v\u00e1stagos se encontraron separados, cada uno encerrado en una habitaci\u00f3n diferente. Para escapar, debieron confesar un secreto profundo, entregando no solo sangre, sino parte de su alma.<\/p>\n\n\n\n<p class=\"wp-block-paragraph\">Finalmente, en una <strong>cripta tallada en piedra negra<\/strong>, hallaron una criatura suspendida en el aire, mutilada y viva. La asesinaron sin vacilar, abriendo una nueva sala ritual. All\u00ed, sacrificaron a la vampira renacida con el <strong>B\u00e1lsamo de Bathory<\/strong>, completando el rito.<\/p>\n\n\n\n<p class=\"wp-block-paragraph\">El objeto emergi\u00f3 del altar:<br><strong>La M\u00e1scara Infernalista<\/strong>. Viva. Palpitante. Despierta.<\/p>\n\n\n\n<h2 class=\"wp-block-heading\" id=\"h-bajo-el-mismo-cielo-rojo\">Bajo el mismo cielo rojo<\/h2>\n\n\n\n<p class=\"wp-block-paragraph\">Mientras tanto, hab\u00eda pasado un mes desde que <strong>la manada Garou \u201cHijos de la Luna\u201d<\/strong> descubriera que sus seres queridos hab\u00edan sido <strong>secuestrados por <a href=\"https:\/\/chileentinieblas.cl\/en\/pnj\/barnabas-smith\/\">Barnabas Smith<\/a><\/strong>, un v\u00e1stago de la Camarilla, hasta que esa noche por primera vez recibieran una pista de su ubicaci\u00f3n gracias a un contacto que ten\u00edan entre los v\u00e1stagos anarquistas. Guiados por <strong>Teratr0n<\/strong>, un Despertado digital que viaja con ellos a trav\u00e9s de sus celulares, llegaron a <strong>Pe\u00f1alol\u00e9n<\/strong> para encontrarse con los anarquistas a cambio de esa informaci\u00f3n. A cambio, entregaron datos sobre unas ruinas bajo la Universidad Adolfo Ib\u00e1\u00f1ez\u2026 sin saber que formaban parte del mismo rompecabezas.<\/p>\n\n\n\n<h2 class=\"wp-block-heading\" id=\"h-trampa-en-lo-alto\">Trampa en lo alto<\/h2>\n\n\n\n<p class=\"wp-block-paragraph\">La informaci\u00f3n los llev\u00f3 a un <strong>complejo habitacional<\/strong>, pero era una <strong>trampa perfectamente montada<\/strong>:<\/p>\n\n\n\n<ul class=\"wp-block-list\">\n<li><strong>Francotiradores con balas de plata<\/strong>.<\/li>\n\n\n\n<li><strong>C\u00edrculos de contenci\u00f3n<\/strong>.<\/li>\n\n\n\n<li><strong>Vampiros preparados para la guerra<\/strong>.<\/li>\n<\/ul>\n\n\n\n<p class=\"wp-block-paragraph\">En una brutal batalla en los techos, <strong>el Galliard &#8220;Rom\u00e1ntico Viajero&#8221; aull\u00f3 la victoria<\/strong>, mientras <strong>Compa\u00f1era Victoria<\/strong> era salvada de una ejecuci\u00f3n gracias al sacrificio de uno de sus aliados.<\/p>\n\n\n\n<p class=\"wp-block-paragraph\">Dentro del edificio central, hallaron a las mujeres desaparecidas. Pero algo estaba mal: no quer\u00edan ser rescatadas, una ya <strong>hab\u00eda sido abrazada<\/strong>, y las otras eran <strong>Ghouls<\/strong> profundamente ligadas a Barnabas.<\/p>\n\n\n\n<h2 class=\"wp-block-heading\" id=\"h-cruces-imposibles\">Cruces imposibles<\/h2>\n\n\n\n<p class=\"wp-block-paragraph\">El combate final fue confuso, devastador. <strong>Una bomba espiritual<\/strong> abri\u00f3 la ruta de escape. <strong>Kapuxa<\/strong>, el Alfa, lanz\u00f3 a la manada por la ventana con las v\u00edctimas a cuestas. Teratr0n abri\u00f3 un <strong>portal de emergencia<\/strong> directamente hacia los anarquistas que los hab\u00edan ayudado, logrando todos escapar.<\/p>\n\n\n\n<p class=\"wp-block-paragraph\">Al llegar, los v\u00e1stagos les ayudaron a romper el v\u00ednculo de sangre de las Ghouls, pero la reci\u00e9n abrazada no ten\u00eda vuelta atr\u00e1s. Compa\u00f1era Victoria, prima de la reci\u00e9n abrazada vampiro, le entrega con dolor a su querida prima a <strong>Ayame<\/strong>, la malkavian que los ayud\u00f3 previamente, quien prometi\u00f3 guiarla en su nueva existencia.<\/p>\n\n\n\n<h2 class=\"wp-block-heading\" id=\"h-el-precio-oculto\">El precio oculto<\/h2>\n\n\n\n<p class=\"wp-block-paragraph\">La manada regres\u00f3 al t\u00famulo, los v\u00e1stagos regresaron a sus dominios, la M\u00e1scara ya estaba en movimiento y Ayame entreg\u00f3 en secreto a <strong><a href=\"https:\/\/chileentinieblas.cl\/en\/agrupaciones\/la-sociedad-del-octubre-negro\/\">la Sociedad del Octubre Negro<\/a><\/strong> a su reciente protegida.<\/p>\n\n\n\n<p class=\"wp-block-paragraph\">En el centro de todo, <strong>la luna roja<\/strong> marcaba un nuevo ciclo de conspiraci\u00f3n, p\u00e9rdida y traici\u00f3n.<br><strong>V\u00e1stagos y Garou, creyendo actuar por separado, hab\u00edan sido piezas en un tablero que no entend\u00edan del todo.<\/strong><\/p>\n\n\n\n<p class=\"wp-block-paragraph\">Y ahora\u2026 <strong>ya no hab\u00eda vuelta atr\u00e1s.<\/strong><\/p>","protected":false},"excerpt":{"rendered":"<p>Crossover: Vampiro &#038; Hombre Lobo \u2013 Resumen del evento Bajo la Luna Roja<\/p>","protected":false},"author":32,"featured_media":7104,"comment_status":"open","ping_status":"open","sticky":false,"template":"","format":"standard","meta":{"_acf_changed":false,"inline_featured_image":false,"_monsterinsights_skip_tracking":false,"_jetpack_newsletter_access":"","_jetpack_dont_email_post_to_subs":false,"_jetpack_newsletter_tier_id":0,"_jetpack_memberships_contains_paywalled_content":false,"fifu_image_url":"","fifu_image_alt":"","_jetpack_feature_clip_id":0,"_jetpack_memberships_contains_paid_content":false,"footnotes":"","jetpack_post_was_ever_published":false},"categories":[134],"tags":[208,99],"juego":[105,84],"class_list":["post-6964","post","type-post","status-publish","format-standard","has-post-thumbnail","hentry","category-historias","tag-hombre-lobo","tag-vampiro-la-mascarada","juego-hombre-lobo-el-apocalipsis","juego-vampiro-la-mascarada"],"acf":[],"yoast_head":"<!-- This site is optimized with the Yoast SEO plugin v28.4 - https:\/\/yoast.com\/product\/yoast-seo-wordpress\/ -->\n<title>El llamado de la sangre - Chile en Tinieblas<\/title>\n<meta name=\"robots\" content=\"index, follow, max-snippet:-1, max-image-preview:large, max-video-preview:-1\" \/>\n<link rel=\"canonical\" href=\"https:\/\/chileentinieblas.cl\/en\/el-llamado-de-la-sangre\/\" \/>\n<meta property=\"og:locale\" content=\"en_US\" \/>\n<meta property=\"og:type\" content=\"article\" \/>\n<meta property=\"og:title\" content=\"El llamado de la sangre - Chile en Tinieblas\" \/>\n<meta property=\"og:description\" content=\"Crossover: Vampiro &amp; Hombre Lobo \u2013 Resumen del evento Bajo la Luna Roja\" \/>\n<meta property=\"og:url\" content=\"https:\/\/chileentinieblas.cl\/en\/el-llamado-de-la-sangre\/\" \/>\n<meta property=\"og:site_name\" content=\"Chile en Tinieblas\" \/>\n<meta property=\"article:publisher\" content=\"https:\/\/www.facebook.com\/ChileenTinieblas\" \/>\n<meta property=\"article:published_time\" content=\"2025-10-29T02:13:21+00:00\" \/>\n<meta property=\"article:modified_time\" content=\"2025-10-29T14:25:39+00:00\" \/>\n<meta property=\"og:image\" content=\"https:\/\/chileentinieblas.cl\/wp-content\/uploads\/2025\/10\/20251028_2311_Luna-y-Cuerpo-Centrado_remix_01k8pvn76aexn962e151qdc9p0.png\" \/>\n\t<meta property=\"og:image:width\" content=\"1536\" \/>\n\t<meta property=\"og:image:height\" content=\"1024\" \/>\n\t<meta property=\"og:image:type\" content=\"image\/png\" \/>\n<meta name=\"author\" content=\"Chile en Tinieblas\" \/>\n<meta name=\"twitter:card\" content=\"summary_large_image\" \/>\n<meta name=\"twitter:label1\" content=\"Written by\" \/>\n\t<meta name=\"twitter:data1\" content=\"Chile en Tinieblas\" \/>\n\t<meta name=\"twitter:label2\" content=\"Est. reading time\" \/>\n\t<meta name=\"twitter:data2\" content=\"4 minutes\" \/>\n<script type=\"application\/ld+json\" class=\"yoast-schema-graph\">{\"@context\":\"https:\\\/\\\/schema.org\",\"@graph\":[{\"@type\":\"Article\",\"@id\":\"https:\\\/\\\/chileentinieblas.cl\\\/el-llamado-de-la-sangre\\\/#article\",\"isPartOf\":{\"@id\":\"https:\\\/\\\/chileentinieblas.cl\\\/el-llamado-de-la-sangre\\\/\"},\"author\":{\"name\":\"Chile en Tinieblas\",\"@id\":\"https:\\\/\\\/chileentinieblas.cl\\\/#\\\/schema\\\/person\\\/dd8aa8c569668ff2f5908cb87ac8d9e6\"},\"headline\":\"El llamado de la sangre\",\"datePublished\":\"2025-10-29T02:13:21+00:00\",\"dateModified\":\"2025-10-29T14:25:39+00:00\",\"mainEntityOfPage\":{\"@id\":\"https:\\\/\\\/chileentinieblas.cl\\\/el-llamado-de-la-sangre\\\/\"},\"wordCount\":828,\"commentCount\":0,\"publisher\":{\"@id\":\"https:\\\/\\\/chileentinieblas.cl\\\/#organization\"},\"image\":{\"@id\":\"https:\\\/\\\/chileentinieblas.cl\\\/el-llamado-de-la-sangre\\\/#primaryimage\"},\"thumbnailUrl\":\"https:\\\/\\\/chileentinieblas.cl\\\/wp-content\\\/uploads\\\/2025\\\/10\\\/20251028_2311_Luna-y-Cuerpo-Centrado_remix_01k8pvn76aexn962e151qdc9p0.png\",\"keywords\":[\"Hombre Lobo\",\"vampiro la mascarada\"],\"articleSection\":[\"Historias\"],\"inLanguage\":\"en-US\",\"potentialAction\":[{\"@type\":\"CommentAction\",\"name\":\"Comment\",\"target\":[\"https:\\\/\\\/chileentinieblas.cl\\\/el-llamado-de-la-sangre\\\/#respond\"]}]},{\"@type\":\"WebPage\",\"@id\":\"https:\\\/\\\/chileentinieblas.cl\\\/el-llamado-de-la-sangre\\\/\",\"url\":\"https:\\\/\\\/chileentinieblas.cl\\\/el-llamado-de-la-sangre\\\/\",\"name\":\"El llamado de la sangre - Chile en Tinieblas\",\"isPartOf\":{\"@id\":\"https:\\\/\\\/chileentinieblas.cl\\\/#website\"},\"primaryImageOfPage\":{\"@id\":\"https:\\\/\\\/chileentinieblas.cl\\\/el-llamado-de-la-sangre\\\/#primaryimage\"},\"image\":{\"@id\":\"https:\\\/\\\/chileentinieblas.cl\\\/el-llamado-de-la-sangre\\\/#primaryimage\"},\"thumbnailUrl\":\"https:\\\/\\\/chileentinieblas.cl\\\/wp-content\\\/uploads\\\/2025\\\/10\\\/20251028_2311_Luna-y-Cuerpo-Centrado_remix_01k8pvn76aexn962e151qdc9p0.png\",\"datePublished\":\"2025-10-29T02:13:21+00:00\",\"dateModified\":\"2025-10-29T14:25:39+00:00\",\"breadcrumb\":{\"@id\":\"https:\\\/\\\/chileentinieblas.cl\\\/el-llamado-de-la-sangre\\\/#breadcrumb\"},\"inLanguage\":\"en-US\",\"potentialAction\":[{\"@type\":\"ReadAction\",\"target\":[\"https:\\\/\\\/chileentinieblas.cl\\\/el-llamado-de-la-sangre\\\/\"]}]},{\"@type\":\"ImageObject\",\"inLanguage\":\"en-US\",\"@id\":\"https:\\\/\\\/chileentinieblas.cl\\\/el-llamado-de-la-sangre\\\/#primaryimage\",\"url\":\"https:\\\/\\\/chileentinieblas.cl\\\/wp-content\\\/uploads\\\/2025\\\/10\\\/20251028_2311_Luna-y-Cuerpo-Centrado_remix_01k8pvn76aexn962e151qdc9p0.png\",\"contentUrl\":\"https:\\\/\\\/chileentinieblas.cl\\\/wp-content\\\/uploads\\\/2025\\\/10\\\/20251028_2311_Luna-y-Cuerpo-Centrado_remix_01k8pvn76aexn962e151qdc9p0.png\",\"width\":1536,\"height\":1024},{\"@type\":\"BreadcrumbList\",\"@id\":\"https:\\\/\\\/chileentinieblas.cl\\\/el-llamado-de-la-sangre\\\/#breadcrumb\",\"itemListElement\":[{\"@type\":\"ListItem\",\"position\":1,\"name\":\"Portada\",\"item\":\"https:\\\/\\\/chileentinieblas.cl\\\/\"},{\"@type\":\"ListItem\",\"position\":2,\"name\":\"El llamado de la sangre\"}]},{\"@type\":\"WebSite\",\"@id\":\"https:\\\/\\\/chileentinieblas.cl\\\/#website\",\"url\":\"https:\\\/\\\/chileentinieblas.cl\\\/\",\"name\":\"Chile en Tinieblas\",\"description\":\"Un servidor con mesas de rol de Mundo de Tinieblas\",\"publisher\":{\"@id\":\"https:\\\/\\\/chileentinieblas.cl\\\/#organization\"},\"potentialAction\":[{\"@type\":\"SearchAction\",\"target\":{\"@type\":\"EntryPoint\",\"urlTemplate\":\"https:\\\/\\\/chileentinieblas.cl\\\/?s={search_term_string}\"},\"query-input\":{\"@type\":\"PropertyValueSpecification\",\"valueRequired\":true,\"valueName\":\"search_term_string\"}}],\"inLanguage\":\"en-US\"},{\"@type\":\"Organization\",\"@id\":\"https:\\\/\\\/chileentinieblas.cl\\\/#organization\",\"name\":\"Chile en Tinieblas\",\"url\":\"https:\\\/\\\/chileentinieblas.cl\\\/\",\"logo\":{\"@type\":\"ImageObject\",\"inLanguage\":\"en-US\",\"@id\":\"https:\\\/\\\/chileentinieblas.cl\\\/#\\\/schema\\\/logo\\\/image\\\/\",\"url\":\"https:\\\/\\\/chileentinieblas.cl\\\/wp-content\\\/uploads\\\/2021\\\/12\\\/logo-cet-claro.png\",\"contentUrl\":\"https:\\\/\\\/chileentinieblas.cl\\\/wp-content\\\/uploads\\\/2021\\\/12\\\/logo-cet-claro.png\",\"width\":1001,\"height\":1030,\"caption\":\"Chile en Tinieblas\"},\"image\":{\"@id\":\"https:\\\/\\\/chileentinieblas.cl\\\/#\\\/schema\\\/logo\\\/image\\\/\"},\"sameAs\":[\"https:\\\/\\\/www.facebook.com\\\/ChileenTinieblas\",\"https:\\\/\\\/www.instagram.com\\\/chileentinieblas\\\/\",\"https:\\\/\\\/www.youtube.com\\\/@chileentinieblas\",\"https:\\\/\\\/www.tiktok.com\\\/@chileentinieblas\"]},{\"@type\":\"Person\",\"@id\":\"https:\\\/\\\/chileentinieblas.cl\\\/#\\\/schema\\\/person\\\/dd8aa8c569668ff2f5908cb87ac8d9e6\",\"name\":\"Chile en Tinieblas\",\"image\":{\"@type\":\"ImageObject\",\"inLanguage\":\"en-US\",\"@id\":\"https:\\\/\\\/secure.gravatar.com\\\/avatar\\\/57a5347dce8fd39709496f367e6b918c3a57f5d0c33f2ae2292f111efee97f7d?s=96&d=mm&r=g\",\"url\":\"https:\\\/\\\/secure.gravatar.com\\\/avatar\\\/57a5347dce8fd39709496f367e6b918c3a57f5d0c33f2ae2292f111efee97f7d?s=96&d=mm&r=g\",\"contentUrl\":\"https:\\\/\\\/secure.gravatar.com\\\/avatar\\\/57a5347dce8fd39709496f367e6b918c3a57f5d0c33f2ae2292f111efee97f7d?s=96&d=mm&r=g\",\"caption\":\"Chile en Tinieblas\"},\"sameAs\":[\"https:\\\/\\\/chileentinieblas.cl\\\/\"],\"url\":\"https:\\\/\\\/chileentinieblas.cl\\\/en\\\/author\\\/chileentinieblas\\\/\"}]}<\/script>\n<!-- \/ Yoast SEO plugin. -->","yoast_head_json":{"title":"El llamado de la sangre - Chile en Tinieblas","robots":{"index":"index","follow":"follow","max-snippet":"max-snippet:-1","max-image-preview":"max-image-preview:large","max-video-preview":"max-video-preview:-1"},"canonical":"https:\/\/chileentinieblas.cl\/en\/el-llamado-de-la-sangre\/","og_locale":"en_US","og_type":"article","og_title":"El llamado de la sangre - Chile en Tinieblas","og_description":"Crossover: Vampiro & Hombre Lobo \u2013 Resumen del evento Bajo la Luna Roja","og_url":"https:\/\/chileentinieblas.cl\/en\/el-llamado-de-la-sangre\/","og_site_name":"Chile en Tinieblas","article_publisher":"https:\/\/www.facebook.com\/ChileenTinieblas","article_published_time":"2025-10-29T02:13:21+00:00","article_modified_time":"2025-10-29T14:25:39+00:00","og_image":[{"width":1536,"height":1024,"url":"https:\/\/chileentinieblas.cl\/wp-content\/uploads\/2025\/10\/20251028_2311_Luna-y-Cuerpo-Centrado_remix_01k8pvn76aexn962e151qdc9p0.png","type":"image\/png"}],"author":"Chile en Tinieblas","twitter_card":"summary_large_image","twitter_misc":{"Written by":"Chile en Tinieblas","Est. reading time":"4 minutes"},"schema":{"@context":"https:\/\/schema.org","@graph":[{"@type":"Article","@id":"https:\/\/chileentinieblas.cl\/el-llamado-de-la-sangre\/#article","isPartOf":{"@id":"https:\/\/chileentinieblas.cl\/el-llamado-de-la-sangre\/"},"author":{"name":"Chile en Tinieblas","@id":"https:\/\/chileentinieblas.cl\/#\/schema\/person\/dd8aa8c569668ff2f5908cb87ac8d9e6"},"headline":"El llamado de la sangre","datePublished":"2025-10-29T02:13:21+00:00","dateModified":"2025-10-29T14:25:39+00:00","mainEntityOfPage":{"@id":"https:\/\/chileentinieblas.cl\/el-llamado-de-la-sangre\/"},"wordCount":828,"commentCount":0,"publisher":{"@id":"https:\/\/chileentinieblas.cl\/#organization"},"image":{"@id":"https:\/\/chileentinieblas.cl\/el-llamado-de-la-sangre\/#primaryimage"},"thumbnailUrl":"https:\/\/chileentinieblas.cl\/wp-content\/uploads\/2025\/10\/20251028_2311_Luna-y-Cuerpo-Centrado_remix_01k8pvn76aexn962e151qdc9p0.png","keywords":["Hombre Lobo","vampiro la mascarada"],"articleSection":["Historias"],"inLanguage":"en-US","potentialAction":[{"@type":"CommentAction","name":"Comment","target":["https:\/\/chileentinieblas.cl\/el-llamado-de-la-sangre\/#respond"]}]},{"@type":"WebPage","@id":"https:\/\/chileentinieblas.cl\/el-llamado-de-la-sangre\/","url":"https:\/\/chileentinieblas.cl\/el-llamado-de-la-sangre\/","name":"El llamado de la sangre - Chile en Tinieblas","isPartOf":{"@id":"https:\/\/chileentinieblas.cl\/#website"},"primaryImageOfPage":{"@id":"https:\/\/chileentinieblas.cl\/el-llamado-de-la-sangre\/#primaryimage"},"image":{"@id":"https:\/\/chileentinieblas.cl\/el-llamado-de-la-sangre\/#primaryimage"},"thumbnailUrl":"https:\/\/chileentinieblas.cl\/wp-content\/uploads\/2025\/10\/20251028_2311_Luna-y-Cuerpo-Centrado_remix_01k8pvn76aexn962e151qdc9p0.png","datePublished":"2025-10-29T02:13:21+00:00","dateModified":"2025-10-29T14:25:39+00:00","breadcrumb":{"@id":"https:\/\/chileentinieblas.cl\/el-llamado-de-la-sangre\/#breadcrumb"},"inLanguage":"en-US","potentialAction":[{"@type":"ReadAction","target":["https:\/\/chileentinieblas.cl\/el-llamado-de-la-sangre\/"]}]},{"@type":"ImageObject","inLanguage":"en-US","@id":"https:\/\/chileentinieblas.cl\/el-llamado-de-la-sangre\/#primaryimage","url":"https:\/\/chileentinieblas.cl\/wp-content\/uploads\/2025\/10\/20251028_2311_Luna-y-Cuerpo-Centrado_remix_01k8pvn76aexn962e151qdc9p0.png","contentUrl":"https:\/\/chileentinieblas.cl\/wp-content\/uploads\/2025\/10\/20251028_2311_Luna-y-Cuerpo-Centrado_remix_01k8pvn76aexn962e151qdc9p0.png","width":1536,"height":1024},{"@type":"BreadcrumbList","@id":"https:\/\/chileentinieblas.cl\/el-llamado-de-la-sangre\/#breadcrumb","itemListElement":[{"@type":"ListItem","position":1,"name":"Portada","item":"https:\/\/chileentinieblas.cl\/"},{"@type":"ListItem","position":2,"name":"El llamado de la sangre"}]},{"@type":"WebSite","@id":"https:\/\/chileentinieblas.cl\/#website","url":"https:\/\/chileentinieblas.cl\/","name":"Chile en Tinieblas","description":"Un servidor con mesas de rol de Mundo de Tinieblas","publisher":{"@id":"https:\/\/chileentinieblas.cl\/#organization"},"potentialAction":[{"@type":"SearchAction","target":{"@type":"EntryPoint","urlTemplate":"https:\/\/chileentinieblas.cl\/?s={search_term_string}"},"query-input":{"@type":"PropertyValueSpecification","valueRequired":true,"valueName":"search_term_string"}}],"inLanguage":"en-US"},{"@type":"Organization","@id":"https:\/\/chileentinieblas.cl\/#organization","name":"Chile en Tinieblas","url":"https:\/\/chileentinieblas.cl\/","logo":{"@type":"ImageObject","inLanguage":"en-US","@id":"https:\/\/chileentinieblas.cl\/#\/schema\/logo\/image\/","url":"https:\/\/chileentinieblas.cl\/wp-content\/uploads\/2021\/12\/logo-cet-claro.png","contentUrl":"https:\/\/chileentinieblas.cl\/wp-content\/uploads\/2021\/12\/logo-cet-claro.png","width":1001,"height":1030,"caption":"Chile en Tinieblas"},"image":{"@id":"https:\/\/chileentinieblas.cl\/#\/schema\/logo\/image\/"},"sameAs":["https:\/\/www.facebook.com\/ChileenTinieblas","https:\/\/www.instagram.com\/chileentinieblas\/","https:\/\/www.youtube.com\/@chileentinieblas","https:\/\/www.tiktok.com\/@chileentinieblas"]},{"@type":"Person","@id":"https:\/\/chileentinieblas.cl\/#\/schema\/person\/dd8aa8c569668ff2f5908cb87ac8d9e6","name":"Chile en Tinieblas","image":{"@type":"ImageObject","inLanguage":"en-US","@id":"https:\/\/secure.gravatar.com\/avatar\/57a5347dce8fd39709496f367e6b918c3a57f5d0c33f2ae2292f111efee97f7d?s=96&d=mm&r=g","url":"https:\/\/secure.gravatar.com\/avatar\/57a5347dce8fd39709496f367e6b918c3a57f5d0c33f2ae2292f111efee97f7d?s=96&d=mm&r=g","contentUrl":"https:\/\/secure.gravatar.com\/avatar\/57a5347dce8fd39709496f367e6b918c3a57f5d0c33f2ae2292f111efee97f7d?s=96&d=mm&r=g","caption":"Chile en Tinieblas"},"sameAs":["https:\/\/chileentinieblas.cl\/"],"url":"https:\/\/chileentinieblas.cl\/en\/author\/chileentinieblas\/"}]}},"jetpack_sharing_enabled":true,"jetpack_featured_media_url":"https:\/\/chileentinieblas.cl\/wp-content\/uploads\/2025\/10\/20251028_2311_Luna-y-Cuerpo-Centrado_remix_01k8pvn76aexn962e151qdc9p0.png","_links":{"self":[{"href":"https:\/\/chileentinieblas.cl\/en\/wp-json\/wp\/v2\/posts\/6964","targetHints":{"allow":["GET"]}}],"collection":[{"href":"https:\/\/chileentinieblas.cl\/en\/wp-json\/wp\/v2\/posts"}],"about":[{"href":"https:\/\/chileentinieblas.cl\/en\/wp-json\/wp\/v2\/types\/post"}],"author":[{"embeddable":true,"href":"https:\/\/chileentinieblas.cl\/en\/wp-json\/wp\/v2\/users\/32"}],"replies":[{"embeddable":true,"href":"https:\/\/chileentinieblas.cl\/en\/wp-json\/wp\/v2\/comments?post=6964"}],"version-history":[{"count":2,"href":"https:\/\/chileentinieblas.cl\/en\/wp-json\/wp\/v2\/posts\/6964\/revisions"}],"predecessor-version":[{"id":7115,"href":"https:\/\/chileentinieblas.cl\/en\/wp-json\/wp\/v2\/posts\/6964\/revisions\/7115"}],"wp:featuredmedia":[{"embeddable":true,"href":"https:\/\/chileentinieblas.cl\/en\/wp-json\/wp\/v2\/media\/7104"}],"wp:attachment":[{"href":"https:\/\/chileentinieblas.cl\/en\/wp-json\/wp\/v2\/media?parent=6964"}],"wp:term":[{"taxonomy":"category","embeddable":true,"href":"https:\/\/chileentinieblas.cl\/en\/wp-json\/wp\/v2\/categories?post=6964"},{"taxonomy":"post_tag","embeddable":true,"href":"https:\/\/chileentinieblas.cl\/en\/wp-json\/wp\/v2\/tags?post=6964"},{"taxonomy":"juego","embeddable":true,"href":"https:\/\/chileentinieblas.cl\/en\/wp-json\/wp\/v2\/juego?post=6964"}],"curies":[{"name":"wp","href":"https:\/\/api.w.org\/{rel}","templated":true}]}}