{"id":6959,"date":"2025-10-28T23:52:40","date_gmt":"2025-10-28T23:52:40","guid":{"rendered":"https:\/\/chileentinieblas.cl\/?p=6959"},"modified":"2025-10-29T14:27:12","modified_gmt":"2025-10-29T14:27:12","slug":"furia-y-fuego-en-pirque","status":"publish","type":"post","link":"https:\/\/chileentinieblas.cl\/en\/furia-y-fuego-en-pirque\/","title":{"rendered":"Furia y fuego en Pirque"},"content":{"rendered":"<p class=\"wp-block-paragraph\"><em><strong>Crossover: Hombre Lobo &amp; Demonio<\/strong><\/em> &#8211; Resumen del evento <a href=\"https:\/\/chileentinieblas.cl\/en\/evento-bajo-la-luna-roja\/\">Bajo la Luna Roja<\/a><\/p>\n\n\n\n<h2 class=\"wp-block-heading\" id=\"h-ecos-del-pasado-cicatrices-del-wyrm\">Ecos del pasado, cicatrices del Wyrm<\/h2>\n\n\n\n<p class=\"wp-block-paragraph\">Despu\u00e9s de los <a href=\"https:\/\/chileentinieblas.cl\/en\/presagios-que-se-esconden-en-la-noche\/\">sucesos en <strong>Pirque<\/strong><\/a>, la manada Ronin viaj\u00f3 hasta el <strong>T\u00famulo de la Serpiente del Caj\u00f3n del Maipo<\/strong>. All\u00ed fueron recibidos por <strong>Asesino-del-Wyrm<\/strong>, guardi\u00e1n del lugar. Tras dejar a los <strong>parentelas rescatados<\/strong> en una caba\u00f1a segura, los condujo a un anfiteatro natural para completar el <strong>ritual de aceptaci\u00f3n tribal<\/strong>.<\/p>\n\n\n\n<p class=\"wp-block-paragraph\">Durante el viaje on\u00edrico, el <strong>Philodox de la manada<\/strong> recibi\u00f3 visiones inquietantes\u2026 al igual que <strong><a href=\"https:\/\/chileentinieblas.cl\/en\/pnj\/arreame-diablo-brujo-chilote\/\">Arreame Diablo<\/a><\/strong>, uno de los tres alphas del t\u00famulo. Pero no hubo tiempo para interpretarlas: <strong>gritos desgarradores<\/strong> surgieron desde la caba\u00f1a.<\/p>\n\n\n\n<p class=\"wp-block-paragraph\">Al llegar, encontraron a un <strong>parentela pose\u00eddo<\/strong>, convertido en una masa deforme y tentacular. Lo contuvieron, y los alphas asumieron el control de la situaci\u00f3n. La manada fue enviada a descansar\u2026 pero no por mucho tiempo.<\/p>\n\n\n\n<h2 class=\"wp-block-heading\" id=\"h-regreso-a-pirque\">Regreso a Pirque<\/h2>\n\n\n\n<p class=\"wp-block-paragraph\">Esa misma tarde, un nuevo miembro se sum\u00f3 a la manada, guiado por su instinto. Las instrucciones fueron claras: <strong>volver a Pirque y erradicar cualquier presencia restante del Wyrm<\/strong>.<\/p>\n\n\n\n<p class=\"wp-block-paragraph\">Guiados por un esp\u00edritu canino, rastrearon la corrupci\u00f3n hasta un <strong>club de golf<\/strong>. All\u00ed, detectaron dos focos. El primero era una <strong>invocaci\u00f3n en curso<\/strong>, interrumpida por la llegada de <strong>otras entidades hostiles<\/strong>, pero inesperadamente tambi\u00e9n interesadas en detener el ritual.<\/p>\n\n\n\n<p class=\"wp-block-paragraph\">Las tensiones casi estallan, hasta que la verdad emergi\u00f3:<\/p>\n\n\n\n<blockquote class=\"wp-block-quote is-layout-flow wp-block-quote-is-layout-flow\">\n<p class=\"wp-block-paragraph\">Aquellos cuatro \u201cenemigos\u201d eran <strong>esp\u00edritus antiguos encarnados en cuerpos humanos<\/strong>. Reconociendo la gravedad de lo que ocurr\u00eda, se forj\u00f3 una <strong>alianza moment\u00e1nea<\/strong>.<\/p>\n<\/blockquote>\n\n\n\n<h2 class=\"wp-block-heading\" id=\"h-la-noche-en-que-se-abrio-el-infierno\">La noche en que se abri\u00f3 el infierno<\/h2>\n\n\n\n<p class=\"wp-block-paragraph\"><a href=\"https:\/\/chileentinieblas.cl\/en\/presagios-que-se-esconden-en-la-noche\/\">Un d\u00eda antes<\/a>, una <strong>fiesta electr\u00f3nica<\/strong> celebrada en un edificio en construcci\u00f3n en Pirque hab\u00eda terminado en <strong>pesadilla<\/strong>. All\u00ed se hab\u00eda probado una <strong>droga infernal<\/strong>, dise\u00f1ada por una entidad demon\u00edaca llamada <strong><a href=\"https:\/\/chileentinieblas.cl\/en\/pnj\/la-desesperacion-encarnada\/\">Elthariel<\/a><\/strong>, la desesperaci\u00f3n encarnada, lo que hizo que el lugar fuera puesto en cuarentena por miembros de la Segunda Inquisici\u00f3n, una organizaci\u00f3n secreta que investiga fen\u00f3menos sobrenaturales.<\/p>\n\n\n\n<p class=\"wp-block-paragraph\">Pero al d\u00eda siguiente, cuando ocurri\u00f3 el <strong>apag\u00f3n nacional<\/strong> que afect\u00f3 los sistemas de la Segunda Inquisici\u00f3n, Elthariel activ\u00f3 su plan:<\/p>\n\n\n\n<blockquote class=\"wp-block-quote is-layout-flow wp-block-quote-is-layout-flow\">\n<p class=\"wp-block-paragraph\">Los sobrevivientes, infectados en secreto, <strong>se transformaron en monstruos can\u00edbales y deformes<\/strong>.<\/p>\n<\/blockquote>\n\n\n\n<p class=\"wp-block-paragraph\">En medio del caos, <strong>cuatro demonios escapados del Infierno<\/strong> despertaron en ese escenario, ocupando cuerpos humanos recientemente muertos. Reci\u00e9n llegados al mundo f\u00edsico, confundidos y rodeados de ruinas, solo sab\u00edan que algo terrible hab\u00eda pasado.<\/p>\n\n\n\n<p class=\"wp-block-paragraph\">Poco despu\u00e9s, aparecieron dos demonios m\u00e1s: <strong>sirvientes del archiduque Abadon<\/strong>, quienes proteg\u00edan a algunos humanos a cambio de su fe. Quer\u00edan invocar a su se\u00f1or para fundar un nuevo orden infernal en la Tierra.<\/p>\n\n\n\n<h2 class=\"wp-block-heading\" id=\"h-pactos-en-las-ruinas\">Pactos en las ruinas<\/h2>\n\n\n\n<p class=\"wp-block-paragraph\">Elthariel contact\u00f3 a los nuevos demonios, ofreciendo una alianza para \u201cdetener a Abadon\u201d, y justificando as\u00ed la masacre. En medio de la confusi\u00f3n moral, ambos bandos parec\u00edan igualmente peligrosos.<\/p>\n\n\n\n<p class=\"wp-block-paragraph\">Fue en ese momento cuando lleg\u00f3 la <strong>manada de Garou<\/strong>, buscando a sus compa\u00f1eros desaparecidos durante la fiesta que se celebr\u00f3 d\u00edas antes, pero <strong>Elthariel hab\u00eda capturado a varios de ellos<\/strong>, con el fin de experimentar y replicar sus dones en sus monstruosos \u201chijos\u201d.<\/p>\n\n\n\n<p class=\"wp-block-paragraph\">A pesar del odio natural entre Garou y demonios, la <strong>urgencia del enemigo com\u00fan<\/strong> forz\u00f3 una tregua.<\/p>\n\n\n\n<h2 class=\"wp-block-heading\" id=\"h-la-batalla-del-club-de-golf\">La batalla del club de golf<\/h2>\n\n\n\n<p class=\"wp-block-paragraph\">Juntos, la manada y los demonios enfrentaron un <strong>ritual de invocaci\u00f3n<\/strong> custodiado por <strong>criaturas deformes<\/strong>, antiguos pose\u00eddos y horrores corruptos. La tierra tembl\u00f3. Hubo explosiones de energ\u00eda. El suelo se alz\u00f3. Los \u00e1rboles se torcieron.<\/p>\n\n\n\n<p class=\"wp-block-paragraph\"><strong>Los dos sirvientes de Abadon que hab\u00edan sido responsables del ritual fueron eliminados<\/strong>, pero el conflicto no hab\u00eda terminado: Los infectados de Elthariel se fusionaron en una <strong>abominaci\u00f3n colosal<\/strong>, un monstruo cuya furia parec\u00eda alimentada por la luna roja.<\/p>\n\n\n\n<p class=\"wp-block-paragraph\">La batalla final fue brutal. Los <strong>antiguos demonios y los Garou sobrevivientes<\/strong> lo destruyeron, pero salieron heridos, agotados\u2026 <strong>y con m\u00e1s preguntas que respuestas<\/strong>.<\/p>\n\n\n\n<h2 class=\"wp-block-heading\" id=\"h-el-precio-del-silencio\">El precio del silencio<\/h2>\n\n\n\n<p class=\"wp-block-paragraph\">La manada regres\u00f3 al t\u00famulo, dejando a los demonios atr\u00e1s, y aunque <strong>hab\u00edan visto de cerca a lo que se enfrentaban<\/strong>, a\u00fan no sab\u00edan si deb\u00edan <strong>contar la verdad a sus alphas<\/strong>. \u00bfC\u00f3mo explicar la existencia de seres tan antiguos? \u00bfC\u00f3mo justificar la tregua con lo que deber\u00eda ser el enemigo?<\/p>\n\n\n\n<p class=\"wp-block-paragraph\">Los demonios, por su parte, <strong>observaban el cielo te\u00f1ido de rojo<\/strong>, conscientes de que el Infierno no era el \u00fanico que se hab\u00eda abierto esa noche.<\/p>","protected":false},"excerpt":{"rendered":"<p>Crossover: Hombre Lobo &#038; Demonio &#8211; Resumen del evento Bajo la Luna Roja.<\/p>","protected":false},"author":32,"featured_media":6961,"comment_status":"open","ping_status":"open","sticky":false,"template":"","format":"standard","meta":{"_acf_changed":false,"inline_featured_image":false,"_monsterinsights_skip_tracking":false,"_jetpack_newsletter_access":"","_jetpack_dont_email_post_to_subs":false,"_jetpack_newsletter_tier_id":0,"_jetpack_memberships_contains_paywalled_content":false,"fifu_image_url":"","fifu_image_alt":"","_jetpack_feature_clip_id":0,"_jetpack_memberships_contains_paid_content":false,"footnotes":"","jetpack_post_was_ever_published":false},"categories":[134],"tags":[247,208],"juego":[],"class_list":["post-6959","post","type-post","status-publish","format-standard","has-post-thumbnail","hentry","category-historias","tag-demonio-la-caida","tag-hombre-lobo"],"acf":[],"yoast_head":"<!-- This site is optimized with the Yoast SEO plugin v28.4 - https:\/\/yoast.com\/product\/yoast-seo-wordpress\/ -->\n<title>Furia y fuego en Pirque - Chile en Tinieblas<\/title>\n<meta name=\"robots\" content=\"index, follow, max-snippet:-1, max-image-preview:large, max-video-preview:-1\" \/>\n<link rel=\"canonical\" href=\"https:\/\/chileentinieblas.cl\/en\/furia-y-fuego-en-pirque\/\" \/>\n<meta property=\"og:locale\" content=\"en_US\" \/>\n<meta property=\"og:type\" content=\"article\" \/>\n<meta property=\"og:title\" content=\"Furia y fuego en Pirque - Chile en Tinieblas\" \/>\n<meta property=\"og:description\" content=\"Crossover: Hombre Lobo &amp; Demonio - Resumen del evento Bajo la Luna Roja.\" \/>\n<meta property=\"og:url\" content=\"https:\/\/chileentinieblas.cl\/en\/furia-y-fuego-en-pirque\/\" \/>\n<meta property=\"og:site_name\" content=\"Chile en Tinieblas\" \/>\n<meta property=\"article:publisher\" content=\"https:\/\/www.facebook.com\/ChileenTinieblas\" \/>\n<meta property=\"article:published_time\" content=\"2025-10-28T23:52:40+00:00\" \/>\n<meta property=\"article:modified_time\" content=\"2025-10-29T14:27:12+00:00\" \/>\n<meta property=\"og:image\" content=\"https:\/\/chileentinieblas.cl\/wp-content\/uploads\/2025\/09\/WhatsApp-Image-2025-09-29-at-17.20.03.jpeg\" \/>\n\t<meta property=\"og:image:width\" content=\"1536\" \/>\n\t<meta property=\"og:image:height\" content=\"1024\" \/>\n\t<meta property=\"og:image:type\" content=\"image\/jpeg\" \/>\n<meta name=\"author\" content=\"Chile en Tinieblas\" \/>\n<meta name=\"twitter:card\" content=\"summary_large_image\" \/>\n<meta name=\"twitter:label1\" content=\"Written by\" \/>\n\t<meta name=\"twitter:data1\" content=\"Chile en Tinieblas\" \/>\n\t<meta name=\"twitter:label2\" content=\"Est. reading time\" \/>\n\t<meta name=\"twitter:data2\" content=\"4 minutes\" \/>\n<script type=\"application\/ld+json\" class=\"yoast-schema-graph\">{\"@context\":\"https:\\\/\\\/schema.org\",\"@graph\":[{\"@type\":\"Article\",\"@id\":\"https:\\\/\\\/chileentinieblas.cl\\\/furia-y-fuego-en-pirque\\\/#article\",\"isPartOf\":{\"@id\":\"https:\\\/\\\/chileentinieblas.cl\\\/furia-y-fuego-en-pirque\\\/\"},\"author\":{\"name\":\"Chile en Tinieblas\",\"@id\":\"https:\\\/\\\/chileentinieblas.cl\\\/#\\\/schema\\\/person\\\/dd8aa8c569668ff2f5908cb87ac8d9e6\"},\"headline\":\"Furia y fuego en Pirque\",\"datePublished\":\"2025-10-28T23:52:40+00:00\",\"dateModified\":\"2025-10-29T14:27:12+00:00\",\"mainEntityOfPage\":{\"@id\":\"https:\\\/\\\/chileentinieblas.cl\\\/furia-y-fuego-en-pirque\\\/\"},\"wordCount\":764,\"commentCount\":0,\"publisher\":{\"@id\":\"https:\\\/\\\/chileentinieblas.cl\\\/#organization\"},\"image\":{\"@id\":\"https:\\\/\\\/chileentinieblas.cl\\\/furia-y-fuego-en-pirque\\\/#primaryimage\"},\"thumbnailUrl\":\"https:\\\/\\\/chileentinieblas.cl\\\/wp-content\\\/uploads\\\/2025\\\/09\\\/WhatsApp-Image-2025-09-29-at-17.20.03.jpeg\",\"keywords\":[\"Demonio La Ca\u00edda\",\"Hombre Lobo\"],\"articleSection\":[\"Historias\"],\"inLanguage\":\"en-US\",\"potentialAction\":[{\"@type\":\"CommentAction\",\"name\":\"Comment\",\"target\":[\"https:\\\/\\\/chileentinieblas.cl\\\/furia-y-fuego-en-pirque\\\/#respond\"]}]},{\"@type\":\"WebPage\",\"@id\":\"https:\\\/\\\/chileentinieblas.cl\\\/furia-y-fuego-en-pirque\\\/\",\"url\":\"https:\\\/\\\/chileentinieblas.cl\\\/furia-y-fuego-en-pirque\\\/\",\"name\":\"Furia y fuego en Pirque - Chile en Tinieblas\",\"isPartOf\":{\"@id\":\"https:\\\/\\\/chileentinieblas.cl\\\/#website\"},\"primaryImageOfPage\":{\"@id\":\"https:\\\/\\\/chileentinieblas.cl\\\/furia-y-fuego-en-pirque\\\/#primaryimage\"},\"image\":{\"@id\":\"https:\\\/\\\/chileentinieblas.cl\\\/furia-y-fuego-en-pirque\\\/#primaryimage\"},\"thumbnailUrl\":\"https:\\\/\\\/chileentinieblas.cl\\\/wp-content\\\/uploads\\\/2025\\\/09\\\/WhatsApp-Image-2025-09-29-at-17.20.03.jpeg\",\"datePublished\":\"2025-10-28T23:52:40+00:00\",\"dateModified\":\"2025-10-29T14:27:12+00:00\",\"breadcrumb\":{\"@id\":\"https:\\\/\\\/chileentinieblas.cl\\\/furia-y-fuego-en-pirque\\\/#breadcrumb\"},\"inLanguage\":\"en-US\",\"potentialAction\":[{\"@type\":\"ReadAction\",\"target\":[\"https:\\\/\\\/chileentinieblas.cl\\\/furia-y-fuego-en-pirque\\\/\"]}]},{\"@type\":\"ImageObject\",\"inLanguage\":\"en-US\",\"@id\":\"https:\\\/\\\/chileentinieblas.cl\\\/furia-y-fuego-en-pirque\\\/#primaryimage\",\"url\":\"https:\\\/\\\/chileentinieblas.cl\\\/wp-content\\\/uploads\\\/2025\\\/09\\\/WhatsApp-Image-2025-09-29-at-17.20.03.jpeg\",\"contentUrl\":\"https:\\\/\\\/chileentinieblas.cl\\\/wp-content\\\/uploads\\\/2025\\\/09\\\/WhatsApp-Image-2025-09-29-at-17.20.03.jpeg\",\"width\":1536,\"height\":1024},{\"@type\":\"BreadcrumbList\",\"@id\":\"https:\\\/\\\/chileentinieblas.cl\\\/furia-y-fuego-en-pirque\\\/#breadcrumb\",\"itemListElement\":[{\"@type\":\"ListItem\",\"position\":1,\"name\":\"Portada\",\"item\":\"https:\\\/\\\/chileentinieblas.cl\\\/\"},{\"@type\":\"ListItem\",\"position\":2,\"name\":\"Furia y fuego en Pirque\"}]},{\"@type\":\"WebSite\",\"@id\":\"https:\\\/\\\/chileentinieblas.cl\\\/#website\",\"url\":\"https:\\\/\\\/chileentinieblas.cl\\\/\",\"name\":\"Chile en Tinieblas\",\"description\":\"Un servidor con mesas de rol de Mundo de Tinieblas\",\"publisher\":{\"@id\":\"https:\\\/\\\/chileentinieblas.cl\\\/#organization\"},\"potentialAction\":[{\"@type\":\"SearchAction\",\"target\":{\"@type\":\"EntryPoint\",\"urlTemplate\":\"https:\\\/\\\/chileentinieblas.cl\\\/?s={search_term_string}\"},\"query-input\":{\"@type\":\"PropertyValueSpecification\",\"valueRequired\":true,\"valueName\":\"search_term_string\"}}],\"inLanguage\":\"en-US\"},{\"@type\":\"Organization\",\"@id\":\"https:\\\/\\\/chileentinieblas.cl\\\/#organization\",\"name\":\"Chile en Tinieblas\",\"url\":\"https:\\\/\\\/chileentinieblas.cl\\\/\",\"logo\":{\"@type\":\"ImageObject\",\"inLanguage\":\"en-US\",\"@id\":\"https:\\\/\\\/chileentinieblas.cl\\\/#\\\/schema\\\/logo\\\/image\\\/\",\"url\":\"https:\\\/\\\/chileentinieblas.cl\\\/wp-content\\\/uploads\\\/2021\\\/12\\\/logo-cet-claro.png\",\"contentUrl\":\"https:\\\/\\\/chileentinieblas.cl\\\/wp-content\\\/uploads\\\/2021\\\/12\\\/logo-cet-claro.png\",\"width\":1001,\"height\":1030,\"caption\":\"Chile en Tinieblas\"},\"image\":{\"@id\":\"https:\\\/\\\/chileentinieblas.cl\\\/#\\\/schema\\\/logo\\\/image\\\/\"},\"sameAs\":[\"https:\\\/\\\/www.facebook.com\\\/ChileenTinieblas\",\"https:\\\/\\\/www.instagram.com\\\/chileentinieblas\\\/\",\"https:\\\/\\\/www.youtube.com\\\/@chileentinieblas\",\"https:\\\/\\\/www.tiktok.com\\\/@chileentinieblas\"]},{\"@type\":\"Person\",\"@id\":\"https:\\\/\\\/chileentinieblas.cl\\\/#\\\/schema\\\/person\\\/dd8aa8c569668ff2f5908cb87ac8d9e6\",\"name\":\"Chile en Tinieblas\",\"image\":{\"@type\":\"ImageObject\",\"inLanguage\":\"en-US\",\"@id\":\"https:\\\/\\\/secure.gravatar.com\\\/avatar\\\/57a5347dce8fd39709496f367e6b918c3a57f5d0c33f2ae2292f111efee97f7d?s=96&d=mm&r=g\",\"url\":\"https:\\\/\\\/secure.gravatar.com\\\/avatar\\\/57a5347dce8fd39709496f367e6b918c3a57f5d0c33f2ae2292f111efee97f7d?s=96&d=mm&r=g\",\"contentUrl\":\"https:\\\/\\\/secure.gravatar.com\\\/avatar\\\/57a5347dce8fd39709496f367e6b918c3a57f5d0c33f2ae2292f111efee97f7d?s=96&d=mm&r=g\",\"caption\":\"Chile en Tinieblas\"},\"sameAs\":[\"https:\\\/\\\/chileentinieblas.cl\\\/\"],\"url\":\"https:\\\/\\\/chileentinieblas.cl\\\/en\\\/author\\\/chileentinieblas\\\/\"}]}<\/script>\n<!-- \/ Yoast SEO plugin. -->","yoast_head_json":{"title":"Furia y fuego en Pirque - Chile en Tinieblas","robots":{"index":"index","follow":"follow","max-snippet":"max-snippet:-1","max-image-preview":"max-image-preview:large","max-video-preview":"max-video-preview:-1"},"canonical":"https:\/\/chileentinieblas.cl\/en\/furia-y-fuego-en-pirque\/","og_locale":"en_US","og_type":"article","og_title":"Furia y fuego en Pirque - Chile en Tinieblas","og_description":"Crossover: Hombre Lobo & Demonio - Resumen del evento Bajo la Luna Roja.","og_url":"https:\/\/chileentinieblas.cl\/en\/furia-y-fuego-en-pirque\/","og_site_name":"Chile en Tinieblas","article_publisher":"https:\/\/www.facebook.com\/ChileenTinieblas","article_published_time":"2025-10-28T23:52:40+00:00","article_modified_time":"2025-10-29T14:27:12+00:00","og_image":[{"width":1536,"height":1024,"url":"https:\/\/chileentinieblas.cl\/wp-content\/uploads\/2025\/09\/WhatsApp-Image-2025-09-29-at-17.20.03.jpeg","type":"image\/jpeg"}],"author":"Chile en Tinieblas","twitter_card":"summary_large_image","twitter_misc":{"Written by":"Chile en Tinieblas","Est. reading time":"4 minutes"},"schema":{"@context":"https:\/\/schema.org","@graph":[{"@type":"Article","@id":"https:\/\/chileentinieblas.cl\/furia-y-fuego-en-pirque\/#article","isPartOf":{"@id":"https:\/\/chileentinieblas.cl\/furia-y-fuego-en-pirque\/"},"author":{"name":"Chile en Tinieblas","@id":"https:\/\/chileentinieblas.cl\/#\/schema\/person\/dd8aa8c569668ff2f5908cb87ac8d9e6"},"headline":"Furia y fuego en Pirque","datePublished":"2025-10-28T23:52:40+00:00","dateModified":"2025-10-29T14:27:12+00:00","mainEntityOfPage":{"@id":"https:\/\/chileentinieblas.cl\/furia-y-fuego-en-pirque\/"},"wordCount":764,"commentCount":0,"publisher":{"@id":"https:\/\/chileentinieblas.cl\/#organization"},"image":{"@id":"https:\/\/chileentinieblas.cl\/furia-y-fuego-en-pirque\/#primaryimage"},"thumbnailUrl":"https:\/\/chileentinieblas.cl\/wp-content\/uploads\/2025\/09\/WhatsApp-Image-2025-09-29-at-17.20.03.jpeg","keywords":["Demonio La Ca\u00edda","Hombre Lobo"],"articleSection":["Historias"],"inLanguage":"en-US","potentialAction":[{"@type":"CommentAction","name":"Comment","target":["https:\/\/chileentinieblas.cl\/furia-y-fuego-en-pirque\/#respond"]}]},{"@type":"WebPage","@id":"https:\/\/chileentinieblas.cl\/furia-y-fuego-en-pirque\/","url":"https:\/\/chileentinieblas.cl\/furia-y-fuego-en-pirque\/","name":"Furia y fuego en Pirque - Chile en Tinieblas","isPartOf":{"@id":"https:\/\/chileentinieblas.cl\/#website"},"primaryImageOfPage":{"@id":"https:\/\/chileentinieblas.cl\/furia-y-fuego-en-pirque\/#primaryimage"},"image":{"@id":"https:\/\/chileentinieblas.cl\/furia-y-fuego-en-pirque\/#primaryimage"},"thumbnailUrl":"https:\/\/chileentinieblas.cl\/wp-content\/uploads\/2025\/09\/WhatsApp-Image-2025-09-29-at-17.20.03.jpeg","datePublished":"2025-10-28T23:52:40+00:00","dateModified":"2025-10-29T14:27:12+00:00","breadcrumb":{"@id":"https:\/\/chileentinieblas.cl\/furia-y-fuego-en-pirque\/#breadcrumb"},"inLanguage":"en-US","potentialAction":[{"@type":"ReadAction","target":["https:\/\/chileentinieblas.cl\/furia-y-fuego-en-pirque\/"]}]},{"@type":"ImageObject","inLanguage":"en-US","@id":"https:\/\/chileentinieblas.cl\/furia-y-fuego-en-pirque\/#primaryimage","url":"https:\/\/chileentinieblas.cl\/wp-content\/uploads\/2025\/09\/WhatsApp-Image-2025-09-29-at-17.20.03.jpeg","contentUrl":"https:\/\/chileentinieblas.cl\/wp-content\/uploads\/2025\/09\/WhatsApp-Image-2025-09-29-at-17.20.03.jpeg","width":1536,"height":1024},{"@type":"BreadcrumbList","@id":"https:\/\/chileentinieblas.cl\/furia-y-fuego-en-pirque\/#breadcrumb","itemListElement":[{"@type":"ListItem","position":1,"name":"Portada","item":"https:\/\/chileentinieblas.cl\/"},{"@type":"ListItem","position":2,"name":"Furia y fuego en Pirque"}]},{"@type":"WebSite","@id":"https:\/\/chileentinieblas.cl\/#website","url":"https:\/\/chileentinieblas.cl\/","name":"Chile en Tinieblas","description":"Un servidor con mesas de rol de Mundo de Tinieblas","publisher":{"@id":"https:\/\/chileentinieblas.cl\/#organization"},"potentialAction":[{"@type":"SearchAction","target":{"@type":"EntryPoint","urlTemplate":"https:\/\/chileentinieblas.cl\/?s={search_term_string}"},"query-input":{"@type":"PropertyValueSpecification","valueRequired":true,"valueName":"search_term_string"}}],"inLanguage":"en-US"},{"@type":"Organization","@id":"https:\/\/chileentinieblas.cl\/#organization","name":"Chile en Tinieblas","url":"https:\/\/chileentinieblas.cl\/","logo":{"@type":"ImageObject","inLanguage":"en-US","@id":"https:\/\/chileentinieblas.cl\/#\/schema\/logo\/image\/","url":"https:\/\/chileentinieblas.cl\/wp-content\/uploads\/2021\/12\/logo-cet-claro.png","contentUrl":"https:\/\/chileentinieblas.cl\/wp-content\/uploads\/2021\/12\/logo-cet-claro.png","width":1001,"height":1030,"caption":"Chile en Tinieblas"},"image":{"@id":"https:\/\/chileentinieblas.cl\/#\/schema\/logo\/image\/"},"sameAs":["https:\/\/www.facebook.com\/ChileenTinieblas","https:\/\/www.instagram.com\/chileentinieblas\/","https:\/\/www.youtube.com\/@chileentinieblas","https:\/\/www.tiktok.com\/@chileentinieblas"]},{"@type":"Person","@id":"https:\/\/chileentinieblas.cl\/#\/schema\/person\/dd8aa8c569668ff2f5908cb87ac8d9e6","name":"Chile en Tinieblas","image":{"@type":"ImageObject","inLanguage":"en-US","@id":"https:\/\/secure.gravatar.com\/avatar\/57a5347dce8fd39709496f367e6b918c3a57f5d0c33f2ae2292f111efee97f7d?s=96&d=mm&r=g","url":"https:\/\/secure.gravatar.com\/avatar\/57a5347dce8fd39709496f367e6b918c3a57f5d0c33f2ae2292f111efee97f7d?s=96&d=mm&r=g","contentUrl":"https:\/\/secure.gravatar.com\/avatar\/57a5347dce8fd39709496f367e6b918c3a57f5d0c33f2ae2292f111efee97f7d?s=96&d=mm&r=g","caption":"Chile en Tinieblas"},"sameAs":["https:\/\/chileentinieblas.cl\/"],"url":"https:\/\/chileentinieblas.cl\/en\/author\/chileentinieblas\/"}]}},"jetpack_sharing_enabled":true,"jetpack_featured_media_url":"https:\/\/chileentinieblas.cl\/wp-content\/uploads\/2025\/09\/WhatsApp-Image-2025-09-29-at-17.20.03.jpeg","_links":{"self":[{"href":"https:\/\/chileentinieblas.cl\/en\/wp-json\/wp\/v2\/posts\/6959","targetHints":{"allow":["GET"]}}],"collection":[{"href":"https:\/\/chileentinieblas.cl\/en\/wp-json\/wp\/v2\/posts"}],"about":[{"href":"https:\/\/chileentinieblas.cl\/en\/wp-json\/wp\/v2\/types\/post"}],"author":[{"embeddable":true,"href":"https:\/\/chileentinieblas.cl\/en\/wp-json\/wp\/v2\/users\/32"}],"replies":[{"embeddable":true,"href":"https:\/\/chileentinieblas.cl\/en\/wp-json\/wp\/v2\/comments?post=6959"}],"version-history":[{"count":4,"href":"https:\/\/chileentinieblas.cl\/en\/wp-json\/wp\/v2\/posts\/6959\/revisions"}],"predecessor-version":[{"id":7117,"href":"https:\/\/chileentinieblas.cl\/en\/wp-json\/wp\/v2\/posts\/6959\/revisions\/7117"}],"wp:featuredmedia":[{"embeddable":true,"href":"https:\/\/chileentinieblas.cl\/en\/wp-json\/wp\/v2\/media\/6961"}],"wp:attachment":[{"href":"https:\/\/chileentinieblas.cl\/en\/wp-json\/wp\/v2\/media?parent=6959"}],"wp:term":[{"taxonomy":"category","embeddable":true,"href":"https:\/\/chileentinieblas.cl\/en\/wp-json\/wp\/v2\/categories?post=6959"},{"taxonomy":"post_tag","embeddable":true,"href":"https:\/\/chileentinieblas.cl\/en\/wp-json\/wp\/v2\/tags?post=6959"},{"taxonomy":"juego","embeddable":true,"href":"https:\/\/chileentinieblas.cl\/en\/wp-json\/wp\/v2\/juego?post=6959"}],"curies":[{"name":"wp","href":"https:\/\/api.w.org\/{rel}","templated":true}]}}