{"id":6955,"date":"2025-10-29T01:08:06","date_gmt":"2025-10-29T01:08:06","guid":{"rendered":"https:\/\/chileentinieblas.cl\/?p=6955"},"modified":"2025-10-29T14:26:17","modified_gmt":"2025-10-29T14:26:17","slug":"ecos-de-un-pacto-olvidado","status":"publish","type":"post","link":"https:\/\/chileentinieblas.cl\/en\/ecos-de-un-pacto-olvidado\/","title":{"rendered":"Ecos de un pacto olvidado"},"content":{"rendered":"<p class=\"wp-block-paragraph\"><strong>Crossover: Wraith &amp; Changeling &#8211; Resumen del evento <a href=\"https:\/\/chileentinieblas.cl\/en\/evento-bajo-la-luna-roja\/\">Bajo la Luna Roja<\/a><\/strong><\/p>\n\n\n\n<p class=\"wp-block-paragraph\">En Valpara\u00edso, una noche cargada de presagios termin\u00f3 por romper el equilibrio entre mundos. La <strong>luna roja<\/strong> emergi\u00f3 sobre el puerto, y con ella, <strong>las barreras entre los vivos y los muertos colapsaron<\/strong>. Lo que comenz\u00f3 como una celebraci\u00f3n ritual entre cortes fe\u00e9ricas, y una alerta silenciosa entre c\u00edrculos espectrales, pronto se convirti\u00f3 en una guerra entre dimensiones.<\/p>\n\n\n\n<h2 class=\"wp-block-heading\" id=\"h-las-nieblas-del-olvido\">Las nieblas del Olvido<\/h2>\n\n\n\n<p class=\"wp-block-paragraph\">Con la llegada de la luna roja, <strong>el Manto que separa el mundo de los muertos del de los vivos se debilit\u00f3 brutalmente<\/strong>. Fue entonces que las <strong>fuerzas del Olvido<\/strong> aprovecharon para lanzar un ataque directo. A la cabeza, un espectro conocido como <strong><a href=\"https:\/\/chileentinieblas.cl\/en\/presagios-que-se-esconden-en-la-noche\/\">Diablillo<\/a><\/strong>, miembro de la orden del Olvido, cobarde, cruel y ambicioso, lider\u00f3 la ofensiva contra la ciudad.<\/p>\n\n\n\n<p class=\"wp-block-paragraph\">Frente a esta amenaza, <strong>grupos de wraiths renegados<\/strong> dejaron sus disputas atr\u00e1s y formaron un escuadr\u00f3n con un \u00fanico objetivo: eliminar a Diablillo antes de que pudiera abrir un portal directo hacia el Olvido. La cacer\u00eda los llev\u00f3 a enfrentamientos con <strong>criaturas de pesadilla<\/strong>, y al descubrimiento de una verdad inquietante: <strong>Diablillo no actuaba solo<\/strong>. Cooperaba con <strong>criaturas que llamaba \u201chadas\u201d<\/strong>, provenientes de los sue\u00f1os.<\/p>\n\n\n\n<h2 class=\"wp-block-heading\" id=\"h-el-faro-de-la-esperanza\">El Faro de la Esperanza<\/h2>\n\n\n\n<p class=\"wp-block-paragraph\">En paralelo, un grupo de changelings se hab\u00eda reunido en <strong>el Faro de la Esperanza<\/strong>, un feudo ubicado en el cerro Rocuant, para celebrar la ceremonia del Ponche: un rito que sella la alianza entre la <strong>Corte Luminosa y la Corte Oscura<\/strong> para proteger el Glamour.<\/p>\n\n\n\n<p class=\"wp-block-paragraph\">Todo transcurr\u00eda como se esperaba hasta que <strong><a href=\"https:\/\/chileentinieblas.cl\/en\/pnj\/tegwyll\/\">Tegwyll<\/a><\/strong>, noble de la casa B\u00e1lor y l\u00edder de la Corte Oscura, apareci\u00f3 portando una jarra con un l\u00edquido rojo y un discurso inquietante. Acus\u00f3 a los presentes de haber olvidado sus responsabilidades con el mundo de oto\u00f1o. Durante el brindis, un invitado de la corte del norte, <strong>Veskern<\/strong>, alert\u00f3 de una perturbaci\u00f3n en la ciudad: <strong>una neblina rojiza que se esparc\u00eda por Valpara\u00edso<\/strong>.<\/p>\n\n\n\n<p class=\"wp-block-paragraph\">La fiesta se transform\u00f3 en una marcha. El grupo abri\u00f3 un portal hacia <strong>el Cerro Concepci\u00f3n<\/strong>, donde descubrieron que <strong>quimeras salvajes atacaban a los mortales<\/strong>. Los nobles se lanzaron al combate, y en el caos, emergi\u00f3 un monstruo de m\u00e1s de dos metros, una aberraci\u00f3n de pesadilla.<\/p>\n\n\n\n<h2 class=\"wp-block-heading\" id=\"h-el-cruce-de-mundos\">El cruce de mundos<\/h2>\n\n\n\n<p class=\"wp-block-paragraph\">En medio de esa batalla, <strong>los changelings se cruzaron con un grupo de fantasmas<\/strong> que hab\u00edan llegado por la misma perturbaci\u00f3n. La criatura fue destruida por la acci\u00f3n conjunta de ambos bandos, pero el verdadero enemigo a\u00fan no hab\u00eda sido detenido.<\/p>\n\n\n\n<p class=\"wp-block-paragraph\">En secreto siguieron a <strong>Veskern<\/strong>, quien se escabull\u00eda hacia <strong>la Piedra Feliz<\/strong>, un sitio cargado de muerte y leyendas, donde muchos acuden a quitarse la vida\u2026 y donde, con los a\u00f1os, se form\u00f3 <strong>un portal directo al Olvido<\/strong>.<\/p>\n\n\n\n<p class=\"wp-block-paragraph\">All\u00ed presenciaron una escena clave: <strong>Tegwyll conversando con Diablillo<\/strong>, confirmando su complicidad. Tegwyll se lav\u00f3 las manos con ponche antes de retirarse junto a Veskern. Poco despu\u00e9s, los changelings oyeron una frase que les hel\u00f3 la sangre:<\/p>\n\n\n\n<blockquote class=\"wp-block-quote is-layout-flow wp-block-quote-is-layout-flow\">\n<p class=\"wp-block-paragraph\">\u201cYo ya hice mi parte. Espero que <a href=\"https:\/\/chileentinieblas.cl\/en\/pnj\/ronald\/\"><strong>Ronald<\/strong><\/a> se prepare y que la <strong><a href=\"https:\/\/chileentinieblas.cl\/en\/tag\/sociedad-del-octubre-negro\/\">Sociedad del Octubre Negro<\/a><\/strong> empiece a elegir un nuevo l\u00edder de los nuestros.\u201d<\/p>\n<\/blockquote>\n\n\n\n<p class=\"wp-block-paragraph\">Aprovechando el momento, los changelings <strong>tomaron fotos y grabaron el ritual<\/strong>, mientras un ser con <strong>rostro de b\u00faho<\/strong> emerg\u00eda del portal: <strong>Stol, el Pr\u00edncipe B\u00faho<\/strong>, un heraldo del Olvido que vino a <strong>bendecir a Diablillo<\/strong>, otorg\u00e1ndole poder monstruoso.<\/p>\n\n\n\n<h2 class=\"wp-block-heading\" id=\"h-el-final-del-heraldo\">El final del heraldo<\/h2>\n\n\n\n<p class=\"wp-block-paragraph\">La criatura deformada en la que se convirti\u00f3 Diablillo <strong>atac\u00f3 sin distinci\u00f3n<\/strong>, enfrent\u00e1ndose tanto a changelings como a fantasmas. Fue una batalla desesperada, librada en la frontera misma entre mundos. Finalmente, <strong>un disparo cargado con veneno espectral detuvo su regeneraci\u00f3n<\/strong>, y lo que qued\u00f3 de \u00e9l fue <strong>devorado por Stol<\/strong>, quien se desvaneci\u00f3 en la oscuridad del portal.<\/p>\n\n\n\n<h2 class=\"wp-block-heading\" id=\"h-el-amanecer-y-el-olvido\">El amanecer y el olvido<\/h2>\n\n\n\n<p class=\"wp-block-paragraph\">Al amanecer, la niebla se disip\u00f3\u2026 y con ella, <strong>los recuerdos de todos los changelings y mortales presentes en el ritual<\/strong>. No sab\u00edan por qu\u00e9 estaban ah\u00ed, ni qu\u00e9 hab\u00edan enfrentado. El Olvido hab\u00eda dejado su marca, no solo en los muertos, sino en la propia memoria del Ensue\u00f1o.<\/p>\n\n\n\n<p class=\"wp-block-paragraph\">En cambio, los wraiths recordaban todo. Sab\u00edan que la batalla hab\u00eda terminado, pero tambi\u00e9n que <strong>el equilibrio segu\u00eda amenazado<\/strong>, y que las alianzas tejidas esa noche\u2026 no resistir\u00edan por mucho tiempo.<\/p>\n\n\n\n<p class=\"wp-block-paragraph\"><\/p>","protected":false},"excerpt":{"rendered":"<p>Crossover: Wraith &#038; Changeling &#8211; Resumen del evento Bajo la Luna Roja.<\/p>","protected":false},"author":32,"featured_media":7101,"comment_status":"open","ping_status":"open","sticky":false,"template":"","format":"standard","meta":{"_acf_changed":false,"inline_featured_image":false,"_monsterinsights_skip_tracking":false,"_jetpack_newsletter_access":"","_jetpack_dont_email_post_to_subs":false,"_jetpack_newsletter_tier_id":0,"_jetpack_memberships_contains_paywalled_content":false,"fifu_image_url":"","fifu_image_alt":"","_jetpack_feature_clip_id":0,"_jetpack_memberships_contains_paid_content":false,"footnotes":"","jetpack_post_was_ever_published":false},"categories":[134],"tags":[163,245],"juego":[],"class_list":["post-6955","post","type-post","status-publish","format-standard","has-post-thumbnail","hentry","category-historias","tag-changeling","tag-wraiths"],"acf":[],"yoast_head":"<!-- This site is optimized with the Yoast SEO plugin v28.4 - https:\/\/yoast.com\/product\/yoast-seo-wordpress\/ -->\n<title>Ecos de un pacto olvidado - Chile en Tinieblas<\/title>\n<meta name=\"robots\" content=\"index, follow, max-snippet:-1, max-image-preview:large, max-video-preview:-1\" \/>\n<link rel=\"canonical\" href=\"https:\/\/chileentinieblas.cl\/en\/ecos-de-un-pacto-olvidado\/\" \/>\n<meta property=\"og:locale\" content=\"en_US\" \/>\n<meta property=\"og:type\" content=\"article\" \/>\n<meta property=\"og:title\" content=\"Ecos de un pacto olvidado - Chile en Tinieblas\" \/>\n<meta property=\"og:description\" content=\"Crossover: Wraith &amp; Changeling - Resumen del evento Bajo la Luna Roja.\" \/>\n<meta property=\"og:url\" content=\"https:\/\/chileentinieblas.cl\/en\/ecos-de-un-pacto-olvidado\/\" \/>\n<meta property=\"og:site_name\" content=\"Chile en Tinieblas\" \/>\n<meta property=\"article:publisher\" content=\"https:\/\/www.facebook.com\/ChileenTinieblas\" \/>\n<meta property=\"article:published_time\" content=\"2025-10-29T01:08:06+00:00\" \/>\n<meta property=\"article:modified_time\" content=\"2025-10-29T14:26:17+00:00\" \/>\n<meta property=\"og:image\" content=\"https:\/\/chileentinieblas.cl\/wp-content\/uploads\/2025\/10\/20251028_2204_Batalla-bajo-Luna-Roja_remix_01k8pqsvgnephv6f41d0n2tarx-1024x683.png\" \/>\n\t<meta property=\"og:image:width\" content=\"1024\" \/>\n\t<meta property=\"og:image:height\" content=\"683\" \/>\n\t<meta property=\"og:image:type\" content=\"image\/png\" \/>\n<meta name=\"author\" content=\"Chile en Tinieblas\" \/>\n<meta name=\"twitter:card\" content=\"summary_large_image\" \/>\n<meta name=\"twitter:label1\" content=\"Written by\" \/>\n\t<meta name=\"twitter:data1\" content=\"Chile en Tinieblas\" \/>\n\t<meta name=\"twitter:label2\" content=\"Est. reading time\" \/>\n\t<meta name=\"twitter:data2\" content=\"4 minutes\" \/>\n<script type=\"application\/ld+json\" class=\"yoast-schema-graph\">{\"@context\":\"https:\\\/\\\/schema.org\",\"@graph\":[{\"@type\":\"Article\",\"@id\":\"https:\\\/\\\/chileentinieblas.cl\\\/ecos-de-un-pacto-olvidado\\\/#article\",\"isPartOf\":{\"@id\":\"https:\\\/\\\/chileentinieblas.cl\\\/ecos-de-un-pacto-olvidado\\\/\"},\"author\":{\"name\":\"Chile en Tinieblas\",\"@id\":\"https:\\\/\\\/chileentinieblas.cl\\\/#\\\/schema\\\/person\\\/dd8aa8c569668ff2f5908cb87ac8d9e6\"},\"headline\":\"Ecos de un pacto olvidado\",\"datePublished\":\"2025-10-29T01:08:06+00:00\",\"dateModified\":\"2025-10-29T14:26:17+00:00\",\"mainEntityOfPage\":{\"@id\":\"https:\\\/\\\/chileentinieblas.cl\\\/ecos-de-un-pacto-olvidado\\\/\"},\"wordCount\":750,\"commentCount\":0,\"publisher\":{\"@id\":\"https:\\\/\\\/chileentinieblas.cl\\\/#organization\"},\"image\":{\"@id\":\"https:\\\/\\\/chileentinieblas.cl\\\/ecos-de-un-pacto-olvidado\\\/#primaryimage\"},\"thumbnailUrl\":\"https:\\\/\\\/chileentinieblas.cl\\\/wp-content\\\/uploads\\\/2025\\\/10\\\/20251028_2204_Batalla-bajo-Luna-Roja_remix_01k8pqsvgnephv6f41d0n2tarx.png\",\"keywords\":[\"Changeling\",\"wraiths\"],\"articleSection\":[\"Historias\"],\"inLanguage\":\"en-US\",\"potentialAction\":[{\"@type\":\"CommentAction\",\"name\":\"Comment\",\"target\":[\"https:\\\/\\\/chileentinieblas.cl\\\/ecos-de-un-pacto-olvidado\\\/#respond\"]}]},{\"@type\":\"WebPage\",\"@id\":\"https:\\\/\\\/chileentinieblas.cl\\\/ecos-de-un-pacto-olvidado\\\/\",\"url\":\"https:\\\/\\\/chileentinieblas.cl\\\/ecos-de-un-pacto-olvidado\\\/\",\"name\":\"Ecos de un pacto olvidado - Chile en Tinieblas\",\"isPartOf\":{\"@id\":\"https:\\\/\\\/chileentinieblas.cl\\\/#website\"},\"primaryImageOfPage\":{\"@id\":\"https:\\\/\\\/chileentinieblas.cl\\\/ecos-de-un-pacto-olvidado\\\/#primaryimage\"},\"image\":{\"@id\":\"https:\\\/\\\/chileentinieblas.cl\\\/ecos-de-un-pacto-olvidado\\\/#primaryimage\"},\"thumbnailUrl\":\"https:\\\/\\\/chileentinieblas.cl\\\/wp-content\\\/uploads\\\/2025\\\/10\\\/20251028_2204_Batalla-bajo-Luna-Roja_remix_01k8pqsvgnephv6f41d0n2tarx.png\",\"datePublished\":\"2025-10-29T01:08:06+00:00\",\"dateModified\":\"2025-10-29T14:26:17+00:00\",\"breadcrumb\":{\"@id\":\"https:\\\/\\\/chileentinieblas.cl\\\/ecos-de-un-pacto-olvidado\\\/#breadcrumb\"},\"inLanguage\":\"en-US\",\"potentialAction\":[{\"@type\":\"ReadAction\",\"target\":[\"https:\\\/\\\/chileentinieblas.cl\\\/ecos-de-un-pacto-olvidado\\\/\"]}]},{\"@type\":\"ImageObject\",\"inLanguage\":\"en-US\",\"@id\":\"https:\\\/\\\/chileentinieblas.cl\\\/ecos-de-un-pacto-olvidado\\\/#primaryimage\",\"url\":\"https:\\\/\\\/chileentinieblas.cl\\\/wp-content\\\/uploads\\\/2025\\\/10\\\/20251028_2204_Batalla-bajo-Luna-Roja_remix_01k8pqsvgnephv6f41d0n2tarx.png\",\"contentUrl\":\"https:\\\/\\\/chileentinieblas.cl\\\/wp-content\\\/uploads\\\/2025\\\/10\\\/20251028_2204_Batalla-bajo-Luna-Roja_remix_01k8pqsvgnephv6f41d0n2tarx.png\",\"width\":1536,\"height\":1024},{\"@type\":\"BreadcrumbList\",\"@id\":\"https:\\\/\\\/chileentinieblas.cl\\\/ecos-de-un-pacto-olvidado\\\/#breadcrumb\",\"itemListElement\":[{\"@type\":\"ListItem\",\"position\":1,\"name\":\"Portada\",\"item\":\"https:\\\/\\\/chileentinieblas.cl\\\/\"},{\"@type\":\"ListItem\",\"position\":2,\"name\":\"Ecos de un pacto olvidado\"}]},{\"@type\":\"WebSite\",\"@id\":\"https:\\\/\\\/chileentinieblas.cl\\\/#website\",\"url\":\"https:\\\/\\\/chileentinieblas.cl\\\/\",\"name\":\"Chile en Tinieblas\",\"description\":\"Un servidor con mesas de rol de Mundo de Tinieblas\",\"publisher\":{\"@id\":\"https:\\\/\\\/chileentinieblas.cl\\\/#organization\"},\"potentialAction\":[{\"@type\":\"SearchAction\",\"target\":{\"@type\":\"EntryPoint\",\"urlTemplate\":\"https:\\\/\\\/chileentinieblas.cl\\\/?s={search_term_string}\"},\"query-input\":{\"@type\":\"PropertyValueSpecification\",\"valueRequired\":true,\"valueName\":\"search_term_string\"}}],\"inLanguage\":\"en-US\"},{\"@type\":\"Organization\",\"@id\":\"https:\\\/\\\/chileentinieblas.cl\\\/#organization\",\"name\":\"Chile en Tinieblas\",\"url\":\"https:\\\/\\\/chileentinieblas.cl\\\/\",\"logo\":{\"@type\":\"ImageObject\",\"inLanguage\":\"en-US\",\"@id\":\"https:\\\/\\\/chileentinieblas.cl\\\/#\\\/schema\\\/logo\\\/image\\\/\",\"url\":\"https:\\\/\\\/chileentinieblas.cl\\\/wp-content\\\/uploads\\\/2021\\\/12\\\/logo-cet-claro.png\",\"contentUrl\":\"https:\\\/\\\/chileentinieblas.cl\\\/wp-content\\\/uploads\\\/2021\\\/12\\\/logo-cet-claro.png\",\"width\":1001,\"height\":1030,\"caption\":\"Chile en Tinieblas\"},\"image\":{\"@id\":\"https:\\\/\\\/chileentinieblas.cl\\\/#\\\/schema\\\/logo\\\/image\\\/\"},\"sameAs\":[\"https:\\\/\\\/www.facebook.com\\\/ChileenTinieblas\",\"https:\\\/\\\/www.instagram.com\\\/chileentinieblas\\\/\",\"https:\\\/\\\/www.youtube.com\\\/@chileentinieblas\",\"https:\\\/\\\/www.tiktok.com\\\/@chileentinieblas\"]},{\"@type\":\"Person\",\"@id\":\"https:\\\/\\\/chileentinieblas.cl\\\/#\\\/schema\\\/person\\\/dd8aa8c569668ff2f5908cb87ac8d9e6\",\"name\":\"Chile en Tinieblas\",\"image\":{\"@type\":\"ImageObject\",\"inLanguage\":\"en-US\",\"@id\":\"https:\\\/\\\/secure.gravatar.com\\\/avatar\\\/57a5347dce8fd39709496f367e6b918c3a57f5d0c33f2ae2292f111efee97f7d?s=96&d=mm&r=g\",\"url\":\"https:\\\/\\\/secure.gravatar.com\\\/avatar\\\/57a5347dce8fd39709496f367e6b918c3a57f5d0c33f2ae2292f111efee97f7d?s=96&d=mm&r=g\",\"contentUrl\":\"https:\\\/\\\/secure.gravatar.com\\\/avatar\\\/57a5347dce8fd39709496f367e6b918c3a57f5d0c33f2ae2292f111efee97f7d?s=96&d=mm&r=g\",\"caption\":\"Chile en Tinieblas\"},\"sameAs\":[\"https:\\\/\\\/chileentinieblas.cl\\\/\"],\"url\":\"https:\\\/\\\/chileentinieblas.cl\\\/en\\\/author\\\/chileentinieblas\\\/\"}]}<\/script>\n<!-- \/ Yoast SEO plugin. -->","yoast_head_json":{"title":"Ecos de un pacto olvidado - Chile en Tinieblas","robots":{"index":"index","follow":"follow","max-snippet":"max-snippet:-1","max-image-preview":"max-image-preview:large","max-video-preview":"max-video-preview:-1"},"canonical":"https:\/\/chileentinieblas.cl\/en\/ecos-de-un-pacto-olvidado\/","og_locale":"en_US","og_type":"article","og_title":"Ecos de un pacto olvidado - Chile en Tinieblas","og_description":"Crossover: Wraith & Changeling - Resumen del evento Bajo la Luna Roja.","og_url":"https:\/\/chileentinieblas.cl\/en\/ecos-de-un-pacto-olvidado\/","og_site_name":"Chile en Tinieblas","article_publisher":"https:\/\/www.facebook.com\/ChileenTinieblas","article_published_time":"2025-10-29T01:08:06+00:00","article_modified_time":"2025-10-29T14:26:17+00:00","og_image":[{"width":1024,"height":683,"url":"https:\/\/chileentinieblas.cl\/wp-content\/uploads\/2025\/10\/20251028_2204_Batalla-bajo-Luna-Roja_remix_01k8pqsvgnephv6f41d0n2tarx-1024x683.png","type":"image\/png"}],"author":"Chile en Tinieblas","twitter_card":"summary_large_image","twitter_misc":{"Written by":"Chile en Tinieblas","Est. reading time":"4 minutes"},"schema":{"@context":"https:\/\/schema.org","@graph":[{"@type":"Article","@id":"https:\/\/chileentinieblas.cl\/ecos-de-un-pacto-olvidado\/#article","isPartOf":{"@id":"https:\/\/chileentinieblas.cl\/ecos-de-un-pacto-olvidado\/"},"author":{"name":"Chile en Tinieblas","@id":"https:\/\/chileentinieblas.cl\/#\/schema\/person\/dd8aa8c569668ff2f5908cb87ac8d9e6"},"headline":"Ecos de un pacto olvidado","datePublished":"2025-10-29T01:08:06+00:00","dateModified":"2025-10-29T14:26:17+00:00","mainEntityOfPage":{"@id":"https:\/\/chileentinieblas.cl\/ecos-de-un-pacto-olvidado\/"},"wordCount":750,"commentCount":0,"publisher":{"@id":"https:\/\/chileentinieblas.cl\/#organization"},"image":{"@id":"https:\/\/chileentinieblas.cl\/ecos-de-un-pacto-olvidado\/#primaryimage"},"thumbnailUrl":"https:\/\/chileentinieblas.cl\/wp-content\/uploads\/2025\/10\/20251028_2204_Batalla-bajo-Luna-Roja_remix_01k8pqsvgnephv6f41d0n2tarx.png","keywords":["Changeling","wraiths"],"articleSection":["Historias"],"inLanguage":"en-US","potentialAction":[{"@type":"CommentAction","name":"Comment","target":["https:\/\/chileentinieblas.cl\/ecos-de-un-pacto-olvidado\/#respond"]}]},{"@type":"WebPage","@id":"https:\/\/chileentinieblas.cl\/ecos-de-un-pacto-olvidado\/","url":"https:\/\/chileentinieblas.cl\/ecos-de-un-pacto-olvidado\/","name":"Ecos de un pacto olvidado - Chile en Tinieblas","isPartOf":{"@id":"https:\/\/chileentinieblas.cl\/#website"},"primaryImageOfPage":{"@id":"https:\/\/chileentinieblas.cl\/ecos-de-un-pacto-olvidado\/#primaryimage"},"image":{"@id":"https:\/\/chileentinieblas.cl\/ecos-de-un-pacto-olvidado\/#primaryimage"},"thumbnailUrl":"https:\/\/chileentinieblas.cl\/wp-content\/uploads\/2025\/10\/20251028_2204_Batalla-bajo-Luna-Roja_remix_01k8pqsvgnephv6f41d0n2tarx.png","datePublished":"2025-10-29T01:08:06+00:00","dateModified":"2025-10-29T14:26:17+00:00","breadcrumb":{"@id":"https:\/\/chileentinieblas.cl\/ecos-de-un-pacto-olvidado\/#breadcrumb"},"inLanguage":"en-US","potentialAction":[{"@type":"ReadAction","target":["https:\/\/chileentinieblas.cl\/ecos-de-un-pacto-olvidado\/"]}]},{"@type":"ImageObject","inLanguage":"en-US","@id":"https:\/\/chileentinieblas.cl\/ecos-de-un-pacto-olvidado\/#primaryimage","url":"https:\/\/chileentinieblas.cl\/wp-content\/uploads\/2025\/10\/20251028_2204_Batalla-bajo-Luna-Roja_remix_01k8pqsvgnephv6f41d0n2tarx.png","contentUrl":"https:\/\/chileentinieblas.cl\/wp-content\/uploads\/2025\/10\/20251028_2204_Batalla-bajo-Luna-Roja_remix_01k8pqsvgnephv6f41d0n2tarx.png","width":1536,"height":1024},{"@type":"BreadcrumbList","@id":"https:\/\/chileentinieblas.cl\/ecos-de-un-pacto-olvidado\/#breadcrumb","itemListElement":[{"@type":"ListItem","position":1,"name":"Portada","item":"https:\/\/chileentinieblas.cl\/"},{"@type":"ListItem","position":2,"name":"Ecos de un pacto olvidado"}]},{"@type":"WebSite","@id":"https:\/\/chileentinieblas.cl\/#website","url":"https:\/\/chileentinieblas.cl\/","name":"Chile en Tinieblas","description":"Un servidor con mesas de rol de Mundo de Tinieblas","publisher":{"@id":"https:\/\/chileentinieblas.cl\/#organization"},"potentialAction":[{"@type":"SearchAction","target":{"@type":"EntryPoint","urlTemplate":"https:\/\/chileentinieblas.cl\/?s={search_term_string}"},"query-input":{"@type":"PropertyValueSpecification","valueRequired":true,"valueName":"search_term_string"}}],"inLanguage":"en-US"},{"@type":"Organization","@id":"https:\/\/chileentinieblas.cl\/#organization","name":"Chile en Tinieblas","url":"https:\/\/chileentinieblas.cl\/","logo":{"@type":"ImageObject","inLanguage":"en-US","@id":"https:\/\/chileentinieblas.cl\/#\/schema\/logo\/image\/","url":"https:\/\/chileentinieblas.cl\/wp-content\/uploads\/2021\/12\/logo-cet-claro.png","contentUrl":"https:\/\/chileentinieblas.cl\/wp-content\/uploads\/2021\/12\/logo-cet-claro.png","width":1001,"height":1030,"caption":"Chile en Tinieblas"},"image":{"@id":"https:\/\/chileentinieblas.cl\/#\/schema\/logo\/image\/"},"sameAs":["https:\/\/www.facebook.com\/ChileenTinieblas","https:\/\/www.instagram.com\/chileentinieblas\/","https:\/\/www.youtube.com\/@chileentinieblas","https:\/\/www.tiktok.com\/@chileentinieblas"]},{"@type":"Person","@id":"https:\/\/chileentinieblas.cl\/#\/schema\/person\/dd8aa8c569668ff2f5908cb87ac8d9e6","name":"Chile en Tinieblas","image":{"@type":"ImageObject","inLanguage":"en-US","@id":"https:\/\/secure.gravatar.com\/avatar\/57a5347dce8fd39709496f367e6b918c3a57f5d0c33f2ae2292f111efee97f7d?s=96&d=mm&r=g","url":"https:\/\/secure.gravatar.com\/avatar\/57a5347dce8fd39709496f367e6b918c3a57f5d0c33f2ae2292f111efee97f7d?s=96&d=mm&r=g","contentUrl":"https:\/\/secure.gravatar.com\/avatar\/57a5347dce8fd39709496f367e6b918c3a57f5d0c33f2ae2292f111efee97f7d?s=96&d=mm&r=g","caption":"Chile en Tinieblas"},"sameAs":["https:\/\/chileentinieblas.cl\/"],"url":"https:\/\/chileentinieblas.cl\/en\/author\/chileentinieblas\/"}]}},"jetpack_sharing_enabled":true,"jetpack_featured_media_url":"https:\/\/chileentinieblas.cl\/wp-content\/uploads\/2025\/10\/20251028_2204_Batalla-bajo-Luna-Roja_remix_01k8pqsvgnephv6f41d0n2tarx.png","_links":{"self":[{"href":"https:\/\/chileentinieblas.cl\/en\/wp-json\/wp\/v2\/posts\/6955","targetHints":{"allow":["GET"]}}],"collection":[{"href":"https:\/\/chileentinieblas.cl\/en\/wp-json\/wp\/v2\/posts"}],"about":[{"href":"https:\/\/chileentinieblas.cl\/en\/wp-json\/wp\/v2\/types\/post"}],"author":[{"embeddable":true,"href":"https:\/\/chileentinieblas.cl\/en\/wp-json\/wp\/v2\/users\/32"}],"replies":[{"embeddable":true,"href":"https:\/\/chileentinieblas.cl\/en\/wp-json\/wp\/v2\/comments?post=6955"}],"version-history":[{"count":7,"href":"https:\/\/chileentinieblas.cl\/en\/wp-json\/wp\/v2\/posts\/6955\/revisions"}],"predecessor-version":[{"id":7116,"href":"https:\/\/chileentinieblas.cl\/en\/wp-json\/wp\/v2\/posts\/6955\/revisions\/7116"}],"wp:featuredmedia":[{"embeddable":true,"href":"https:\/\/chileentinieblas.cl\/en\/wp-json\/wp\/v2\/media\/7101"}],"wp:attachment":[{"href":"https:\/\/chileentinieblas.cl\/en\/wp-json\/wp\/v2\/media?parent=6955"}],"wp:term":[{"taxonomy":"category","embeddable":true,"href":"https:\/\/chileentinieblas.cl\/en\/wp-json\/wp\/v2\/categories?post=6955"},{"taxonomy":"post_tag","embeddable":true,"href":"https:\/\/chileentinieblas.cl\/en\/wp-json\/wp\/v2\/tags?post=6955"},{"taxonomy":"juego","embeddable":true,"href":"https:\/\/chileentinieblas.cl\/en\/wp-json\/wp\/v2\/juego?post=6955"}],"curies":[{"name":"wp","href":"https:\/\/api.w.org\/{rel}","templated":true}]}}