{"id":6709,"date":"2025-07-31T23:13:41","date_gmt":"2025-07-31T23:13:41","guid":{"rendered":"https:\/\/chileentinieblas.cl\/?p=6709"},"modified":"2025-08-13T19:38:11","modified_gmt":"2025-08-13T19:38:11","slug":"presagios-que-se-esconden-en-la-noche","status":"publish","type":"post","link":"https:\/\/chileentinieblas.cl\/en\/presagios-que-se-esconden-en-la-noche\/","title":{"rendered":"Presagios que se esconden en la noche"},"content":{"rendered":"<figure class=\"wp-block-image size-large\"><img fetchpriority=\"high\" decoding=\"async\" width=\"1536\" height=\"864\" src=\"https:\/\/chileentinieblas.cl\/wp-content\/uploads\/2025\/07\/ChatGPT-Image-30-jul-2025-20_47_26-edited.png\" alt=\"\" class=\"wp-image-6714\" srcset=\"https:\/\/chileentinieblas.cl\/wp-content\/uploads\/2025\/07\/ChatGPT-Image-30-jul-2025-20_47_26-edited.png 1536w, https:\/\/chileentinieblas.cl\/wp-content\/uploads\/2025\/07\/ChatGPT-Image-30-jul-2025-20_47_26-edited-300x169.png 300w, https:\/\/chileentinieblas.cl\/wp-content\/uploads\/2025\/07\/ChatGPT-Image-30-jul-2025-20_47_26-edited-1024x576.png 1024w, https:\/\/chileentinieblas.cl\/wp-content\/uploads\/2025\/07\/ChatGPT-Image-30-jul-2025-20_47_26-edited-768x432.png 768w, https:\/\/chileentinieblas.cl\/wp-content\/uploads\/2025\/07\/ChatGPT-Image-30-jul-2025-20_47_26-edited-18x10.png 18w\" sizes=\"(max-width: 1536px) 100vw, 1536px\" \/><\/figure>\n\n\n\n<h2 class=\"wp-block-heading\" id=\"h-profecias-en-pirque\">Profec\u00edas en Pirque<\/h2>\n\n\n\n<p class=\"wp-block-paragraph\"><strong><em>Cuando Ca\u00eddos y Garous cruzaron caminos<\/em><\/strong><\/p>\n\n\n\n<p class=\"wp-block-paragraph\">En los rincones m\u00e1s oscuros de Santiago, dos historias distintas comenzaron a entrelazarse sin que sus protagonistas lo supieran.<\/p>\n\n\n\n<p class=\"wp-block-paragraph\">En el bar <strong>El Penitente<\/strong>, un grupo de <strong>Ca\u00eddos<\/strong> reci\u00e9n llegados al mundo humano beb\u00eda y discut\u00eda sobre su incierta nueva vida. Su charla se interrumpi\u00f3 cuando <strong>Delfos<\/strong>, un mago desesperado, lleg\u00f3 con una advertencia: hab\u00eda tenido un sue\u00f1o prof\u00e9tico sobre un poderoso demonio que pronto desatar\u00eda el caos en la Tierra. Solo sus hermanos Ca\u00eddos podr\u00edan detenerlo.<\/p>\n\n\n\n<p class=\"wp-block-paragraph\">Tras un tenso intercambio \u2014 y algunos favores cobrados \u2014, los demonios aceptaron ayudar. Sus investigaciones los llevaron a <strong>Pirque<\/strong>, donde descubrir\u00edan una fiesta ilegal en la que circulaba una droga con un aura tan perturbadora que evocaba al <strong>Abismo<\/strong>, la prisi\u00f3n de la que hab\u00edan escapado tras eones de sufrimiento.<\/p>\n\n\n\n<p class=\"wp-block-paragraph\">Mientras tanto, en un bar clandestino llamado <strong>El Hoyo<\/strong>, un grupo de <strong>R\u014dnins<\/strong>, Garou sin t\u00famulo, sobreviv\u00edan a duras penas trabajando entre humo y copas vac\u00edas. La llegada de <strong>Herida en el Silencio<\/strong>, un Garou diplom\u00e1tico y encargado de registrar la Parentela en Santiago, les devolvi\u00f3 una chispa de prop\u00f3sito: uno de los Alfas del Caj\u00f3n del Maipo hab\u00eda tenido una visi\u00f3n. Parte de la Parentela estaba en grave peligro, y si ellos los salvaban, podr\u00edan ser aceptados de nuevo en un t\u00famulo.<\/p>\n\n\n\n<p class=\"wp-block-paragraph\">Sin dudarlo, los R\u014dnins partieron hacia el mismo lugar: <strong>un edificio a medio construir en Pirque<\/strong>, se\u00f1alado por la visi\u00f3n del Alfa.<\/p>\n\n\n\n<h3 class=\"wp-block-heading\" id=\"h-ascenso-hacia-el-horror\">Ascenso hacia el horror<\/h3>\n\n\n\n<p class=\"wp-block-paragraph\">Los demonios estando ya en la fiesta, usando sus poderes, confirmaron la conexi\u00f3n entre la droga y fuerzas oscuras ligadas a su propio tormento. Decidieron infiltrarse m\u00e1s para obtener respuestas, pero pronto todo se sali\u00f3 de control: los asistentes comenzaron a transformarse en monstruosidades deformes, atacando sin piedad a todo lo que se mov\u00eda.<\/p>\n\n\n\n<p class=\"wp-block-paragraph\">Al mismo tiempo, los <strong>Garou<\/strong> exploraban los pisos inferiores del edificio. Con la ayuda de un <strong>Queltehue<\/strong>, esp\u00edritu aliado de la Theurge, detectaron una corrupci\u00f3n creciente a medida que sub\u00edan. En el tercer piso, presenciaron la perturbadora transformaci\u00f3n de un hombre en algo inhumano, pero lo dejaron atr\u00e1s: su prioridad era rescatar a la Parentela.<\/p>\n\n\n\n<p class=\"wp-block-paragraph\">Fue en el <strong>sexto piso<\/strong> donde los destinos de ambos grupos chocaron. Gritos desgarradores resonaban mientras <strong>criaturas simbi\u00f3ticas<\/strong> bloqueaban el paso. Detr\u00e1s de ellas, los <strong>demonios en sus formas apocal\u00edpticas<\/strong> luchaban contra estas aberraciones.<\/p>\n\n\n\n<p class=\"wp-block-paragraph\">La confusi\u00f3n inicial se disip\u00f3 r\u00e1pido. Los R\u014dnins, entendiendo que compart\u00edan enemigos, se lanzaron a la pelea. El combate fue brutal y breve, pero sirvi\u00f3 para forjar una <strong>alianza moment\u00e1nea<\/strong>.<\/p>\n\n\n\n<h3 class=\"wp-block-heading\" id=\"h-la-batalla-final\">La batalla final<\/h3>\n\n\n\n<p class=\"wp-block-paragraph\">Tras una corta charla, ambos grupos decidieron unirse. Subieron juntos hasta el s\u00e9ptimo piso, donde los esperaba una <strong>abominaci\u00f3n tentacular<\/strong>, una amalgama de cuerpos humanos pose\u00eddos por la sustancia corrupta. El aire apestaba a Wyrm y al eco de algo a\u00fan m\u00e1s antiguo, algo que los Ca\u00eddos reconoc\u00edan de su siglos en el Abismo.<\/p>\n\n\n\n<p class=\"wp-block-paragraph\">La batalla fue encarnizada. Los cambiaformas, con su furia primigenia, debilitaron a la criatura mientras los demonios descargaban poderes devastadores. Finalmente, un Ca\u00eddo, usando una versi\u00f3n atormentada de su Saber, acab\u00f3 con la bestia de forma brutal, hiriendo de paso a los Garou.<\/p>\n\n\n\n<p class=\"wp-block-paragraph\">Pese a las tensiones, el objetivo com\u00fan prevaleci\u00f3. La criatura fue <strong>capturada con vida<\/strong>, y los Ca\u00eddos decidieron llev\u00e1rsela a <strong>Otelo<\/strong> para interrogarla, convencidos de que aquella corrupci\u00f3n estaba ligada a algo mayor.<\/p>\n\n\n\n<h3 class=\"wp-block-heading\" id=\"h-dos-caminos-un-mismo-desastre\">Dos caminos, un mismo desastre<\/h3>\n\n\n\n<p class=\"wp-block-paragraph\">Con la amenaza inmediata neutralizada, los grupos se separaron. Los demonios partieron con su prisionero, mientras los Garou encontraron a la <strong>Parentela sana y salva<\/strong>, escondida en los pisos inferiores.<\/p>\n\n\n\n<p class=\"wp-block-paragraph\">Pero al retirarse, ninguno mir\u00f3 atr\u00e1s. Dejaron un rastro de caos: <strong>humanos traumatizados, cad\u00e1veres irreconocibles y restos de la droga a\u00fan libres<\/strong>.<\/p>\n\n\n\n<p class=\"wp-block-paragraph\">La historia de esa noche quedar\u00eda grabada en la Umbra y en el mundo f\u00edsico como un eco de lo que ocurre cuando dos fuerzas tan distintas \u2014Ca\u00eddos y Garou\u2014 luchan contra un enemigo com\u00fan\u2026 y dejan atr\u00e1s un mundo a\u00fan m\u00e1s roto que antes.<\/p>\n\n\n\n<hr class=\"wp-block-separator has-text-color has-cyan-bluish-gray-color has-alpha-channel-opacity has-cyan-bluish-gray-background-color has-background is-style-dots\" style=\"margin-top:100px;margin-bottom:100px\"\/>\n\n\n\n<figure class=\"wp-block-image size-large\"><img decoding=\"async\" width=\"1536\" height=\"864\" src=\"https:\/\/chileentinieblas.cl\/wp-content\/uploads\/2025\/07\/caz-chang-edited.png\" alt=\"\" class=\"wp-image-6717\" srcset=\"https:\/\/chileentinieblas.cl\/wp-content\/uploads\/2025\/07\/caz-chang-edited.png 1536w, https:\/\/chileentinieblas.cl\/wp-content\/uploads\/2025\/07\/caz-chang-edited-300x169.png 300w, https:\/\/chileentinieblas.cl\/wp-content\/uploads\/2025\/07\/caz-chang-edited-1024x576.png 1024w, https:\/\/chileentinieblas.cl\/wp-content\/uploads\/2025\/07\/caz-chang-edited-768x432.png 768w, https:\/\/chileentinieblas.cl\/wp-content\/uploads\/2025\/07\/caz-chang-edited-18x10.png 18w\" sizes=\"(max-width: 1536px) 100vw, 1536px\" \/><\/figure>\n\n\n\n<h2 class=\"wp-block-heading\" id=\"h-presagios-de-pesadilla\">Presagios de Pesadilla<\/h2>\n\n\n\n<p class=\"wp-block-paragraph\"><em><strong>Cazadores y Changelings unidos por el horror<\/strong><\/em><\/p>\n\n\n\n<p class=\"wp-block-paragraph\">En Valpara\u00edso, la ciudad puerto donde lo real y lo irreal conviven en silencio, dos historias comenzaron a entrelazarse sin que sus protagonistas lo supieran.<\/p>\n\n\n\n<h3 class=\"wp-block-heading\" id=\"h-la-vision-de-los-changelings\">La visi\u00f3n de los Changelings<\/h3>\n\n\n\n<p class=\"wp-block-paragraph\">En la <strong>Casa Eiluned<\/strong>, un grupo de Changelings celebraba el final de un conflicto con los nobles fe\u00e9ricos. Entre risas y reconciliaci\u00f3n, todo se detuvo de golpe: una <strong>visi\u00f3n masiva<\/strong> mostr\u00f3 la imagen de un <strong>ritual prohibido<\/strong>, la <strong>muerte de un sidhe<\/strong> y una <strong>luna roja ba\u00f1ando la noche<\/strong>.<\/p>\n\n\n\n<p class=\"wp-block-paragraph\">Alarmados, <strong>Briaco y Leorig<\/strong> propusieron investigar en la <strong>biblioteca de la Casa Gwydion<\/strong>, donde hallaron un antiguo libro que hablaba del <strong>Juramento de las Estaciones<\/strong> y la misteriosa <strong>Canci\u00f3n del Ponche<\/strong>.<\/p>\n\n\n\n<p class=\"wp-block-paragraph\">El tiempo corr\u00eda. Siguiendo un mapa hallado en el mismo lugar, el grupo lleg\u00f3 al <strong>cementerio de Playa Ancha<\/strong>, donde un mausoleo escond\u00eda un t\u00fanel subterr\u00e1neo.<\/p>\n\n\n\n<h3 class=\"wp-block-heading\" id=\"h-la-prueba-de-la-biblioteca-abandonada\">La prueba de la biblioteca abandonada<\/h3>\n\n\n\n<p class=\"wp-block-paragraph\">Mientras avanzaban, encontraron una <strong>biblioteca en ruinas<\/strong>, con un <strong>altar en el centro<\/strong> y un libro acompa\u00f1ado de un <strong>rizo de cabello<\/strong>.<\/p>\n\n\n\n<p class=\"wp-block-paragraph\">Al tomar el libro, fueron transportados entre estanter\u00edas infinitas. All\u00ed, cada uno debi\u00f3 enfrentarse a <strong>los traumas de su vida mortal<\/strong>, reviviendo recuerdos olvidados.<\/p>\n\n\n\n<p class=\"wp-block-paragraph\">Superada la prueba, tomaron la <strong>pluma y el rizo<\/strong>, pero el lugar comenz\u00f3 a derrumbarse. En su huida, llegaron a un espacio abierto donde hallaron un <strong>espejo antiguo<\/strong> y a una <strong>ni\u00f1a aterrada pidiendo ayuda<\/strong>.<\/p>\n\n\n\n<h3 class=\"wp-block-heading\" id=\"h-los-cazadores-y-los-comas-misteriosos\">Los cazadores y los comas misteriosos<\/h3>\n\n\n\n<p class=\"wp-block-paragraph\">Mientras tanto, la <strong>Brigada de Investigaci\u00f3n Especial de la PDI<\/strong> investigaba una serie de casos de <strong>coma profundo<\/strong>, todos con <strong>s\u00edmbolos arcanos grabados en la piel<\/strong>. El esc\u00e1ndalo explot\u00f3 cuando <strong>Marisela Santib\u00e1\u00f1ez<\/strong>, diputada y activista cultural, colaps\u00f3 en pleno evento art\u00edstico con las mismas marcas.<\/p>\n\n\n\n<p class=\"wp-block-paragraph\">Lo que parec\u00eda un caso m\u00e9dico pronto se convirti\u00f3 en algo mucho m\u00e1s oscuro. Las pistas llevaron a los cazadores a un <strong>ritual con espejos ceremoniales<\/strong>, s\u00edmbolos fe\u00e9ricos y <strong>una conexi\u00f3n con la Penumbra<\/strong>.<\/p>\n\n\n\n<p class=\"wp-block-paragraph\">Siguiendo estas huellas, <strong>atravesaron el espejo<\/strong>\u2026 y cayeron en el mismo lugar donde los Changelings luchaban por sobrevivir.<\/p>\n\n\n\n<h3 class=\"wp-block-heading\" id=\"h-el-nacimiento-de-la-quimera\">El nacimiento de la Quimera<\/h3>\n\n\n\n<p class=\"wp-block-paragraph\">La ni\u00f1a que ped\u00eda ayuda se <strong>deshizo en el aire<\/strong>, revelando su verdadera naturaleza: una <strong>quimera monstruosa<\/strong>, formada por <strong>pesadillas, energ\u00eda de Wraiths y Changelings desterrados<\/strong>, con varios <strong>cuerpos colgando de su interior<\/strong>, incluyendo el de <strong>Marisela Santib\u00e1\u00f1ez<\/strong>.<\/p>\n\n\n\n<p class=\"wp-block-paragraph\">El combate fue feroz. Cazadores y Changelings, desconfiando unos de otros, <strong>se vieron obligados a cooperar<\/strong>. La criatura emiti\u00f3 un <strong>chirrido atroz<\/strong>, paralizando a varios mientras devoraba a una de sus v\u00edctimas.<\/p>\n\n\n\n<p class=\"wp-block-paragraph\">En un acto desesperado, un <strong>Sluagh desat\u00f3 su Arte de Narraci\u00f3n<\/strong>, invocando un <strong>drag\u00f3n fe\u00e9rico<\/strong> que se abalanz\u00f3 sobre la criatura. Entre rugidos y magia, el drag\u00f3n logr\u00f3 vencerla, liberando los cuerpos atrapados y revelando en su interior el <strong>espejo ceremonial<\/strong>.<\/p>\n\n\n\n<h3 class=\"wp-block-heading\" id=\"h-la-trampa-final\">La trampa final<\/h3>\n\n\n\n<p class=\"wp-block-paragraph\">Con esfuerzo, lograron <strong>recuperar el espejo<\/strong> y salvar a la mayor\u00eda de las v\u00edctimas, incluida <strong>Marisela<\/strong>.<\/p>\n\n\n\n<p class=\"wp-block-paragraph\">Fue entonces cuando apareci\u00f3 <strong><a href=\"https:\/\/chileentinieblas.cl\/en\/pnj\/tegwyll\/\">Tegwyll<\/a><\/strong>, exigiendo los materiales recuperados para \u201cpreparar el ritual\u201d. Pese a sus dudas, los Changelings accedieron a entreg\u00e1rselos.<\/p>\n\n\n\n<p class=\"wp-block-paragraph\">Los cazadores, al regresar al mundo f\u00edsico, <strong>despertaron en la Casona de la Serpiente<\/strong>\u2026 con los <strong>mismos tatuajes r\u00fanicos<\/strong> que las v\u00edctimas. En cuesti\u00f3n de segundos, <strong>cayeron en coma profundo<\/strong>, comprendiendo demasiado tarde que <strong>todo hab\u00eda sido una trampa<\/strong>.<\/p>\n\n\n\n<h3 class=\"wp-block-heading\" id=\"h-el-engano-y-la-celebracion\">El enga\u00f1o y la celebraci\u00f3n<\/h3>\n\n\n\n<p class=\"wp-block-paragraph\">Fuera de la biblioteca derruida, <strong>Briaco<\/strong> felicit\u00f3 a los Changelings por su haza\u00f1a y los invit\u00f3 a celebrar con unas copas. Pero las sombras de la traici\u00f3n ya estaban echadas.<\/p>\n\n\n\n<p class=\"wp-block-paragraph\">Los cazadores y los Changelings hab\u00edan jugado su papel en un ritual mucho mayor\u2026 uno cuyos efectos apenas comenzaban a desplegarse sobre Valpara\u00edso <strong>la noche de la luna roja<\/strong>.<\/p>\n\n\n\n<hr class=\"wp-block-separator has-text-color has-cyan-bluish-gray-color has-alpha-channel-opacity has-cyan-bluish-gray-background-color has-background is-style-dots\" style=\"margin-top:100px;margin-bottom:100px\"\/>\n\n\n\n<figure class=\"wp-block-image size-large\"><img decoding=\"async\" width=\"1536\" height=\"864\" src=\"https:\/\/chileentinieblas.cl\/wp-content\/uploads\/2025\/07\/vampiro2-edited.png\" alt=\"\" class=\"wp-image-6719\" srcset=\"https:\/\/chileentinieblas.cl\/wp-content\/uploads\/2025\/07\/vampiro2-edited.png 1536w, https:\/\/chileentinieblas.cl\/wp-content\/uploads\/2025\/07\/vampiro2-edited-300x169.png 300w, https:\/\/chileentinieblas.cl\/wp-content\/uploads\/2025\/07\/vampiro2-edited-1024x576.png 1024w, https:\/\/chileentinieblas.cl\/wp-content\/uploads\/2025\/07\/vampiro2-edited-768x432.png 768w, https:\/\/chileentinieblas.cl\/wp-content\/uploads\/2025\/07\/vampiro2-edited-18x10.png 18w\" sizes=\"(max-width: 1536px) 100vw, 1536px\" \/><\/figure>\n\n\n\n<h2 class=\"wp-block-heading\">El Hijo del Pecado<\/h2>\n\n\n\n<p class=\"wp-block-paragraph\">La noche ard\u00eda en <strong>Cal y Canto<\/strong>, en las profundidades de la <strong>Iglesia del Ni\u00f1o Jes\u00fas de Praga<\/strong>, un refugio profanado por <strong>Emilia de la Garza Hermosilla<\/strong>, una antigua y fan\u00e1tica del Sabbat.<\/p>\n\n\n\n<p class=\"wp-block-paragraph\">Los jugadores, guiados por rumores de rituales prohibidos, <strong>se infiltraron en el templo a trav\u00e9s de los t\u00faneles jesuitas<\/strong>, mientras sus aliados preparaban en la superficie una <strong>distracci\u00f3n incendiaria<\/strong> para cubrir la operaci\u00f3n.<\/p>\n\n\n\n<h3 class=\"wp-block-heading\" id=\"h-la-misa-profana\">La misa profana<\/h3>\n\n\n\n<p class=\"wp-block-paragraph\">Dentro de la iglesia, los c\u00e1nticos distorsionados de una <strong>misa blasfema<\/strong> llenaban el aire. Emilia, enloquecida por el poder y la devoci\u00f3n fan\u00e1tica, <strong>completaba un ritual de sangre<\/strong> cuyo objetivo pronto qued\u00f3 claro: dar vida a una abominaci\u00f3n.<\/p>\n\n\n\n<p class=\"wp-block-paragraph\">Del altar surgi\u00f3 el <strong>Hijo del Pecado<\/strong>, una criatura grotesca formada por la fusi\u00f3n de <strong>cinco discrasias diferentes<\/strong>. Su mera presencia era un insulto a la humanidad: sangre \u00e1cida rezumaba de su cuerpo, sus gritos despertaban el <strong>frenes\u00ed en los Cainitas<\/strong> y el caos estall\u00f3 entre los feligreses deformados por la Vaulderie.<\/p>\n\n\n\n<h3 class=\"wp-block-heading\" id=\"h-fuego-sangre-y-frenesi\">Fuego, sangre y frenes\u00ed<\/h3>\n\n\n\n<p class=\"wp-block-paragraph\">La lucha fue brutal. El templo se incendi\u00f3 mientras los jugadores combat\u00edan contra la criatura y los seguidores de Emilia. En medio del combate, <strong>descubrieron que Le\u00f3n \u2014un antiguo aliado\u2014 estaba prisionero bajo el Matadero<\/strong>, liber\u00e1ndolo a duras penas entre llamas y colapsos de piedra.<\/p>\n\n\n\n<p class=\"wp-block-paragraph\">Pero la victoria fue amarga: <strong>el Hijo del Pecado logr\u00f3 escapar por los t\u00faneles<\/strong>, dejando un rastro de muerte, destrucci\u00f3n y un incendio que <strong>rompi\u00f3 la Mascarada de manera irreversible<\/strong>.<\/p>\n\n\n\n<h3 class=\"wp-block-heading\" id=\"h-el-precio-de-la-ruptura\">El precio de la ruptura<\/h3>\n\n\n\n<p class=\"wp-block-paragraph\">El desastre atrajo la atenci\u00f3n de la <strong>Segunda Inquisici\u00f3n<\/strong>, que ahora moviliza c\u00e9lulas en Santiago. La Mascarada tambalea.<\/p>\n\n\n\n<p class=\"wp-block-paragraph\">Para empeorar las cosas, el conflicto deriv\u00f3 en un <strong>quiebre pol\u00edtico entre las Baron\u00edas Anarquistas de Independencia y Santiago Centro<\/strong>. Ambas exigen explicaciones por la omisi\u00f3n de Le\u00f3n y la participaci\u00f3n de sus chiquillos en el desastre.Las tensiones crecen. La fr\u00e1gil unidad de los Anarquistas comienza a resquebrajarse\u2026 <strong>justo cuando la verdadera amenaza sigue libre, acechando en las sombras.<\/strong><\/p>\n\n\n\n<hr class=\"wp-block-separator has-text-color has-cyan-bluish-gray-color has-alpha-channel-opacity has-cyan-bluish-gray-background-color has-background is-style-dots\" style=\"margin-top:100px;margin-bottom:100px\"\/>\n\n\n\n<figure class=\"wp-block-image size-large\"><img loading=\"lazy\" decoding=\"async\" width=\"1536\" height=\"864\" src=\"https:\/\/chileentinieblas.cl\/wp-content\/uploads\/2025\/07\/wraith1-edited.png\" alt=\"\" class=\"wp-image-6739\" srcset=\"https:\/\/chileentinieblas.cl\/wp-content\/uploads\/2025\/07\/wraith1-edited.png 1536w, https:\/\/chileentinieblas.cl\/wp-content\/uploads\/2025\/07\/wraith1-edited-300x169.png 300w, https:\/\/chileentinieblas.cl\/wp-content\/uploads\/2025\/07\/wraith1-edited-1024x576.png 1024w, https:\/\/chileentinieblas.cl\/wp-content\/uploads\/2025\/07\/wraith1-edited-768x432.png 768w, https:\/\/chileentinieblas.cl\/wp-content\/uploads\/2025\/07\/wraith1-edited-18x10.png 18w\" sizes=\"(max-width: 1536px) 100vw, 1536px\" \/><\/figure>\n\n\n\n<h2 class=\"wp-block-heading\">Ecos del Olvido<\/h2>\n\n\n\n<p class=\"wp-block-paragraph\">Una conspiraci\u00f3n se ha gestado en las fauces del <strong>Olvido<\/strong>, resonando como un eco siniestro a trav\u00e9s de todo el <strong>Mundo de los Muertos<\/strong>: desde los corredores del <strong>Laberinto<\/strong>, pasando por las <strong>Tierras de la Sombra<\/strong>, hasta filtrarse en las <strong>Tierras de la Piel<\/strong>.<\/p>\n\n\n\n<p class=\"wp-block-paragraph\">Una visi\u00f3n aterradora advierte a un <strong>C\u00edrculo de fantasmas renegados<\/strong> sobre un ataque inminente de las <strong>tropas del Olvido<\/strong> contra la ciudad de Valpara\u00edso. Si nadie act\u00faa, la marea espectral arrasar\u00e1 con vivos y muertos por igual.<\/p>\n\n\n\n<h3 class=\"wp-block-heading\" id=\"h-el-circulo-renegado\">El C\u00edrculo Renegado<\/h3>\n\n\n\n<p class=\"wp-block-paragraph\">Un profesor que por fin ha roto sus ataduras mortales.<\/p>\n\n\n\n<p class=\"wp-block-paragraph\">Un sicario que busca redenci\u00f3n por los cr\u00edmenes de su vida pasada.<\/p>\n\n\n\n<p class=\"wp-block-paragraph\">Un pu\u00f1ado de almas marcadas por culpas y recuerdos rotos, unidas solo por la urgencia de impedir el desastre.<\/p>\n\n\n\n<p class=\"wp-block-paragraph\">Su objetivo es claro: <strong>cazar y destruir a Diablillo<\/strong>, un espectro perverso que ha sembrado odio y terror en la poblaci\u00f3n viva, asistiendo a <strong>rituales prohibidos<\/strong> destinados a abrir la puerta del Olvido en la ciudad puerto.<\/p>\n\n\n\n<h3 class=\"wp-block-heading\" id=\"h-la-noche-de-la-luna-roja\">La noche de la luna roja<\/h3>\n\n\n\n<p class=\"wp-block-paragraph\">Es la <strong>noche m\u00e1s siniestra del a\u00f1o<\/strong>. Una <strong>luna roja<\/strong> cubre Valpara\u00edso con su fulgor enfermizo. Las calles hierven de violencia mientras los <strong>espectros aprovechan la inesperada debilidad del Manto<\/strong>, desatando su ataque.<\/p>\n\n\n\n<p class=\"wp-block-paragraph\">Entre las sombras, el C\u00edrculo Renegado corre contra el tiempo en un <strong>\u00faltimo intento desesperado por capturar y destruir a Diablillo<\/strong>, antes de que complete el ritual que abrir\u00e1 un <strong>portal hacia el Olvido<\/strong> y lo traiga a la Tierra.<\/p>\n\n\n\n<h3 class=\"wp-block-heading\" id=\"h-secretos-traiciones-y-redencion\">Secretos, traiciones y redenci\u00f3n<\/h3>\n\n\n\n<p class=\"wp-block-paragraph\">Pero la batalla contra los Espectros no es solo f\u00edsica. El camino hacia Diablillo est\u00e1 plagado de <strong>intrigas, mentiras y secretos inconfesables<\/strong>, verdades que podr\u00edan destruir al grupo desde dentro.<\/p>\n\n\n\n<p class=\"wp-block-paragraph\">Cada fantasma deber\u00e1 enfrentarse a su pasado, a la <strong>carga de sus pecados no redimidos<\/strong>, y decidir cu\u00e1nto est\u00e1 dispuesto a sacrificar para detener la voluntad del Olvido.<\/p>\n\n\n\n<p class=\"wp-block-paragraph\">\u00bfPodr\u00e1n proteger la ciudad de la extra\u00f1a influencia de la luna roja?<\/p>\n\n\n\n<p class=\"wp-block-paragraph\">\u00bfO Valpara\u00edso se convertir\u00e1 en la primera piedra del Imperio del Olvido sobre el mundo de los vivos?<\/p>\n\n\n\n<hr class=\"wp-block-separator has-text-color has-cyan-bluish-gray-color has-alpha-channel-opacity has-cyan-bluish-gray-background-color has-background is-style-dots\" style=\"margin-top:100px;margin-bottom:100px\"\/>\n\n\n\n<figure class=\"wp-block-image size-large\"><img loading=\"lazy\" decoding=\"async\" width=\"1536\" height=\"864\" src=\"https:\/\/chileentinieblas.cl\/wp-content\/uploads\/2025\/07\/ChatGPT-Image-31-jul-2025-18_13_20-edited.png\" alt=\"\" class=\"wp-image-6736\" srcset=\"https:\/\/chileentinieblas.cl\/wp-content\/uploads\/2025\/07\/ChatGPT-Image-31-jul-2025-18_13_20-edited.png 1536w, https:\/\/chileentinieblas.cl\/wp-content\/uploads\/2025\/07\/ChatGPT-Image-31-jul-2025-18_13_20-edited-300x169.png 300w, https:\/\/chileentinieblas.cl\/wp-content\/uploads\/2025\/07\/ChatGPT-Image-31-jul-2025-18_13_20-edited-1024x576.png 1024w, https:\/\/chileentinieblas.cl\/wp-content\/uploads\/2025\/07\/ChatGPT-Image-31-jul-2025-18_13_20-edited-768x432.png 768w, https:\/\/chileentinieblas.cl\/wp-content\/uploads\/2025\/07\/ChatGPT-Image-31-jul-2025-18_13_20-edited-18x10.png 18w\" sizes=\"(max-width: 1536px) 100vw, 1536px\" \/><\/figure>\n\n\n\n<h2 class=\"wp-block-heading\">La ca\u00edda de la red nacional de energ\u00eda<\/h2>\n\n\n\n<p class=\"wp-block-paragraph\">Nadie previ\u00f3 la precisi\u00f3n quir\u00fargica con la que la <strong>Tecnocracia<\/strong> lanz\u00f3 su ataque aquel d\u00eda de junio. Su objetivo: el <strong>Nexus Digitalis<\/strong>, la fortaleza virtual que almacenaba informaci\u00f3n sensible de varios magos del pa\u00eds, protegida por el grupo ciberterrorista <strong>\u201c<a href=\"https:\/\/chileentinieblas.cl\/en\/agrupaciones\/los-tr4ukos\/\">Los Tr4ukos<\/a>\u201d<\/strong>.<\/p>\n\n\n\n<p class=\"wp-block-paragraph\">Los Tr4ukos sab\u00edan que el ataque era inminente, pero decidieron <strong>defender su base digital a toda costa<\/strong>, neg\u00e1ndose a entregar los datos a <strong><a href=\"https:\/\/chileentinieblas.cl\/en\/pnj\/la-arquitecta\/\">La Arquitecta<\/a><\/strong>, primus de los Adeptos Virtuales. Fue su mayor error.<\/p>\n\n\n\n<h3 class=\"wp-block-heading\" id=\"h-la-caida-del-nexus\">La ca\u00edda del Nexus<\/h3>\n\n\n\n<p class=\"wp-block-paragraph\">Con el apoyo de La Arquitecta, otras facciones de Adeptos Virtuales y miembros de otras tradiciones, la resistencia intent\u00f3 frenar la ofensiva, pero la <strong>Uni\u00f3n<\/strong>, mediante un ataque masivo coordinado con malware, bots y tr\u00e1fico malicioso, sobrecarg\u00f3 los puntos d\u00e9biles del Nexus. La Tecnocracia hab\u00eda obtenido informaci\u00f3n clave a trav\u00e9s de <strong><a href=\"https:\/\/chileentinieblas.cl\/en\/pnj\/bitcoin\/\">Bitcoin<\/a><\/strong>, uno de los l\u00edderes capturados de los Tr4ukos, lo que les permiti\u00f3 usar cantidades abrumadoras de <strong>energ\u00eda, datos y poder de procesamiento<\/strong> durante la ofensiva.<\/p>\n\n\n\n<p class=\"wp-block-paragraph\">El Nexus estaba condenado a caer.<\/p>\n\n\n\n<h3 class=\"wp-block-heading\" id=\"h-la-decision-desesperada\">La decisi\u00f3n desesperada<\/h3>\n\n\n\n<p class=\"wp-block-paragraph\">En medio del colapso, los l\u00edderes de la resistencia propusieron un plan suicida: <strong>cortar el suministro energ\u00e9tico principal de la Tecnocracia<\/strong>, creando as\u00ed una ventana de tiempo para <strong>extraer y mover los datos del Nexus<\/strong> antes de su destrucci\u00f3n total.<\/p>\n\n\n\n<p class=\"wp-block-paragraph\">El plan requer\u00eda infiltrarse en una de las <strong>instalaciones m\u00e1s protegidas de la Uni\u00f3n<\/strong>, con acceso restringido y defensas automatizadas. Por suerte \u2014o destino\u2014, entre ellos estaba <strong>H\u00e9ctor<\/strong>, un ex-tecn\u00f3crata que hab\u00eda desertado para unirse a los Tr4ukos. H\u00e9ctor conoc\u00eda la ubicaci\u00f3n, los accesos\u2026 y las debilidades del lugar.<\/p>\n\n\n\n<h3 class=\"wp-block-heading\" id=\"h-el-equipo-de-infiltracion\">El equipo de infiltraci\u00f3n<\/h3>\n\n\n\n<p class=\"wp-block-paragraph\">La misi\u00f3n recay\u00f3 en un grupo escogido para la operaci\u00f3n:<\/p>\n\n\n\n<ul class=\"wp-block-list\">\n<li><strong>Valkiria<\/strong>, disc\u00edpula de La Arquitecta, l\u00edder t\u00e1ctica de la incursi\u00f3n.<br><\/li>\n\n\n\n<li><strong>Pirita<\/strong>, eterita experta en biomec\u00e1nica y miembro del programa <em>Cybercare<\/em>.<br><\/li>\n\n\n\n<li><strong>El Zot\u00e1n<\/strong>, un joven luchador ak\u00e1shico famoso en arenas virtuales.<br><\/li>\n\n\n\n<li><strong>Annie<\/strong>, verbena y disc\u00edpula de la maestra <a href=\"https:\/\/chileentinieblas.cl\/en\/pnj\/wacolda-huaikilaf-la-machi\/\">Wacolda<\/a>, destinada a apoyar cuando la tecnolog\u00eda no fuera suficiente.<br><\/li>\n\n\n\n<li><strong>Binary<\/strong>, un programa autoconsciente, responsable de <strong>colapsar el n\u00facleo tecnocr\u00e1tico<\/strong> una vez dentro.<br><\/li>\n\n\n\n<li>Y el propio <strong>H\u00e9ctor<\/strong>, portador de la informaci\u00f3n clave para la infiltraci\u00f3n.<br><\/li>\n<\/ul>\n\n\n\n<div style=\"height:50px\" aria-hidden=\"true\" class=\"wp-block-spacer\"><\/div>\n\n\n\n<h3 class=\"wp-block-heading\" id=\"h-el-asalto-a-la-instalacion\">El asalto a la instalaci\u00f3n<\/h3>\n\n\n\n<p class=\"wp-block-paragraph\">Usando la poca energ\u00eda restante, el equipo <strong>se teletransport\u00f3 a la base indicada por H\u00e9ctor<\/strong>. El c\u00e1lculo fue acertado: la instalaci\u00f3n operaba solo al 20% de su capacidad, ya que gran parte de los recursos se destinaban al ataque contra el Nexus.<\/p>\n\n\n\n<p class=\"wp-block-paragraph\">La resistencia encontrada era m\u00ednima. Los magos avanzaron eliminando agentes y androides, incluso <strong>reprogramando a algunos guardianes mec\u00e1nicos para abrirles el acceso al n\u00facleo energ\u00e9tico<\/strong>, pero, al llegar, la verdad golpe\u00f3 como un jarro de agua fr\u00eda:<\/p>\n\n\n\n<h3 class=\"wp-block-heading\" id=\"h-el-dilema-moral\">El dilema moral<\/h3>\n\n\n\n<p class=\"wp-block-paragraph\"><strong>Binary<\/strong> descubri\u00f3 que el n\u00facleo de la Tecnocracia estaba <strong>entrelazado con el sistema el\u00e9ctrico nacional<\/strong>.<\/p>\n\n\n\n<p class=\"wp-block-paragraph\">Atacar el n\u00facleo significar\u00eda cortar el suministro el\u00e9ctrico, botar internet y las comunicaciones, o sea, <strong>apagar todo el pa\u00eds<\/strong>.<\/p>\n\n\n\n<p class=\"wp-block-paragraph\">La tensi\u00f3n se intensific\u00f3:<\/p>\n\n\n\n<ul class=\"wp-block-list\">\n<li><strong>Valkiria, Pirita, H\u00e9ctor y El Zot\u00e1n<\/strong> estaban decididos a proceder. Proteger la informaci\u00f3n del Nexus y a sus seres queridos era prioritario.<br><\/li>\n\n\n\n<li><strong>Binary<\/strong> dudaba y <strong>Annie<\/strong>, consciente de que <strong>era noche de luna roja<\/strong>, esperaba que fuese algo temporal.<\/li>\n<\/ul>\n\n\n\n<p class=\"wp-block-paragraph\">No hubo tiempo para m\u00e1s discusi\u00f3n. El sistema de seguridad <strong>Atlas de la sala<\/strong> comenz\u00f3 lentamente a activarse al detectar intrusos. <strong>Decidieron actuar.<\/strong><\/p>\n\n\n\n<h3 class=\"wp-block-heading\" id=\"h-el-costo-de-la-victoria\">El costo de la victoria<\/h3>\n\n\n\n<p class=\"wp-block-paragraph\">Binary colaps\u00f3 el n\u00facleo. <strong>Las luces de Chile se apagaron.<\/strong><\/p>\n\n\n\n<p class=\"wp-block-paragraph\">La alarma de la Uni\u00f3n estall\u00f3, pero cuando los tecn\u00f3cratas llegaron a la instalaci\u00f3n, <strong>los magos ya hab\u00edan desaparecido<\/strong>.<\/p>\n\n\n\n<p class=\"wp-block-paragraph\">El Nexus hab\u00eda sido salvado, pero a un alto costo: <strong>Binary hab\u00eda desaparecido<\/strong> y el pa\u00eds entero qued\u00f3 a merced de la <strong>luna roja<\/strong>, que ba\u00f1aba de rojo un paisaje que poco a poco era v\u00edctima del caos y la oscuridad de esa noche.<\/p>\n\n\n\n<p class=\"wp-block-paragraph\">Las sombras crec\u00edan. El caos reci\u00e9n comenzaba.<\/p>","protected":false},"excerpt":{"rendered":"<p>Lee qu\u00e9 sucedi\u00f3 en nuestro evento &#8220;Presagios te\u00f1idos de rojo&#8221;<\/p>","protected":false},"author":1,"featured_media":6742,"comment_status":"open","ping_status":"open","sticky":false,"template":"","format":"standard","meta":{"_acf_changed":false,"inline_featured_image":false,"_monsterinsights_skip_tracking":false,"_jetpack_newsletter_access":"","_jetpack_dont_email_post_to_subs":false,"_jetpack_newsletter_tier_id":0,"_jetpack_memberships_contains_paywalled_content":false,"fifu_image_url":"","fifu_image_alt":"","_jetpack_feature_clip_id":0,"_jetpack_memberships_contains_paid_content":false,"footnotes":"","jetpack_post_was_ever_published":false},"categories":[134],"tags":[200,163,208,242,99],"juego":[131,105,80,117,84],"class_list":["post-6709","post","type-post","status-publish","format-standard","has-post-thumbnail","hentry","category-historias","tag-cazador-la-venganza","tag-changeling","tag-hombre-lobo","tag-mago-20-aniversario","tag-vampiro-la-mascarada","juego-changeling-el-ensueno","juego-hombre-lobo-el-apocalipsis","juego-mago-la-ascension","juego-mundo-de-tinieblas","juego-vampiro-la-mascarada"],"acf":[],"yoast_head":"<!-- This site is optimized with the Yoast SEO plugin v28.4 - https:\/\/yoast.com\/product\/yoast-seo-wordpress\/ -->\n<title>Presagios que se esconden en la noche - Chile en Tinieblas<\/title>\n<meta name=\"robots\" content=\"index, follow, max-snippet:-1, max-image-preview:large, max-video-preview:-1\" \/>\n<link rel=\"canonical\" href=\"https:\/\/chileentinieblas.cl\/en\/presagios-que-se-esconden-en-la-noche\/\" \/>\n<meta property=\"og:locale\" content=\"en_US\" \/>\n<meta property=\"og:type\" content=\"article\" \/>\n<meta property=\"og:title\" content=\"Presagios que se esconden en la noche - Chile en Tinieblas\" \/>\n<meta property=\"og:description\" content=\"Lee qu\u00e9 sucedi\u00f3 en nuestro evento &quot;Presagios te\u00f1idos de rojo&quot;\" \/>\n<meta property=\"og:url\" content=\"https:\/\/chileentinieblas.cl\/en\/presagios-que-se-esconden-en-la-noche\/\" \/>\n<meta property=\"og:site_name\" content=\"Chile en Tinieblas\" \/>\n<meta property=\"article:publisher\" content=\"https:\/\/www.facebook.com\/ChileenTinieblas\" \/>\n<meta property=\"article:published_time\" content=\"2025-07-31T23:13:41+00:00\" \/>\n<meta property=\"article:modified_time\" content=\"2025-08-13T19:38:11+00:00\" \/>\n<meta property=\"og:image\" content=\"https:\/\/chileentinieblas.cl\/wp-content\/uploads\/2025\/07\/Post-presagios-que-se-esconden-en-la-noche.png\" \/>\n\t<meta property=\"og:image:width\" content=\"1600\" \/>\n\t<meta property=\"og:image:height\" content=\"500\" \/>\n\t<meta property=\"og:image:type\" content=\"image\/png\" \/>\n<meta name=\"author\" content=\"Control\" \/>\n<meta name=\"twitter:card\" content=\"summary_large_image\" \/>\n<meta name=\"twitter:label1\" content=\"Written by\" \/>\n\t<meta name=\"twitter:data1\" content=\"Control\" \/>\n\t<meta name=\"twitter:label2\" content=\"Est. reading time\" \/>\n\t<meta name=\"twitter:data2\" content=\"13 minutes\" \/>\n<script type=\"application\/ld+json\" class=\"yoast-schema-graph\">{\"@context\":\"https:\\\/\\\/schema.org\",\"@graph\":[{\"@type\":\"Article\",\"@id\":\"https:\\\/\\\/chileentinieblas.cl\\\/presagios-que-se-esconden-en-la-noche\\\/#article\",\"isPartOf\":{\"@id\":\"https:\\\/\\\/chileentinieblas.cl\\\/presagios-que-se-esconden-en-la-noche\\\/\"},\"author\":{\"name\":\"Control\",\"@id\":\"https:\\\/\\\/chileentinieblas.cl\\\/#\\\/schema\\\/person\\\/ea8aee39744e16ad5c09abf0336c6ad0\"},\"headline\":\"Presagios que se esconden en la noche\",\"datePublished\":\"2025-07-31T23:13:41+00:00\",\"dateModified\":\"2025-08-13T19:38:11+00:00\",\"mainEntityOfPage\":{\"@id\":\"https:\\\/\\\/chileentinieblas.cl\\\/presagios-que-se-esconden-en-la-noche\\\/\"},\"wordCount\":2787,\"commentCount\":0,\"publisher\":{\"@id\":\"https:\\\/\\\/chileentinieblas.cl\\\/#organization\"},\"image\":{\"@id\":\"https:\\\/\\\/chileentinieblas.cl\\\/presagios-que-se-esconden-en-la-noche\\\/#primaryimage\"},\"thumbnailUrl\":\"https:\\\/\\\/chileentinieblas.cl\\\/wp-content\\\/uploads\\\/2025\\\/07\\\/Post-presagios-que-se-esconden-en-la-noche.png\",\"keywords\":[\"Cazador la Venganza\",\"Changeling\",\"Hombre Lobo\",\"Mago 20 aniversario\",\"vampiro la mascarada\"],\"articleSection\":[\"Historias\"],\"inLanguage\":\"en-US\",\"potentialAction\":[{\"@type\":\"CommentAction\",\"name\":\"Comment\",\"target\":[\"https:\\\/\\\/chileentinieblas.cl\\\/presagios-que-se-esconden-en-la-noche\\\/#respond\"]}]},{\"@type\":\"WebPage\",\"@id\":\"https:\\\/\\\/chileentinieblas.cl\\\/presagios-que-se-esconden-en-la-noche\\\/\",\"url\":\"https:\\\/\\\/chileentinieblas.cl\\\/presagios-que-se-esconden-en-la-noche\\\/\",\"name\":\"Presagios que se esconden en la noche - Chile en Tinieblas\",\"isPartOf\":{\"@id\":\"https:\\\/\\\/chileentinieblas.cl\\\/#website\"},\"primaryImageOfPage\":{\"@id\":\"https:\\\/\\\/chileentinieblas.cl\\\/presagios-que-se-esconden-en-la-noche\\\/#primaryimage\"},\"image\":{\"@id\":\"https:\\\/\\\/chileentinieblas.cl\\\/presagios-que-se-esconden-en-la-noche\\\/#primaryimage\"},\"thumbnailUrl\":\"https:\\\/\\\/chileentinieblas.cl\\\/wp-content\\\/uploads\\\/2025\\\/07\\\/Post-presagios-que-se-esconden-en-la-noche.png\",\"datePublished\":\"2025-07-31T23:13:41+00:00\",\"dateModified\":\"2025-08-13T19:38:11+00:00\",\"breadcrumb\":{\"@id\":\"https:\\\/\\\/chileentinieblas.cl\\\/presagios-que-se-esconden-en-la-noche\\\/#breadcrumb\"},\"inLanguage\":\"en-US\",\"potentialAction\":[{\"@type\":\"ReadAction\",\"target\":[\"https:\\\/\\\/chileentinieblas.cl\\\/presagios-que-se-esconden-en-la-noche\\\/\"]}]},{\"@type\":\"ImageObject\",\"inLanguage\":\"en-US\",\"@id\":\"https:\\\/\\\/chileentinieblas.cl\\\/presagios-que-se-esconden-en-la-noche\\\/#primaryimage\",\"url\":\"https:\\\/\\\/chileentinieblas.cl\\\/wp-content\\\/uploads\\\/2025\\\/07\\\/Post-presagios-que-se-esconden-en-la-noche.png\",\"contentUrl\":\"https:\\\/\\\/chileentinieblas.cl\\\/wp-content\\\/uploads\\\/2025\\\/07\\\/Post-presagios-que-se-esconden-en-la-noche.png\",\"width\":1600,\"height\":500},{\"@type\":\"BreadcrumbList\",\"@id\":\"https:\\\/\\\/chileentinieblas.cl\\\/presagios-que-se-esconden-en-la-noche\\\/#breadcrumb\",\"itemListElement\":[{\"@type\":\"ListItem\",\"position\":1,\"name\":\"Portada\",\"item\":\"https:\\\/\\\/chileentinieblas.cl\\\/\"},{\"@type\":\"ListItem\",\"position\":2,\"name\":\"Presagios que se esconden en la noche\"}]},{\"@type\":\"WebSite\",\"@id\":\"https:\\\/\\\/chileentinieblas.cl\\\/#website\",\"url\":\"https:\\\/\\\/chileentinieblas.cl\\\/\",\"name\":\"Chile en Tinieblas\",\"description\":\"Un servidor con mesas de rol de Mundo de Tinieblas\",\"publisher\":{\"@id\":\"https:\\\/\\\/chileentinieblas.cl\\\/#organization\"},\"potentialAction\":[{\"@type\":\"SearchAction\",\"target\":{\"@type\":\"EntryPoint\",\"urlTemplate\":\"https:\\\/\\\/chileentinieblas.cl\\\/?s={search_term_string}\"},\"query-input\":{\"@type\":\"PropertyValueSpecification\",\"valueRequired\":true,\"valueName\":\"search_term_string\"}}],\"inLanguage\":\"en-US\"},{\"@type\":\"Organization\",\"@id\":\"https:\\\/\\\/chileentinieblas.cl\\\/#organization\",\"name\":\"Chile en Tinieblas\",\"url\":\"https:\\\/\\\/chileentinieblas.cl\\\/\",\"logo\":{\"@type\":\"ImageObject\",\"inLanguage\":\"en-US\",\"@id\":\"https:\\\/\\\/chileentinieblas.cl\\\/#\\\/schema\\\/logo\\\/image\\\/\",\"url\":\"https:\\\/\\\/chileentinieblas.cl\\\/wp-content\\\/uploads\\\/2021\\\/12\\\/logo-cet-claro.png\",\"contentUrl\":\"https:\\\/\\\/chileentinieblas.cl\\\/wp-content\\\/uploads\\\/2021\\\/12\\\/logo-cet-claro.png\",\"width\":1001,\"height\":1030,\"caption\":\"Chile en Tinieblas\"},\"image\":{\"@id\":\"https:\\\/\\\/chileentinieblas.cl\\\/#\\\/schema\\\/logo\\\/image\\\/\"},\"sameAs\":[\"https:\\\/\\\/www.facebook.com\\\/ChileenTinieblas\",\"https:\\\/\\\/www.instagram.com\\\/chileentinieblas\\\/\",\"https:\\\/\\\/www.youtube.com\\\/@chileentinieblas\",\"https:\\\/\\\/www.tiktok.com\\\/@chileentinieblas\"]},{\"@type\":\"Person\",\"@id\":\"https:\\\/\\\/chileentinieblas.cl\\\/#\\\/schema\\\/person\\\/ea8aee39744e16ad5c09abf0336c6ad0\",\"name\":\"Control\",\"image\":{\"@type\":\"ImageObject\",\"inLanguage\":\"en-US\",\"@id\":\"https:\\\/\\\/secure.gravatar.com\\\/avatar\\\/1d809a2f4cc7a14d598d85ad3fd62576293519b09f8b157de180e7916f7c7fb7?s=96&d=mm&r=g\",\"url\":\"https:\\\/\\\/secure.gravatar.com\\\/avatar\\\/1d809a2f4cc7a14d598d85ad3fd62576293519b09f8b157de180e7916f7c7fb7?s=96&d=mm&r=g\",\"contentUrl\":\"https:\\\/\\\/secure.gravatar.com\\\/avatar\\\/1d809a2f4cc7a14d598d85ad3fd62576293519b09f8b157de180e7916f7c7fb7?s=96&d=mm&r=g\",\"caption\":\"Control\"},\"sameAs\":[\"http:\\\/\\\/chileentinieblas.cl\"],\"url\":\"https:\\\/\\\/chileentinieblas.cl\\\/en\\\/author\\\/control\\\/\"}]}<\/script>\n<!-- \/ Yoast SEO plugin. -->","yoast_head_json":{"title":"Presagios que se esconden en la noche - Chile en Tinieblas","robots":{"index":"index","follow":"follow","max-snippet":"max-snippet:-1","max-image-preview":"max-image-preview:large","max-video-preview":"max-video-preview:-1"},"canonical":"https:\/\/chileentinieblas.cl\/en\/presagios-que-se-esconden-en-la-noche\/","og_locale":"en_US","og_type":"article","og_title":"Presagios que se esconden en la noche - Chile en Tinieblas","og_description":"Lee qu\u00e9 sucedi\u00f3 en nuestro evento \"Presagios te\u00f1idos de rojo\"","og_url":"https:\/\/chileentinieblas.cl\/en\/presagios-que-se-esconden-en-la-noche\/","og_site_name":"Chile en Tinieblas","article_publisher":"https:\/\/www.facebook.com\/ChileenTinieblas","article_published_time":"2025-07-31T23:13:41+00:00","article_modified_time":"2025-08-13T19:38:11+00:00","og_image":[{"width":1600,"height":500,"url":"https:\/\/chileentinieblas.cl\/wp-content\/uploads\/2025\/07\/Post-presagios-que-se-esconden-en-la-noche.png","type":"image\/png"}],"author":"Control","twitter_card":"summary_large_image","twitter_misc":{"Written by":"Control","Est. reading time":"13 minutes"},"schema":{"@context":"https:\/\/schema.org","@graph":[{"@type":"Article","@id":"https:\/\/chileentinieblas.cl\/presagios-que-se-esconden-en-la-noche\/#article","isPartOf":{"@id":"https:\/\/chileentinieblas.cl\/presagios-que-se-esconden-en-la-noche\/"},"author":{"name":"Control","@id":"https:\/\/chileentinieblas.cl\/#\/schema\/person\/ea8aee39744e16ad5c09abf0336c6ad0"},"headline":"Presagios que se esconden en la noche","datePublished":"2025-07-31T23:13:41+00:00","dateModified":"2025-08-13T19:38:11+00:00","mainEntityOfPage":{"@id":"https:\/\/chileentinieblas.cl\/presagios-que-se-esconden-en-la-noche\/"},"wordCount":2787,"commentCount":0,"publisher":{"@id":"https:\/\/chileentinieblas.cl\/#organization"},"image":{"@id":"https:\/\/chileentinieblas.cl\/presagios-que-se-esconden-en-la-noche\/#primaryimage"},"thumbnailUrl":"https:\/\/chileentinieblas.cl\/wp-content\/uploads\/2025\/07\/Post-presagios-que-se-esconden-en-la-noche.png","keywords":["Cazador la Venganza","Changeling","Hombre Lobo","Mago 20 aniversario","vampiro la mascarada"],"articleSection":["Historias"],"inLanguage":"en-US","potentialAction":[{"@type":"CommentAction","name":"Comment","target":["https:\/\/chileentinieblas.cl\/presagios-que-se-esconden-en-la-noche\/#respond"]}]},{"@type":"WebPage","@id":"https:\/\/chileentinieblas.cl\/presagios-que-se-esconden-en-la-noche\/","url":"https:\/\/chileentinieblas.cl\/presagios-que-se-esconden-en-la-noche\/","name":"Presagios que se esconden en la noche - Chile en Tinieblas","isPartOf":{"@id":"https:\/\/chileentinieblas.cl\/#website"},"primaryImageOfPage":{"@id":"https:\/\/chileentinieblas.cl\/presagios-que-se-esconden-en-la-noche\/#primaryimage"},"image":{"@id":"https:\/\/chileentinieblas.cl\/presagios-que-se-esconden-en-la-noche\/#primaryimage"},"thumbnailUrl":"https:\/\/chileentinieblas.cl\/wp-content\/uploads\/2025\/07\/Post-presagios-que-se-esconden-en-la-noche.png","datePublished":"2025-07-31T23:13:41+00:00","dateModified":"2025-08-13T19:38:11+00:00","breadcrumb":{"@id":"https:\/\/chileentinieblas.cl\/presagios-que-se-esconden-en-la-noche\/#breadcrumb"},"inLanguage":"en-US","potentialAction":[{"@type":"ReadAction","target":["https:\/\/chileentinieblas.cl\/presagios-que-se-esconden-en-la-noche\/"]}]},{"@type":"ImageObject","inLanguage":"en-US","@id":"https:\/\/chileentinieblas.cl\/presagios-que-se-esconden-en-la-noche\/#primaryimage","url":"https:\/\/chileentinieblas.cl\/wp-content\/uploads\/2025\/07\/Post-presagios-que-se-esconden-en-la-noche.png","contentUrl":"https:\/\/chileentinieblas.cl\/wp-content\/uploads\/2025\/07\/Post-presagios-que-se-esconden-en-la-noche.png","width":1600,"height":500},{"@type":"BreadcrumbList","@id":"https:\/\/chileentinieblas.cl\/presagios-que-se-esconden-en-la-noche\/#breadcrumb","itemListElement":[{"@type":"ListItem","position":1,"name":"Portada","item":"https:\/\/chileentinieblas.cl\/"},{"@type":"ListItem","position":2,"name":"Presagios que se esconden en la noche"}]},{"@type":"WebSite","@id":"https:\/\/chileentinieblas.cl\/#website","url":"https:\/\/chileentinieblas.cl\/","name":"Chile en Tinieblas","description":"Un servidor con mesas de rol de Mundo de Tinieblas","publisher":{"@id":"https:\/\/chileentinieblas.cl\/#organization"},"potentialAction":[{"@type":"SearchAction","target":{"@type":"EntryPoint","urlTemplate":"https:\/\/chileentinieblas.cl\/?s={search_term_string}"},"query-input":{"@type":"PropertyValueSpecification","valueRequired":true,"valueName":"search_term_string"}}],"inLanguage":"en-US"},{"@type":"Organization","@id":"https:\/\/chileentinieblas.cl\/#organization","name":"Chile en Tinieblas","url":"https:\/\/chileentinieblas.cl\/","logo":{"@type":"ImageObject","inLanguage":"en-US","@id":"https:\/\/chileentinieblas.cl\/#\/schema\/logo\/image\/","url":"https:\/\/chileentinieblas.cl\/wp-content\/uploads\/2021\/12\/logo-cet-claro.png","contentUrl":"https:\/\/chileentinieblas.cl\/wp-content\/uploads\/2021\/12\/logo-cet-claro.png","width":1001,"height":1030,"caption":"Chile en Tinieblas"},"image":{"@id":"https:\/\/chileentinieblas.cl\/#\/schema\/logo\/image\/"},"sameAs":["https:\/\/www.facebook.com\/ChileenTinieblas","https:\/\/www.instagram.com\/chileentinieblas\/","https:\/\/www.youtube.com\/@chileentinieblas","https:\/\/www.tiktok.com\/@chileentinieblas"]},{"@type":"Person","@id":"https:\/\/chileentinieblas.cl\/#\/schema\/person\/ea8aee39744e16ad5c09abf0336c6ad0","name":"Control","image":{"@type":"ImageObject","inLanguage":"en-US","@id":"https:\/\/secure.gravatar.com\/avatar\/1d809a2f4cc7a14d598d85ad3fd62576293519b09f8b157de180e7916f7c7fb7?s=96&d=mm&r=g","url":"https:\/\/secure.gravatar.com\/avatar\/1d809a2f4cc7a14d598d85ad3fd62576293519b09f8b157de180e7916f7c7fb7?s=96&d=mm&r=g","contentUrl":"https:\/\/secure.gravatar.com\/avatar\/1d809a2f4cc7a14d598d85ad3fd62576293519b09f8b157de180e7916f7c7fb7?s=96&d=mm&r=g","caption":"Control"},"sameAs":["http:\/\/chileentinieblas.cl"],"url":"https:\/\/chileentinieblas.cl\/en\/author\/control\/"}]}},"jetpack_sharing_enabled":true,"jetpack_featured_media_url":"https:\/\/chileentinieblas.cl\/wp-content\/uploads\/2025\/07\/Post-presagios-que-se-esconden-en-la-noche.png","_links":{"self":[{"href":"https:\/\/chileentinieblas.cl\/en\/wp-json\/wp\/v2\/posts\/6709","targetHints":{"allow":["GET"]}}],"collection":[{"href":"https:\/\/chileentinieblas.cl\/en\/wp-json\/wp\/v2\/posts"}],"about":[{"href":"https:\/\/chileentinieblas.cl\/en\/wp-json\/wp\/v2\/types\/post"}],"author":[{"embeddable":true,"href":"https:\/\/chileentinieblas.cl\/en\/wp-json\/wp\/v2\/users\/1"}],"replies":[{"embeddable":true,"href":"https:\/\/chileentinieblas.cl\/en\/wp-json\/wp\/v2\/comments?post=6709"}],"version-history":[{"count":37,"href":"https:\/\/chileentinieblas.cl\/en\/wp-json\/wp\/v2\/posts\/6709\/revisions"}],"predecessor-version":[{"id":6844,"href":"https:\/\/chileentinieblas.cl\/en\/wp-json\/wp\/v2\/posts\/6709\/revisions\/6844"}],"wp:featuredmedia":[{"embeddable":true,"href":"https:\/\/chileentinieblas.cl\/en\/wp-json\/wp\/v2\/media\/6742"}],"wp:attachment":[{"href":"https:\/\/chileentinieblas.cl\/en\/wp-json\/wp\/v2\/media?parent=6709"}],"wp:term":[{"taxonomy":"category","embeddable":true,"href":"https:\/\/chileentinieblas.cl\/en\/wp-json\/wp\/v2\/categories?post=6709"},{"taxonomy":"post_tag","embeddable":true,"href":"https:\/\/chileentinieblas.cl\/en\/wp-json\/wp\/v2\/tags?post=6709"},{"taxonomy":"juego","embeddable":true,"href":"https:\/\/chileentinieblas.cl\/en\/wp-json\/wp\/v2\/juego?post=6709"}],"curies":[{"name":"wp","href":"https:\/\/api.w.org\/{rel}","templated":true}]}}