{"id":6593,"date":"2025-07-23T21:56:32","date_gmt":"2025-07-23T21:56:32","guid":{"rendered":"https:\/\/chileentinieblas.cl\/?p=6593"},"modified":"2025-07-23T22:03:19","modified_gmt":"2025-07-23T22:03:19","slug":"evento-bajo-la-luna-roja","status":"publish","type":"post","link":"https:\/\/chileentinieblas.cl\/en\/evento-bajo-la-luna-roja\/","title":{"rendered":"Evento: Bajo la Luna Roja"},"content":{"rendered":"\n<p class=\"wp-block-paragraph\">CHILE EN TINIEBLAS TE INVITA A UNA TARDE ROJA<\/p>\n\n\n\n<p class=\"wp-block-paragraph\">2 DE AGOSTO \u2013 LUDUM BAR<\/p>\n\n\n\n<p class=\"wp-block-paragraph\">Prep\u00e1rate para un evento donde cada decisi\u00f3n tiene su consecuencia. Sum\u00e9rgete en una metatrama compartida y decide si perder\u00e1s el control o salvar\u00e1s a la humanidad de quienes ya lo perdieron.<\/p>\n\n\n\n<p class=\"wp-block-paragraph\">\u00bfQu\u00e9 bando eliges? \u00bfLa Anarqu\u00eda o El Orden?<\/p>\n\n\n\n<p class=\"wp-block-paragraph\">Tu decisi\u00f3n impactar\u00e1 en nuestras historias.<\/p>\n\n\n\n<p class=\"wp-block-paragraph\">Lugar: Ludum Bar (Condell 456, Providencia)<br>Fecha: 2 de agosto<br>Hora: Desde las 14:00 hasta las 19:00 hrs<br>Valor: $2.000<\/p>\n\n\n\n<p class=\"wp-block-paragraph\">Vive la experiencia de los juegos de Mundo de Tinieblas en una de nuestras 10 mesas:<br><br><strong>Velados por la Luna \/ Vampiro: La Mascarada (5ta Edici\u00f3n) &#8211;&nbsp;<\/strong>Narrado por Juan Valenzuela <strong>[SIN&nbsp;CUPOS]<\/strong><br><br><strong>Ecos de la Negu\u00eda Carmes\u00ed&nbsp;\/ Changeling: El Ensue\u00f1o (20 Aniversario) &#8211;&nbsp;<\/strong>Narrado por Tom\u00e1s Merino <strong>[SIN&nbsp;CUPOS]<\/strong><br><br><strong>La Noche del Filo Rojo&nbsp;\/&nbsp;Hombre Lobo: El Apocalipsis (5ta edici\u00f3n) &#8211;&nbsp;<\/strong>Narrado por Luciano Villagr\u00e1n&nbsp;<strong>[SIN&nbsp;CUPOS]<\/strong><br><br><strong>Abriendo las puertas del infierno&nbsp;\/&nbsp;Demonio: La Ca\u00edda &#8211;&nbsp;<\/strong>Narrado por Felipe &#8220;Dante&#8221; B\u00e1ez&nbsp;<strong>[SIN&nbsp;CUPOS]<\/strong><br><br><strong>Protocolos Ca\u00eddos \/&nbsp;Cazador: La Venganza (5ta Edici\u00f3n) &#8211;&nbsp;<\/strong>Narrado por Christian Galarce&nbsp;<strong>[SIN&nbsp;CUPOS]<\/strong><br><br><strong>Espectros de Sangre\/&nbsp;Wraith: El Olvido (20 Aniversario) &#8211;&nbsp;<\/strong>Narrado por Ignacio Mart\u00ednez&nbsp;<strong>[SIN CUPOS]<\/strong><br><br><strong>C\u00f3digo R.E.D. \/&nbsp;Mago: La Ascensi\u00f3n (20 Aniversario) &#8211;&nbsp;<\/strong>Narrado por&nbsp;Gabriel Segura <strong>[SIN CUPOS<\/strong>]<br><br><strong>Donde Muere la Obediencia \/ Cazador: La Venganza (5ta Edici\u00f3n) &#8211;&nbsp;<\/strong>Narrador David Carrasco<strong>&nbsp;[SIN CUPOS]<\/strong><br><br><strong>Cerro de los Lamentos \/ Vampiro La Mascarada (5ta edici\u00f3n)<\/strong>&nbsp;&#8211; Narrado por Carlos Viertel<strong>&nbsp;[SIN CUPOS]<\/strong><br><br><strong>Vestigios de una Luna Ensangrentada&nbsp;\/&nbsp;Hombre Lobo: El Apocalipsis (5ta edici\u00f3n) &#8211;&nbsp;<\/strong>Narrado por Pedro Rojas&nbsp;<strong>[SIN CUPOS]<\/strong><\/p>\n\n\n\n<p class=\"wp-block-paragraph\">\u00a1No te quedes fuera de esta historia!<\/p>\n\n\n\n<p class=\"wp-block-paragraph\">Inscr\u00edbete y elige tu mesa antes que se cierren los cupos<\/p>\n\n\n\n<div class=\"wp-block-buttons is-layout-flex wp-block-buttons-is-layout-flex\">\n<div class=\"wp-block-button is-style-outline is-style-outline--1\"><a class=\"wp-block-button__link wp-element-button\" href=\"https:\/\/forms.gle\/25XPw8fLBjXAoiQf8\" target=\"_blank\" rel=\"noreferrer noopener\">Inscr\u00edbete aqu\u00ed<\/a><\/div>\n<\/div>\n\n\n\n<p class=\"wp-block-paragraph\"><br>[MESAS LLENAS EN MENOS DE 22HRS!!!]<\/p>\n\n\n\n<div class=\"wp-block-jetpack-slideshow aligncenter\" data-effect=\"slide\"><div class=\"wp-block-jetpack-slideshow_container swiper-container\"><ul class=\"wp-block-jetpack-slideshow_swiper-wrapper swiper-wrapper\"><li class=\"wp-block-jetpack-slideshow_slide swiper-slide\"><figure><img fetchpriority=\"high\" decoding=\"async\" width=\"819\" height=\"1024\" alt=\"\" class=\"wp-block-jetpack-slideshow_image wp-image-6602\" data-id=\"6602\" src=\"https:\/\/chileentinieblas.cl\/wp-content\/uploads\/2025\/07\/Rostros-819x1024.png\" srcset=\"https:\/\/chileentinieblas.cl\/wp-content\/uploads\/2025\/07\/Rostros-819x1024.png 819w, https:\/\/chileentinieblas.cl\/wp-content\/uploads\/2025\/07\/Rostros-240x300.png 240w, https:\/\/chileentinieblas.cl\/wp-content\/uploads\/2025\/07\/Rostros-768x960.png 768w, https:\/\/chileentinieblas.cl\/wp-content\/uploads\/2025\/07\/Rostros-10x12.png 10w, https:\/\/chileentinieblas.cl\/wp-content\/uploads\/2025\/07\/Rostros.png 1080w\" sizes=\"(max-width: 819px) 100vw, 819px\" \/><figcaption class=\"wp-block-jetpack-slideshow_caption gallery-caption\"><\/figcaption><\/figure><\/li><li class=\"wp-block-jetpack-slideshow_slide swiper-slide\"><figure><img decoding=\"async\" width=\"1080\" height=\"1350\" alt=\"\" class=\"wp-block-jetpack-slideshow_image wp-image-6606\" data-id=\"6606\" data-aspect-ratio=\"1080 \/ 1350\" src=\"https:\/\/chileentinieblas.cl\/wp-content\/uploads\/2025\/07\/Neguia-1.png\" srcset=\"https:\/\/chileentinieblas.cl\/wp-content\/uploads\/2025\/07\/Neguia-1.png 1080w, https:\/\/chileentinieblas.cl\/wp-content\/uploads\/2025\/07\/Neguia-1-240x300.png 240w, https:\/\/chileentinieblas.cl\/wp-content\/uploads\/2025\/07\/Neguia-1-819x1024.png 819w, https:\/\/chileentinieblas.cl\/wp-content\/uploads\/2025\/07\/Neguia-1-768x960.png 768w, https:\/\/chileentinieblas.cl\/wp-content\/uploads\/2025\/07\/Neguia-1-10x12.png 10w\" sizes=\"(max-width: 1080px) 100vw, 1080px\" \/><\/figure><\/li><li class=\"wp-block-jetpack-slideshow_slide swiper-slide\"><figure><img decoding=\"async\" width=\"1080\" height=\"1350\" alt=\"\" class=\"wp-block-jetpack-slideshow_image wp-image-6607\" data-id=\"6607\" data-aspect-ratio=\"1080 \/ 1350\" src=\"https:\/\/chileentinieblas.cl\/wp-content\/uploads\/2025\/07\/Noche-1.png\" srcset=\"https:\/\/chileentinieblas.cl\/wp-content\/uploads\/2025\/07\/Noche-1.png 1080w, https:\/\/chileentinieblas.cl\/wp-content\/uploads\/2025\/07\/Noche-1-240x300.png 240w, https:\/\/chileentinieblas.cl\/wp-content\/uploads\/2025\/07\/Noche-1-819x1024.png 819w, https:\/\/chileentinieblas.cl\/wp-content\/uploads\/2025\/07\/Noche-1-768x960.png 768w, https:\/\/chileentinieblas.cl\/wp-content\/uploads\/2025\/07\/Noche-1-10x12.png 10w\" sizes=\"(max-width: 1080px) 100vw, 1080px\" \/><\/figure><\/li><li class=\"wp-block-jetpack-slideshow_slide swiper-slide\"><figure><img loading=\"lazy\" decoding=\"async\" width=\"1080\" height=\"1350\" alt=\"\" class=\"wp-block-jetpack-slideshow_image wp-image-6608\" data-id=\"6608\" data-aspect-ratio=\"1080 \/ 1350\" src=\"https:\/\/chileentinieblas.cl\/wp-content\/uploads\/2025\/07\/Infierno-1.png\" srcset=\"https:\/\/chileentinieblas.cl\/wp-content\/uploads\/2025\/07\/Infierno-1.png 1080w, https:\/\/chileentinieblas.cl\/wp-content\/uploads\/2025\/07\/Infierno-1-240x300.png 240w, https:\/\/chileentinieblas.cl\/wp-content\/uploads\/2025\/07\/Infierno-1-819x1024.png 819w, https:\/\/chileentinieblas.cl\/wp-content\/uploads\/2025\/07\/Infierno-1-768x960.png 768w, https:\/\/chileentinieblas.cl\/wp-content\/uploads\/2025\/07\/Infierno-1-10x12.png 10w\" sizes=\"(max-width: 1080px) 100vw, 1080px\" \/><\/figure><\/li><li class=\"wp-block-jetpack-slideshow_slide swiper-slide\"><figure><img loading=\"lazy\" decoding=\"async\" width=\"1080\" height=\"1350\" alt=\"\" class=\"wp-block-jetpack-slideshow_image wp-image-6609\" data-id=\"6609\" data-aspect-ratio=\"1080 \/ 1350\" src=\"https:\/\/chileentinieblas.cl\/wp-content\/uploads\/2025\/07\/Protocolos-1.png\" srcset=\"https:\/\/chileentinieblas.cl\/wp-content\/uploads\/2025\/07\/Protocolos-1.png 1080w, https:\/\/chileentinieblas.cl\/wp-content\/uploads\/2025\/07\/Protocolos-1-240x300.png 240w, https:\/\/chileentinieblas.cl\/wp-content\/uploads\/2025\/07\/Protocolos-1-819x1024.png 819w, https:\/\/chileentinieblas.cl\/wp-content\/uploads\/2025\/07\/Protocolos-1-768x960.png 768w, https:\/\/chileentinieblas.cl\/wp-content\/uploads\/2025\/07\/Protocolos-1-10x12.png 10w\" sizes=\"(max-width: 1080px) 100vw, 1080px\" \/><\/figure><\/li><li class=\"wp-block-jetpack-slideshow_slide swiper-slide\"><figure><img loading=\"lazy\" decoding=\"async\" width=\"1080\" height=\"1350\" alt=\"\" class=\"wp-block-jetpack-slideshow_image wp-image-6610\" data-id=\"6610\" data-aspect-ratio=\"1080 \/ 1350\" src=\"https:\/\/chileentinieblas.cl\/wp-content\/uploads\/2025\/07\/Espectros-1.png\" srcset=\"https:\/\/chileentinieblas.cl\/wp-content\/uploads\/2025\/07\/Espectros-1.png 1080w, https:\/\/chileentinieblas.cl\/wp-content\/uploads\/2025\/07\/Espectros-1-240x300.png 240w, https:\/\/chileentinieblas.cl\/wp-content\/uploads\/2025\/07\/Espectros-1-819x1024.png 819w, https:\/\/chileentinieblas.cl\/wp-content\/uploads\/2025\/07\/Espectros-1-768x960.png 768w, https:\/\/chileentinieblas.cl\/wp-content\/uploads\/2025\/07\/Espectros-1-10x12.png 10w\" sizes=\"(max-width: 1080px) 100vw, 1080px\" \/><\/figure><\/li><li class=\"wp-block-jetpack-slideshow_slide swiper-slide\"><figure><img loading=\"lazy\" decoding=\"async\" width=\"1080\" height=\"1350\" alt=\"\" class=\"wp-block-jetpack-slideshow_image wp-image-6611\" data-id=\"6611\" data-aspect-ratio=\"1080 \/ 1350\" src=\"https:\/\/chileentinieblas.cl\/wp-content\/uploads\/2025\/07\/Codigo-2.png\" srcset=\"https:\/\/chileentinieblas.cl\/wp-content\/uploads\/2025\/07\/Codigo-2.png 1080w, https:\/\/chileentinieblas.cl\/wp-content\/uploads\/2025\/07\/Codigo-2-240x300.png 240w, https:\/\/chileentinieblas.cl\/wp-content\/uploads\/2025\/07\/Codigo-2-819x1024.png 819w, https:\/\/chileentinieblas.cl\/wp-content\/uploads\/2025\/07\/Codigo-2-768x960.png 768w, https:\/\/chileentinieblas.cl\/wp-content\/uploads\/2025\/07\/Codigo-2-10x12.png 10w\" sizes=\"(max-width: 1080px) 100vw, 1080px\" \/><\/figure><\/li><li class=\"wp-block-jetpack-slideshow_slide swiper-slide\"><figure><img loading=\"lazy\" decoding=\"async\" width=\"1080\" height=\"1350\" alt=\"\" class=\"wp-block-jetpack-slideshow_image wp-image-6612\" data-id=\"6612\" data-aspect-ratio=\"1080 \/ 1350\" src=\"https:\/\/chileentinieblas.cl\/wp-content\/uploads\/2025\/07\/Obediencia-1.png\" srcset=\"https:\/\/chileentinieblas.cl\/wp-content\/uploads\/2025\/07\/Obediencia-1.png 1080w, https:\/\/chileentinieblas.cl\/wp-content\/uploads\/2025\/07\/Obediencia-1-240x300.png 240w, https:\/\/chileentinieblas.cl\/wp-content\/uploads\/2025\/07\/Obediencia-1-819x1024.png 819w, https:\/\/chileentinieblas.cl\/wp-content\/uploads\/2025\/07\/Obediencia-1-768x960.png 768w, https:\/\/chileentinieblas.cl\/wp-content\/uploads\/2025\/07\/Obediencia-1-10x12.png 10w\" sizes=\"(max-width: 1080px) 100vw, 1080px\" \/><\/figure><\/li><li class=\"wp-block-jetpack-slideshow_slide swiper-slide\"><figure><img loading=\"lazy\" decoding=\"async\" width=\"1080\" height=\"1350\" alt=\"\" class=\"wp-block-jetpack-slideshow_image wp-image-6613\" data-id=\"6613\" data-aspect-ratio=\"1080 \/ 1350\" src=\"https:\/\/chileentinieblas.cl\/wp-content\/uploads\/2025\/07\/Lamentos-1.png\" srcset=\"https:\/\/chileentinieblas.cl\/wp-content\/uploads\/2025\/07\/Lamentos-1.png 1080w, https:\/\/chileentinieblas.cl\/wp-content\/uploads\/2025\/07\/Lamentos-1-240x300.png 240w, https:\/\/chileentinieblas.cl\/wp-content\/uploads\/2025\/07\/Lamentos-1-819x1024.png 819w, https:\/\/chileentinieblas.cl\/wp-content\/uploads\/2025\/07\/Lamentos-1-768x960.png 768w, https:\/\/chileentinieblas.cl\/wp-content\/uploads\/2025\/07\/Lamentos-1-10x12.png 10w\" sizes=\"(max-width: 1080px) 100vw, 1080px\" \/><\/figure><\/li><li class=\"wp-block-jetpack-slideshow_slide swiper-slide\"><figure><img loading=\"lazy\" decoding=\"async\" width=\"1080\" height=\"1350\" alt=\"\" class=\"wp-block-jetpack-slideshow_image wp-image-6614\" data-id=\"6614\" data-aspect-ratio=\"1080 \/ 1350\" src=\"https:\/\/chileentinieblas.cl\/wp-content\/uploads\/2025\/07\/Vestigios-1.png\" srcset=\"https:\/\/chileentinieblas.cl\/wp-content\/uploads\/2025\/07\/Vestigios-1.png 1080w, https:\/\/chileentinieblas.cl\/wp-content\/uploads\/2025\/07\/Vestigios-1-240x300.png 240w, https:\/\/chileentinieblas.cl\/wp-content\/uploads\/2025\/07\/Vestigios-1-819x1024.png 819w, https:\/\/chileentinieblas.cl\/wp-content\/uploads\/2025\/07\/Vestigios-1-768x960.png 768w, https:\/\/chileentinieblas.cl\/wp-content\/uploads\/2025\/07\/Vestigios-1-10x12.png 10w\" sizes=\"(max-width: 1080px) 100vw, 1080px\" \/><\/figure><\/li><\/ul><a class=\"wp-block-jetpack-slideshow_button-prev swiper-button-prev swiper-button-white\" role=\"button\"><\/a><a class=\"wp-block-jetpack-slideshow_button-next swiper-button-next swiper-button-white\" role=\"button\"><\/a><a aria-label=\"Pause Slideshow\" class=\"wp-block-jetpack-slideshow_button-pause\" role=\"button\"><\/a><div class=\"wp-block-jetpack-slideshow_pagination swiper-pagination swiper-pagination-white\"><\/div><\/div><\/div>\n\n\n\n<figure class=\"wp-block-image size-large is-resized\"><img loading=\"lazy\" decoding=\"async\" width=\"819\" height=\"1024\" src=\"https:\/\/chileentinieblas.cl\/wp-content\/uploads\/2025\/07\/Portada-819x1024.png\" alt=\"\" class=\"wp-image-6616\" style=\"width:624px;height:auto\" srcset=\"https:\/\/chileentinieblas.cl\/wp-content\/uploads\/2025\/07\/Portada-819x1024.png 819w, https:\/\/chileentinieblas.cl\/wp-content\/uploads\/2025\/07\/Portada-240x300.png 240w, https:\/\/chileentinieblas.cl\/wp-content\/uploads\/2025\/07\/Portada-768x960.png 768w, https:\/\/chileentinieblas.cl\/wp-content\/uploads\/2025\/07\/Portada-10x12.png 10w, https:\/\/chileentinieblas.cl\/wp-content\/uploads\/2025\/07\/Portada.png 1080w\" sizes=\"(max-width: 819px) 100vw, 819px\" \/><\/figure>\n","protected":false},"excerpt":{"rendered":"<p>Tu decisi\u00f3n impactar\u00e1 en nuestra historia.<br \/>\nLee aqu\u00ed para saber m\u00e1s. <\/p>","protected":false},"author":32,"featured_media":6661,"comment_status":"open","ping_status":"open","sticky":false,"template":"","format":"standard","meta":{"_acf_changed":false,"inline_featured_image":false,"_monsterinsights_skip_tracking":false,"_jetpack_newsletter_access":"","_jetpack_dont_email_post_to_subs":false,"_jetpack_newsletter_tier_id":0,"_jetpack_memberships_contains_paywalled_content":false,"fifu_image_url":"","fifu_image_alt":"","_jetpack_feature_clip_id":0,"_jetpack_memberships_contains_paid_content":false,"footnotes":"","jetpack_post_was_ever_published":false},"categories":[133,1],"tags":[],"juego":[],"class_list":["post-6593","post","type-post","status-publish","format-standard","has-post-thumbnail","hentry","category-eventos","category-noticias"],"acf":[],"yoast_head":"<!-- This site is optimized with the Yoast SEO plugin v28.4 - https:\/\/yoast.com\/product\/yoast-seo-wordpress\/ -->\n<title>Evento: Bajo la Luna Roja - Chile en Tinieblas<\/title>\n<meta name=\"robots\" content=\"index, follow, max-snippet:-1, max-image-preview:large, max-video-preview:-1\" \/>\n<link rel=\"canonical\" href=\"https:\/\/chileentinieblas.cl\/en\/evento-bajo-la-luna-roja\/\" \/>\n<meta property=\"og:locale\" content=\"en_US\" \/>\n<meta property=\"og:type\" content=\"article\" \/>\n<meta property=\"og:title\" content=\"Evento: Bajo la Luna Roja - Chile en Tinieblas\" \/>\n<meta property=\"og:description\" content=\"Tu decisi\u00f3n impactar\u00e1 en nuestra historia. Lee aqu\u00ed para saber m\u00e1s.\" \/>\n<meta property=\"og:url\" content=\"https:\/\/chileentinieblas.cl\/en\/evento-bajo-la-luna-roja\/\" \/>\n<meta property=\"og:site_name\" content=\"Chile en Tinieblas\" \/>\n<meta property=\"article:publisher\" content=\"https:\/\/www.facebook.com\/ChileenTinieblas\" \/>\n<meta property=\"article:published_time\" content=\"2025-07-23T21:56:32+00:00\" \/>\n<meta property=\"article:modified_time\" content=\"2025-07-23T22:03:19+00:00\" \/>\n<meta property=\"og:image\" content=\"https:\/\/chileentinieblas.cl\/wp-content\/uploads\/2025\/07\/WhatsApp-Image-2025-07-23-at-17.44.03-1.jpeg\" \/>\n\t<meta property=\"og:image:width\" content=\"1600\" \/>\n\t<meta property=\"og:image:height\" content=\"500\" \/>\n\t<meta property=\"og:image:type\" content=\"image\/jpeg\" \/>\n<meta name=\"author\" content=\"Chile en Tinieblas\" \/>\n<meta name=\"twitter:card\" content=\"summary_large_image\" \/>\n<meta name=\"twitter:label1\" content=\"Written by\" \/>\n\t<meta name=\"twitter:data1\" content=\"Chile en Tinieblas\" \/>\n\t<meta name=\"twitter:label2\" content=\"Est. reading time\" \/>\n\t<meta name=\"twitter:data2\" content=\"4 minutes\" \/>\n<script type=\"application\/ld+json\" class=\"yoast-schema-graph\">{\"@context\":\"https:\\\/\\\/schema.org\",\"@graph\":[{\"@type\":\"Article\",\"@id\":\"https:\\\/\\\/chileentinieblas.cl\\\/evento-bajo-la-luna-roja\\\/#article\",\"isPartOf\":{\"@id\":\"https:\\\/\\\/chileentinieblas.cl\\\/evento-bajo-la-luna-roja\\\/\"},\"author\":{\"name\":\"Chile en Tinieblas\",\"@id\":\"https:\\\/\\\/chileentinieblas.cl\\\/#\\\/schema\\\/person\\\/dd8aa8c569668ff2f5908cb87ac8d9e6\"},\"headline\":\"Evento: Bajo la Luna Roja\",\"datePublished\":\"2025-07-23T21:56:32+00:00\",\"dateModified\":\"2025-07-23T22:03:19+00:00\",\"mainEntityOfPage\":{\"@id\":\"https:\\\/\\\/chileentinieblas.cl\\\/evento-bajo-la-luna-roja\\\/\"},\"wordCount\":333,\"commentCount\":2,\"publisher\":{\"@id\":\"https:\\\/\\\/chileentinieblas.cl\\\/#organization\"},\"image\":{\"@id\":\"https:\\\/\\\/chileentinieblas.cl\\\/evento-bajo-la-luna-roja\\\/#primaryimage\"},\"thumbnailUrl\":\"https:\\\/\\\/chileentinieblas.cl\\\/wp-content\\\/uploads\\\/2025\\\/07\\\/WhatsApp-Image-2025-07-23-at-17.44.03-1.jpeg\",\"articleSection\":[\"Eventos\",\"Noticias\"],\"inLanguage\":\"en-US\",\"potentialAction\":[{\"@type\":\"CommentAction\",\"name\":\"Comment\",\"target\":[\"https:\\\/\\\/chileentinieblas.cl\\\/evento-bajo-la-luna-roja\\\/#respond\"]}]},{\"@type\":\"WebPage\",\"@id\":\"https:\\\/\\\/chileentinieblas.cl\\\/evento-bajo-la-luna-roja\\\/\",\"url\":\"https:\\\/\\\/chileentinieblas.cl\\\/evento-bajo-la-luna-roja\\\/\",\"name\":\"Evento: Bajo la Luna Roja - Chile en Tinieblas\",\"isPartOf\":{\"@id\":\"https:\\\/\\\/chileentinieblas.cl\\\/#website\"},\"primaryImageOfPage\":{\"@id\":\"https:\\\/\\\/chileentinieblas.cl\\\/evento-bajo-la-luna-roja\\\/#primaryimage\"},\"image\":{\"@id\":\"https:\\\/\\\/chileentinieblas.cl\\\/evento-bajo-la-luna-roja\\\/#primaryimage\"},\"thumbnailUrl\":\"https:\\\/\\\/chileentinieblas.cl\\\/wp-content\\\/uploads\\\/2025\\\/07\\\/WhatsApp-Image-2025-07-23-at-17.44.03-1.jpeg\",\"datePublished\":\"2025-07-23T21:56:32+00:00\",\"dateModified\":\"2025-07-23T22:03:19+00:00\",\"breadcrumb\":{\"@id\":\"https:\\\/\\\/chileentinieblas.cl\\\/evento-bajo-la-luna-roja\\\/#breadcrumb\"},\"inLanguage\":\"en-US\",\"potentialAction\":[{\"@type\":\"ReadAction\",\"target\":[\"https:\\\/\\\/chileentinieblas.cl\\\/evento-bajo-la-luna-roja\\\/\"]}]},{\"@type\":\"ImageObject\",\"inLanguage\":\"en-US\",\"@id\":\"https:\\\/\\\/chileentinieblas.cl\\\/evento-bajo-la-luna-roja\\\/#primaryimage\",\"url\":\"https:\\\/\\\/chileentinieblas.cl\\\/wp-content\\\/uploads\\\/2025\\\/07\\\/WhatsApp-Image-2025-07-23-at-17.44.03-1.jpeg\",\"contentUrl\":\"https:\\\/\\\/chileentinieblas.cl\\\/wp-content\\\/uploads\\\/2025\\\/07\\\/WhatsApp-Image-2025-07-23-at-17.44.03-1.jpeg\",\"width\":1600,\"height\":500},{\"@type\":\"BreadcrumbList\",\"@id\":\"https:\\\/\\\/chileentinieblas.cl\\\/evento-bajo-la-luna-roja\\\/#breadcrumb\",\"itemListElement\":[{\"@type\":\"ListItem\",\"position\":1,\"name\":\"Portada\",\"item\":\"https:\\\/\\\/chileentinieblas.cl\\\/\"},{\"@type\":\"ListItem\",\"position\":2,\"name\":\"Evento: Bajo la Luna Roja\"}]},{\"@type\":\"WebSite\",\"@id\":\"https:\\\/\\\/chileentinieblas.cl\\\/#website\",\"url\":\"https:\\\/\\\/chileentinieblas.cl\\\/\",\"name\":\"Chile en Tinieblas\",\"description\":\"Un servidor con mesas de rol de Mundo de Tinieblas\",\"publisher\":{\"@id\":\"https:\\\/\\\/chileentinieblas.cl\\\/#organization\"},\"potentialAction\":[{\"@type\":\"SearchAction\",\"target\":{\"@type\":\"EntryPoint\",\"urlTemplate\":\"https:\\\/\\\/chileentinieblas.cl\\\/?s={search_term_string}\"},\"query-input\":{\"@type\":\"PropertyValueSpecification\",\"valueRequired\":true,\"valueName\":\"search_term_string\"}}],\"inLanguage\":\"en-US\"},{\"@type\":\"Organization\",\"@id\":\"https:\\\/\\\/chileentinieblas.cl\\\/#organization\",\"name\":\"Chile en Tinieblas\",\"url\":\"https:\\\/\\\/chileentinieblas.cl\\\/\",\"logo\":{\"@type\":\"ImageObject\",\"inLanguage\":\"en-US\",\"@id\":\"https:\\\/\\\/chileentinieblas.cl\\\/#\\\/schema\\\/logo\\\/image\\\/\",\"url\":\"https:\\\/\\\/chileentinieblas.cl\\\/wp-content\\\/uploads\\\/2021\\\/12\\\/logo-cet-claro.png\",\"contentUrl\":\"https:\\\/\\\/chileentinieblas.cl\\\/wp-content\\\/uploads\\\/2021\\\/12\\\/logo-cet-claro.png\",\"width\":1001,\"height\":1030,\"caption\":\"Chile en Tinieblas\"},\"image\":{\"@id\":\"https:\\\/\\\/chileentinieblas.cl\\\/#\\\/schema\\\/logo\\\/image\\\/\"},\"sameAs\":[\"https:\\\/\\\/www.facebook.com\\\/ChileenTinieblas\",\"https:\\\/\\\/www.instagram.com\\\/chileentinieblas\\\/\",\"https:\\\/\\\/www.youtube.com\\\/@chileentinieblas\",\"https:\\\/\\\/www.tiktok.com\\\/@chileentinieblas\"]},{\"@type\":\"Person\",\"@id\":\"https:\\\/\\\/chileentinieblas.cl\\\/#\\\/schema\\\/person\\\/dd8aa8c569668ff2f5908cb87ac8d9e6\",\"name\":\"Chile en Tinieblas\",\"image\":{\"@type\":\"ImageObject\",\"inLanguage\":\"en-US\",\"@id\":\"https:\\\/\\\/secure.gravatar.com\\\/avatar\\\/57a5347dce8fd39709496f367e6b918c3a57f5d0c33f2ae2292f111efee97f7d?s=96&d=mm&r=g\",\"url\":\"https:\\\/\\\/secure.gravatar.com\\\/avatar\\\/57a5347dce8fd39709496f367e6b918c3a57f5d0c33f2ae2292f111efee97f7d?s=96&d=mm&r=g\",\"contentUrl\":\"https:\\\/\\\/secure.gravatar.com\\\/avatar\\\/57a5347dce8fd39709496f367e6b918c3a57f5d0c33f2ae2292f111efee97f7d?s=96&d=mm&r=g\",\"caption\":\"Chile en Tinieblas\"},\"sameAs\":[\"https:\\\/\\\/chileentinieblas.cl\\\/\"],\"url\":\"https:\\\/\\\/chileentinieblas.cl\\\/en\\\/author\\\/chileentinieblas\\\/\"}]}<\/script>\n<!-- \/ Yoast SEO plugin. -->","yoast_head_json":{"title":"Evento: Bajo la Luna Roja - Chile en Tinieblas","robots":{"index":"index","follow":"follow","max-snippet":"max-snippet:-1","max-image-preview":"max-image-preview:large","max-video-preview":"max-video-preview:-1"},"canonical":"https:\/\/chileentinieblas.cl\/en\/evento-bajo-la-luna-roja\/","og_locale":"en_US","og_type":"article","og_title":"Evento: Bajo la Luna Roja - Chile en Tinieblas","og_description":"Tu decisi\u00f3n impactar\u00e1 en nuestra historia. Lee aqu\u00ed para saber m\u00e1s.","og_url":"https:\/\/chileentinieblas.cl\/en\/evento-bajo-la-luna-roja\/","og_site_name":"Chile en Tinieblas","article_publisher":"https:\/\/www.facebook.com\/ChileenTinieblas","article_published_time":"2025-07-23T21:56:32+00:00","article_modified_time":"2025-07-23T22:03:19+00:00","og_image":[{"width":1600,"height":500,"url":"https:\/\/chileentinieblas.cl\/wp-content\/uploads\/2025\/07\/WhatsApp-Image-2025-07-23-at-17.44.03-1.jpeg","type":"image\/jpeg"}],"author":"Chile en Tinieblas","twitter_card":"summary_large_image","twitter_misc":{"Written by":"Chile en Tinieblas","Est. reading time":"4 minutes"},"schema":{"@context":"https:\/\/schema.org","@graph":[{"@type":"Article","@id":"https:\/\/chileentinieblas.cl\/evento-bajo-la-luna-roja\/#article","isPartOf":{"@id":"https:\/\/chileentinieblas.cl\/evento-bajo-la-luna-roja\/"},"author":{"name":"Chile en Tinieblas","@id":"https:\/\/chileentinieblas.cl\/#\/schema\/person\/dd8aa8c569668ff2f5908cb87ac8d9e6"},"headline":"Evento: Bajo la Luna Roja","datePublished":"2025-07-23T21:56:32+00:00","dateModified":"2025-07-23T22:03:19+00:00","mainEntityOfPage":{"@id":"https:\/\/chileentinieblas.cl\/evento-bajo-la-luna-roja\/"},"wordCount":333,"commentCount":2,"publisher":{"@id":"https:\/\/chileentinieblas.cl\/#organization"},"image":{"@id":"https:\/\/chileentinieblas.cl\/evento-bajo-la-luna-roja\/#primaryimage"},"thumbnailUrl":"https:\/\/chileentinieblas.cl\/wp-content\/uploads\/2025\/07\/WhatsApp-Image-2025-07-23-at-17.44.03-1.jpeg","articleSection":["Eventos","Noticias"],"inLanguage":"en-US","potentialAction":[{"@type":"CommentAction","name":"Comment","target":["https:\/\/chileentinieblas.cl\/evento-bajo-la-luna-roja\/#respond"]}]},{"@type":"WebPage","@id":"https:\/\/chileentinieblas.cl\/evento-bajo-la-luna-roja\/","url":"https:\/\/chileentinieblas.cl\/evento-bajo-la-luna-roja\/","name":"Evento: Bajo la Luna Roja - Chile en Tinieblas","isPartOf":{"@id":"https:\/\/chileentinieblas.cl\/#website"},"primaryImageOfPage":{"@id":"https:\/\/chileentinieblas.cl\/evento-bajo-la-luna-roja\/#primaryimage"},"image":{"@id":"https:\/\/chileentinieblas.cl\/evento-bajo-la-luna-roja\/#primaryimage"},"thumbnailUrl":"https:\/\/chileentinieblas.cl\/wp-content\/uploads\/2025\/07\/WhatsApp-Image-2025-07-23-at-17.44.03-1.jpeg","datePublished":"2025-07-23T21:56:32+00:00","dateModified":"2025-07-23T22:03:19+00:00","breadcrumb":{"@id":"https:\/\/chileentinieblas.cl\/evento-bajo-la-luna-roja\/#breadcrumb"},"inLanguage":"en-US","potentialAction":[{"@type":"ReadAction","target":["https:\/\/chileentinieblas.cl\/evento-bajo-la-luna-roja\/"]}]},{"@type":"ImageObject","inLanguage":"en-US","@id":"https:\/\/chileentinieblas.cl\/evento-bajo-la-luna-roja\/#primaryimage","url":"https:\/\/chileentinieblas.cl\/wp-content\/uploads\/2025\/07\/WhatsApp-Image-2025-07-23-at-17.44.03-1.jpeg","contentUrl":"https:\/\/chileentinieblas.cl\/wp-content\/uploads\/2025\/07\/WhatsApp-Image-2025-07-23-at-17.44.03-1.jpeg","width":1600,"height":500},{"@type":"BreadcrumbList","@id":"https:\/\/chileentinieblas.cl\/evento-bajo-la-luna-roja\/#breadcrumb","itemListElement":[{"@type":"ListItem","position":1,"name":"Portada","item":"https:\/\/chileentinieblas.cl\/"},{"@type":"ListItem","position":2,"name":"Evento: Bajo la Luna Roja"}]},{"@type":"WebSite","@id":"https:\/\/chileentinieblas.cl\/#website","url":"https:\/\/chileentinieblas.cl\/","name":"Chile en Tinieblas","description":"Un servidor con mesas de rol de Mundo de Tinieblas","publisher":{"@id":"https:\/\/chileentinieblas.cl\/#organization"},"potentialAction":[{"@type":"SearchAction","target":{"@type":"EntryPoint","urlTemplate":"https:\/\/chileentinieblas.cl\/?s={search_term_string}"},"query-input":{"@type":"PropertyValueSpecification","valueRequired":true,"valueName":"search_term_string"}}],"inLanguage":"en-US"},{"@type":"Organization","@id":"https:\/\/chileentinieblas.cl\/#organization","name":"Chile en Tinieblas","url":"https:\/\/chileentinieblas.cl\/","logo":{"@type":"ImageObject","inLanguage":"en-US","@id":"https:\/\/chileentinieblas.cl\/#\/schema\/logo\/image\/","url":"https:\/\/chileentinieblas.cl\/wp-content\/uploads\/2021\/12\/logo-cet-claro.png","contentUrl":"https:\/\/chileentinieblas.cl\/wp-content\/uploads\/2021\/12\/logo-cet-claro.png","width":1001,"height":1030,"caption":"Chile en Tinieblas"},"image":{"@id":"https:\/\/chileentinieblas.cl\/#\/schema\/logo\/image\/"},"sameAs":["https:\/\/www.facebook.com\/ChileenTinieblas","https:\/\/www.instagram.com\/chileentinieblas\/","https:\/\/www.youtube.com\/@chileentinieblas","https:\/\/www.tiktok.com\/@chileentinieblas"]},{"@type":"Person","@id":"https:\/\/chileentinieblas.cl\/#\/schema\/person\/dd8aa8c569668ff2f5908cb87ac8d9e6","name":"Chile en Tinieblas","image":{"@type":"ImageObject","inLanguage":"en-US","@id":"https:\/\/secure.gravatar.com\/avatar\/57a5347dce8fd39709496f367e6b918c3a57f5d0c33f2ae2292f111efee97f7d?s=96&d=mm&r=g","url":"https:\/\/secure.gravatar.com\/avatar\/57a5347dce8fd39709496f367e6b918c3a57f5d0c33f2ae2292f111efee97f7d?s=96&d=mm&r=g","contentUrl":"https:\/\/secure.gravatar.com\/avatar\/57a5347dce8fd39709496f367e6b918c3a57f5d0c33f2ae2292f111efee97f7d?s=96&d=mm&r=g","caption":"Chile en Tinieblas"},"sameAs":["https:\/\/chileentinieblas.cl\/"],"url":"https:\/\/chileentinieblas.cl\/en\/author\/chileentinieblas\/"}]}},"jetpack_sharing_enabled":true,"jetpack_featured_media_url":"https:\/\/chileentinieblas.cl\/wp-content\/uploads\/2025\/07\/WhatsApp-Image-2025-07-23-at-17.44.03-1.jpeg","_links":{"self":[{"href":"https:\/\/chileentinieblas.cl\/en\/wp-json\/wp\/v2\/posts\/6593","targetHints":{"allow":["GET"]}}],"collection":[{"href":"https:\/\/chileentinieblas.cl\/en\/wp-json\/wp\/v2\/posts"}],"about":[{"href":"https:\/\/chileentinieblas.cl\/en\/wp-json\/wp\/v2\/types\/post"}],"author":[{"embeddable":true,"href":"https:\/\/chileentinieblas.cl\/en\/wp-json\/wp\/v2\/users\/32"}],"replies":[{"embeddable":true,"href":"https:\/\/chileentinieblas.cl\/en\/wp-json\/wp\/v2\/comments?post=6593"}],"version-history":[{"count":6,"href":"https:\/\/chileentinieblas.cl\/en\/wp-json\/wp\/v2\/posts\/6593\/revisions"}],"predecessor-version":[{"id":7006,"href":"https:\/\/chileentinieblas.cl\/en\/wp-json\/wp\/v2\/posts\/6593\/revisions\/7006"}],"wp:featuredmedia":[{"embeddable":true,"href":"https:\/\/chileentinieblas.cl\/en\/wp-json\/wp\/v2\/media\/6661"}],"wp:attachment":[{"href":"https:\/\/chileentinieblas.cl\/en\/wp-json\/wp\/v2\/media?parent=6593"}],"wp:term":[{"taxonomy":"category","embeddable":true,"href":"https:\/\/chileentinieblas.cl\/en\/wp-json\/wp\/v2\/categories?post=6593"},{"taxonomy":"post_tag","embeddable":true,"href":"https:\/\/chileentinieblas.cl\/en\/wp-json\/wp\/v2\/tags?post=6593"},{"taxonomy":"juego","embeddable":true,"href":"https:\/\/chileentinieblas.cl\/en\/wp-json\/wp\/v2\/juego?post=6593"}],"curies":[{"name":"wp","href":"https:\/\/api.w.org\/{rel}","templated":true}]}}