{"id":5651,"date":"2024-10-25T04:35:36","date_gmt":"2024-10-25T04:35:36","guid":{"rendered":"https:\/\/chileentinieblas.cl\/?p=5651"},"modified":"2024-10-25T04:51:22","modified_gmt":"2024-10-25T04:51:22","slug":"una-invitacion-particular","status":"publish","type":"post","link":"https:\/\/chileentinieblas.cl\/en\/una-invitacion-particular\/","title":{"rendered":"Una invitaci\u00f3n particular"},"content":{"rendered":"<style>.supertitulo {margin-top:-60px;}<\/style>\n\n\n<p class=\"wp-block-paragraph\">En medio de un proceso de vacunaci\u00f3n que ayuda al pa\u00eds a salir de una pandemia global, se organiza una <a href=\"https:\/\/chileentinieblas.cl\/en\/evento-una-velada-en-el-hades\/\" data-type=\"post\" data-id=\"3302\">nueva celebraci\u00f3n<\/a> entre la elite, esta vez sin un motivo aparente. Como era de esperarse, solo aquellos m\u00e1s influyentes y poderosos recibieron una invitaci\u00f3n exclusiva a participar, tanto entre la sociedad humana como sobrenatural. Sus misteriosos organizadores le llamaron a este evento &#8220;<strong>La danza del C\u00edrculo Dorado<\/strong>&#8220;, pero lo que m\u00e1s llamaba la atenci\u00f3n no era la inolvidable noche que promet\u00edan, sino la posibilidad de entrar como &#8220;invitado especial&#8221; si eras capaz de conseguir algunos objetos de una exclusiva lista que hicieron llegar a ciertos c\u00edrculos de influencia. La instrucci\u00f3n era clara: entregar uno de estos objetos aseguraba 4 cupos para entrar a la fiesta y compartir un grato momento con los invitados.<\/p>\n\n\n\n<p class=\"wp-block-paragraph\">En ella se encontraban los m\u00e1s extra\u00f1os tesoros que pocos coleccionistas siquiera podr\u00edan considerar reales, pero \u00bfcuales eran estos objetos?<\/p>\n\n\n\n<figure class=\"wp-block-image aligncenter size-full\"><img fetchpriority=\"high\" decoding=\"async\" width=\"369\" height=\"369\" src=\"https:\/\/chileentinieblas.cl\/wp-content\/uploads\/2024\/09\/talisman.png\" alt=\"\" class=\"wp-image-5654\" srcset=\"https:\/\/chileentinieblas.cl\/wp-content\/uploads\/2024\/09\/talisman.png 369w, https:\/\/chileentinieblas.cl\/wp-content\/uploads\/2024\/09\/talisman-300x300.png 300w, https:\/\/chileentinieblas.cl\/wp-content\/uploads\/2024\/09\/talisman-150x150.png 150w, https:\/\/chileentinieblas.cl\/wp-content\/uploads\/2024\/09\/talisman-12x12.png 12w\" sizes=\"(max-width: 369px) 100vw, 369px\" \/><\/figure>\n\n\n\n<div class=\"supertitulo\">\n<div class=\"has-text-align-center\"><em>Objeto N\u00ba1:<\/em><\/div>\n<h2 class=\"wp-block-heading has-text-align-center\">El talism\u00e1n de los Lisperguer<\/h2>\n<\/div>\n\n\n\n<p class=\"wp-block-paragraph\">Muchos conocen el mito de Catalina de los Rios y Lisperberg, mejor conocida como <strong>la Quintrala<\/strong>, y sus supuestos pactos con el diablo, pero poco se habla de la historia oculta de su familia, los Lisperberg, quienes se hab\u00edan vuelto en ese entonces un clan de cazadores de monstruos con la ayuda de la Sociedad de Leopoldo. Seg\u00fan los pocos registros que todav\u00eda quedan en algunas bibliotecas arcanas, en sus cacer\u00edas recolectaron y desarrollaron todo tipo de artilugios y armas con las cuales neutralizar a sus objetivos. Entre ellos se cuenta la historia de un talism\u00e1n capaz de debilitar a los vampiros que se expon\u00edan a su presencia, volviendo vulnerable hasta al m\u00e1s antiguo entre ellos.<\/p>\n\n\n\n<p class=\"wp-block-paragraph\">Este rumor tambi\u00e9n hab\u00eda llegado a los o\u00eddos de <strong>Zlata Evich<\/strong>, una influyente vampira vinculada al sistema circulatorio y una de las organizadoras del evento. Durante a\u00f1os, Zlata hab\u00eda investigado el paradero de la reliquia con el fin de usarla como parte de una f\u00f3rmula alqu\u00edmica, hasta que finalmente descubri\u00f3 que se encontraba oculta en un antiguo mausoleo. Astuta, decidi\u00f3 incluirla en la lista de objetos requeridos para entrar a &#8220;La Danza del C\u00edrculo Dorado&#8221;, con la intenci\u00f3n de que otros hicieran el trabajo sucio por ella.<\/p>\n\n\n\n<p class=\"wp-block-paragraph\">La noticia de que el pr\u00edncipe de Santiago, <strong><a href=\"https:\/\/chileentinieblas.cl\/en\/pnj\/bradford-ellison-thiel\/\" data-type=\"pnj\" data-id=\"2423\">Bradford<\/a><\/strong>, ser\u00eda uno de los invitados a la fiesta y se encontrar\u00eda sin su habitual guardia personal, lleg\u00f3 r\u00e1pidamente a o\u00eddos del movimiento Anarquista. Viendo la oportunidad perfecta, <strong><a href=\"https:\/\/chileentinieblas.cl\/en\/pnj\/verde\/\" data-type=\"pnj\" data-id=\"5281\">Verde<\/a><\/strong>, una de las baronesas de Santiago, decidi\u00f3 actuar. Organiz\u00f3 varias coteries con una misi\u00f3n clara: recuperar cualquiera de los objetos que garantizaban acceso al evento para infiltrar la mayor cantidad de sus agentes y, una vez dentro, eliminar al pr\u00edncipe de la Camarilla de una vez por todas.<\/p>\n\n\n\n<p class=\"wp-block-paragraph\">Siguiendo las pistas que la baronesa les proporcion\u00f3, uno de esos grupos rastre\u00f3 el talism\u00e1n hasta el antiguo mausoleo de la Casa de la Quintrala, en Graneros. All\u00ed, se enfrentaron a un intrincado sistema de protecci\u00f3n que resguardaba el objeto. Solo al resolver un acertijo prohibido que puso a prueba los l\u00edmites de sus habilidades inmortales, lograron apoderarse del medall\u00f3n, listo para ser presentado al tasador del evento.<\/p>\n\n\n\n<p class=\"wp-block-paragraph\">La primera parte del plan de los Anarquistas ha sido un \u00e9xito y los d\u00edas del pr\u00edncipe est\u00e1n contados.<\/p>\n\n\n\n<figure class=\"wp-block-image aligncenter size-full\"><img decoding=\"async\" width=\"369\" height=\"369\" src=\"https:\/\/chileentinieblas.cl\/wp-content\/uploads\/2024\/09\/sangre-canibal.png\" alt=\"\" class=\"wp-image-5673\" srcset=\"https:\/\/chileentinieblas.cl\/wp-content\/uploads\/2024\/09\/sangre-canibal.png 369w, https:\/\/chileentinieblas.cl\/wp-content\/uploads\/2024\/09\/sangre-canibal-300x300.png 300w, https:\/\/chileentinieblas.cl\/wp-content\/uploads\/2024\/09\/sangre-canibal-150x150.png 150w, https:\/\/chileentinieblas.cl\/wp-content\/uploads\/2024\/09\/sangre-canibal-12x12.png 12w\" sizes=\"(max-width: 369px) 100vw, 369px\" \/><\/figure>\n\n\n\n<div class=\"supertitulo\">\n<div class=\"has-text-align-center\"><em>Objeto N\u00ba2:<\/em><\/div>\n<h2 class=\"wp-block-heading has-text-align-center\">La sangre de un can\u00edbal<\/h2>\n<\/div>\n\n\n\n<p class=\"wp-block-paragraph\">Siguiendo los ingredientes de su f\u00f3rmula alqu\u00edmica, Zlata a\u00f1adi\u00f3 otro objeto a su lista, uno que hab\u00eda estado preparando durante a\u00f1os: un tipo de sangre con una discrasia excepcionalmente poderosa y \u00fanica, cargada de un humor sanguinolento. Para obtenerla, manipul\u00f3 de manera indirecta a un joven de una familia adinerada durante mucho tiempo, gui\u00e1ndolo hacia una vida de hedonismo desenfrenado. Poco a poco, este estilo de vida le provoc\u00f3 un trastorno de personalidad narcisista y un inquietante gusto por la carne humana.<\/p>\n\n\n\n<p class=\"wp-block-paragraph\">Cada a\u00f1o, sin ser consciente de su rol en los planes de Zlata, este joven adquir\u00eda un cad\u00e1ver fresco a trav\u00e9s de oscuros medios, destinado a ser consumido en una extravagante fiesta privada que organizaba con su c\u00edrculo cercano. En estas reuniones se ofrec\u00eda todo tipo de excesos \u2014sexo, drogas y otros vicios\u2014, todo cuidadosamente oculto bajo una fachada de lujo. La cena principal, sin embargo, ten\u00eda un ingrediente secreto que los invitados ignoraban: carne humana. Cuando este joven observaba c\u00f3mo sus invitados disfrutaban del macabro banquete, se generaba en su cuerpo la sangre que Zlata tanto anhelaba cosechar.<\/p>\n\n\n\n<p class=\"wp-block-paragraph\">Ese a\u00f1o, sin embargo, su perversas fiestas llegar\u00edan a su fin. La baronesa Verde, que buscaba los tesoros de la lista, consigui\u00f3 que una coterie de anarquistas se infiltrara en la fiesta con el objetivo de recuperar la discracia del recipiente mortal, asesin\u00e1ndolo en el proceso. Sin saber que hac\u00edan el trabajo sucio de Zlata, lograron hacerse con el vial de sangre y llev\u00e1rsela al tasador del evento, quien les otorg\u00f3 las entradas que tanto necesitaban.<\/p>\n\n\n\n<p class=\"wp-block-paragraph\">As\u00ed fue como el movimiento anarquista logr\u00f3 infiltrar a varios de sus v\u00e1stagos en el enigm\u00e1tico evento conocido como &#8220;La Danza del C\u00edrculo Dorado&#8221;.<\/p>\n\n\n\n<figure class=\"wp-block-image aligncenter size-full\"><img decoding=\"async\" width=\"369\" height=\"369\" src=\"https:\/\/chileentinieblas.cl\/wp-content\/uploads\/2024\/09\/lagrima-gaia.png\" alt=\"\" class=\"wp-image-5679\" srcset=\"https:\/\/chileentinieblas.cl\/wp-content\/uploads\/2024\/09\/lagrima-gaia.png 369w, https:\/\/chileentinieblas.cl\/wp-content\/uploads\/2024\/09\/lagrima-gaia-300x300.png 300w, https:\/\/chileentinieblas.cl\/wp-content\/uploads\/2024\/09\/lagrima-gaia-150x150.png 150w, https:\/\/chileentinieblas.cl\/wp-content\/uploads\/2024\/09\/lagrima-gaia-12x12.png 12w\" sizes=\"(max-width: 369px) 100vw, 369px\" \/><\/figure>\n\n\n\n<div class=\"supertitulo\">\n<div class=\"has-text-align-center\"><em>Objeto N\u00ba3:<\/em><\/div>\n<h2 class=\"wp-block-heading has-text-align-center\">La l\u00e1grima de Gaia<\/h2>\n<\/div>\n\n\n\n<p class=\"wp-block-paragraph\">Pero Zlata todav\u00eda necesitaba de un objeto m\u00e1s para completar su f\u00f3rmula, y a diferencia de los otros, la naturaleza de este \u00faltimo era parte de un mundo al que ella no ten\u00eda los medios para acceder. Resulta que en la umbra hay un mineral llamado la l\u00e1grima de Gaia, que al ser expuesto de manera prolongada sobre un vampiro, era capaz de apaciguar a su bestia por motivos desconocidos. A pesar de ser un objeto fuera de su alcance, eso no la detuvo y moviendo unos contactos aprendi\u00f3 que el extra\u00f1o cristal se puede encontrar en \u201cel mundo espiritual\u201d a la que solo pueden entrar los lupinos. Sabiendo que ellos tambi\u00e9n buscan asesinar al pr\u00edncipe de los v\u00e1stagos, decide integrar el cristal a la lista de objetos solicitados para la fiesta y as\u00ed atraer su atenci\u00f3n.<\/p>\n\n\n\n<p class=\"wp-block-paragraph\">Los hombres lobos del <a href=\"https:\/\/chileentinieblas.cl\/en\/agrupaciones\/clan-de-la-torre-vigilante\/\" data-type=\"agrupaciones\" data-id=\"2543\">clan de la Torre Vigilante<\/a>, por medio de su equipo de inteligencia, reciben la informaci\u00f3n de que <a href=\"https:\/\/chileentinieblas.cl\/en\/pnj\/bradford-ellison-thiel\/\" data-type=\"pnj\" data-id=\"2423\">Bradford<\/a>, el pr\u00edncipe de los vampiros, estar\u00e1 sin su guardia personal en un misterioso evento de lujo y que para poder entrar, deber\u00e1n conseguir uno de los objetos de la enigm\u00e1tica lista. Al ver una oportunidad para acabar con la inminente guerra entre v\u00e1stagos y garous, La Torre prepar\u00f3 una manada para obtener la L\u00e1grima de Gaia, la cual hab\u00edan rastreado hasta el nido de esp\u00edritu de la tejedora, en lo profundo de la umbra de la ciudad. Sab\u00edan que llegado el momento, tendr\u00e1n que decidir si llegar a un acuerdo con ella o atacarla para arrebatar la l\u00e1grima de sus manos.<\/p>\n\n\n\n<p class=\"wp-block-paragraph\">Cuando la manada se adentr\u00f3 al coraz\u00f3n del dominio de este esp\u00edritu, en lo que parec\u00eda ser un bosque hecho de metal, se toparon con una sorpresa, el esp\u00edritu de la Tejedora yac\u00eda deshecho hace poco en el piso de su nido, y unos metros m\u00e1s all\u00e1 los responsables: Una manada del Culto de Fenris, que buscaba la codiciada l\u00e1grima para salvar del Harano a uno de sus compa\u00f1eros. Sin \u00e1nimos de negociar, la manada amenaz\u00f3 a los enviados de la torre vigilante para que se fueran o sufrir\u00edan las consecuencias, lo que provoc\u00f3 un enfrentamiento entre ambos grupos. Al verse atrapados por la intransigencia y la violencia del culto, la manada termin\u00f3 quemando todo el bosque junto con sus rivales dentro, arrebat\u00e1ndoles as\u00ed la l\u00e1grima de Gaia de sus manos.<\/p>\n\n\n\n<p class=\"wp-block-paragraph\">Al volver con el objeto a las tierras de la piel, el grupo se puso en contacto con quien le habr\u00eda dado el dato de la fiesta, que result\u00f3 ser nada m\u00e1s ni nada menos que <a href=\"https:\/\/chileentinieblas.cl\/en\/pnj\/verde\/\" data-type=\"pnj\" data-id=\"5281\">Verde<\/a> de los anarquistas, con quien compart\u00edan un objetivo en com\u00fan: Eliminar del mapa al pr\u00edncipe Bradford.<\/p>\n\n\n\n<p class=\"wp-block-paragraph\">En una tregua temporal, vampiros anarquistas y garous se presentaron al tasador del c\u00edrculo dorado para mostrar los objetos conseguidos y asegurar su entrada al enigm\u00e1tico evento. Ahora solo quedaba el \u00faltimo paso, terminar con la no-vida del pr\u00edncipe de los vampiros para que la camarilla caiga para siempre en Santiago.<\/p>\n\n\n\n<figure class=\"wp-block-image aligncenter size-full\"><img loading=\"lazy\" decoding=\"async\" width=\"369\" height=\"369\" src=\"https:\/\/chileentinieblas.cl\/wp-content\/uploads\/2024\/09\/medallon-thule-1.png\" alt=\"\" class=\"wp-image-5681\" srcset=\"https:\/\/chileentinieblas.cl\/wp-content\/uploads\/2024\/09\/medallon-thule-1.png 369w, https:\/\/chileentinieblas.cl\/wp-content\/uploads\/2024\/09\/medallon-thule-1-300x300.png 300w, https:\/\/chileentinieblas.cl\/wp-content\/uploads\/2024\/09\/medallon-thule-1-150x150.png 150w, https:\/\/chileentinieblas.cl\/wp-content\/uploads\/2024\/09\/medallon-thule-1-12x12.png 12w\" sizes=\"(max-width: 369px) 100vw, 369px\" \/><\/figure>\n\n\n\n<div class=\"supertitulo\">\n<div class=\"has-text-align-center\"><em>Objeto N\u00ba4:<\/em><\/div>\n<h2 class=\"wp-block-heading has-text-align-center\">El medall\u00f3n de Thule<\/h2>\n<\/div>\n\n\n\n<p class=\"wp-block-paragraph\">El medall\u00f3n de Thule es un legendario fetiche utilizado durante la Segunda Guerra Mundial para encarcelar a una terrible perdici\u00f3n llamada <strong>&#8220;La Infecci\u00f3n del Odio&#8221;<\/strong> esp\u00edritu del wyrm que se alimento del sentimiento de venganza y odio de aquella \u00e9poca, obteniendo en el proceso un inigualable poder. La funci\u00f3n principal del medall\u00f3n era mantener a la perdici\u00f3n encerrada y as\u00ed evitar que se reformara en la umbra, temiendo sus impredecibles consecuencias. Esta misi\u00f3n qued\u00f3 en manos de un grupo de Uktenas llamados los <em>Guardianes de Perdiciones<\/em>, quienes realizaban peri\u00f3dicamente un rito para mantener al esp\u00edritu dormido dentro del medall\u00f3n.<\/p>\n\n\n\n<p class=\"wp-block-paragraph\">No est\u00e1 claro como un objeto de ese poder lleg\u00f3 a Chile, pero <a href=\"https:\/\/chileentinieblas.cl\/en\/pnj\/guillermo-garcia\/\" data-type=\"pnj\" data-id=\"5729\">Guillermo Garc\u00eda<\/a>, un despiadado y astuto cazador con muchos recursos y contactos, ha seguido su pista hasta una feroz manada de garous en Colonia Dignidad, donde estaba resguardado el tesoro. Como otro de los organizador de \u201cLa Danza del C\u00edrculo Dorado\u201d, Guillermo decide poner el medall\u00f3n en la lista de objetos clave para que finalmente llegue a sus manos.<\/p>\n\n\n\n<p class=\"wp-block-paragraph\">Al mismo tiempo, los Uktenas del <a href=\"https:\/\/chileentinieblas.cl\/en\/agrupaciones\/clan-de-la-serpiente-del-cajon\/\" data-type=\"agrupaciones\" data-id=\"3482\">clan de la Serpiente<\/a>, quienes originalmente resguardaban el medall\u00f3n, descubren que uno de sus miembros lo perdi\u00f3 al refugiarse en el t\u00famulo de la camada de Fenris de Villa Baviera, gracias a la informaci\u00f3n que les proporcion\u00f3 <strong>Dimitri<\/strong>, un misterioso garou del sur de Chile y aliado del clan, que llevaba tiempo trabajando junto a Guillermo en secreto para rastrear el medall\u00f3n. Confiando en las palabras de Dimitri y tomando el acto de de la camada de Villa Baviera como una traici\u00f3n, los Uktenas del clan de la Serpiente enviaron una manada a reunirse con \u00e9l para recuperar el fetiche y as\u00ed honrar el nombre de su compa\u00f1ero ca\u00eddo.<\/p>\n\n\n\n<p class=\"wp-block-paragraph\">Despu\u00e9s de que Dimitri movilizara a los garous, Guillermo le pidi\u00f3 que se contactara con el <a href=\"https:\/\/chileentinieblas.cl\/en\/pnj\/senor-d\/\" data-type=\"pnj\" data-id=\"2553\">Se\u00f1or D<\/a>, un influyente vampiro de Santiago, bajo el pseud\u00f3nimo de <strong>Hans<\/strong> para ofrecerle la posibilidad de entrar a la danza si \u00e9ste lograba recuperar el medall\u00f3n. Al tener esta informaci\u00f3n, el Se\u00f1or D sin pensarlo dos veces prepar\u00f3 una cuadrilla para dar reunirse con <strong>Hans<\/strong> en Villa Baviera y dar con su paradero. Al mismo tiempo, Guillermo manipul\u00f3 a la Agencia Nacional de Inteligencia (ANI) y a la Fuerza A\u00e9rea Chilena (FACH), haci\u00e9ndoles creer que los registros secretos que buscaban tras la <a href=\"https:\/\/chileentinieblas.cl\/en\/choque-de-intereses\/\" data-type=\"post\" data-id=\"4657\">ca\u00edda de Magadon en Chile<\/a> se encontraba en manos de la manada de Colonia Dignidad. Todo este esfuerzo para demostrarle a su mayor rival en el C\u00edrculo Dorado, <a href=\"https:\/\/chileentinieblas.cl\/en\/pnj\/emma-schultz-bollingsworth\/\" data-type=\"pnj\" data-id=\"5735\">Emma Schultz<\/a>, que era capaz de movilizar todo un ej\u00e9rcito para encontrar el medall\u00f3n antes que ella.<\/p>\n\n\n\n<p class=\"wp-block-paragraph\">Antes de movilizar a su equipo militar, Altamirano env\u00eda un peque\u00f1o grupo de cazadores independientes para hacer un reconocimiento y encontrarse con un tal Hans, quien posee informaci\u00f3n clave sobre los registros de Magadon. No resulta sorprendente que los Garou del clan de la Serpiente, la cuadrilla de vampiros del Se\u00f1or D y los cazadores de Altamirano se encontraran en la entrada de Villa Baviera, todos reunidos por Hans, cuyo verdadero nombre era <strong>Dimitri<\/strong>. Aprovechando la ocasi\u00f3n, Dimitri los persuade para que unan fuerzas, asalten el t\u00famulo y enfrenten juntos a la feroz camada de Fenris.<\/p>\n\n\n\n<p class=\"wp-block-paragraph\">Sin todav\u00eda informaci\u00f3n de sus cazadores, el <a href=\"https:\/\/chileentinieblas.cl\/en\/agrupaciones\/f-a-s-t\/\" data-type=\"agrupaciones\" data-id=\"3616\">general Altamirano<\/a> organiz\u00f3 una incursi\u00f3n violenta en Villa Baviera. El equipo enviado al lugar, al llegar descubrieron que hombres lobos, cazadores y vampiros se enfrentaban a la camada de Fenris en una brutal batalla. <strong>Dimitri<\/strong>, aprovechando la oportunidad, con astucia y enga\u00f1o advirti\u00f3 a su grupo de que ven\u00edan militares y los convenci\u00f3 de entregarles el medall\u00f3n antes que eso sucediera. A rega\u00f1adientes, accedieron a su petici\u00f3n, y en el instante Dimitri desapareci\u00f3 en las sombras, dejando a cazadores, vampiros y Uktenas completamente confundidos, sin tener claro sobre qu\u00e9 hacer al respecto.<\/p>\n\n\n\n<p class=\"wp-block-paragraph\">Despu\u00e9s de ese repentino resultado, Guillermo no logr\u00f3 contactar a Dimitri, y sospecha de que usar\u00e1 el medall\u00f3n para acceder a &#8220;La danza del C\u00edrculo Dorado&#8221; y contactarse con su verdadero l\u00edder. Mientras que Altamirano, aunque victorioso, descubre que los secretos de Magadon no estaban donde lo dec\u00eda su investigaci\u00f3n y que su \u00fanica pista era este misterioso evento del que hablaban los prisioneros que interrog\u00f3 en la operaci\u00f3n de Villa Baviera.<\/p>\n\n\n\n<p class=\"wp-block-paragraph\">La investigaci\u00f3n a\u00fan contin\u00faa.<\/p>\n\n\n\n<figure class=\"wp-block-image aligncenter size-full\"><img loading=\"lazy\" decoding=\"async\" width=\"369\" height=\"369\" src=\"https:\/\/chileentinieblas.cl\/wp-content\/uploads\/2024\/09\/caliz-pesadillas.png\" alt=\"\" class=\"wp-image-5677\" srcset=\"https:\/\/chileentinieblas.cl\/wp-content\/uploads\/2024\/09\/caliz-pesadillas.png 369w, https:\/\/chileentinieblas.cl\/wp-content\/uploads\/2024\/09\/caliz-pesadillas-300x300.png 300w, https:\/\/chileentinieblas.cl\/wp-content\/uploads\/2024\/09\/caliz-pesadillas-150x150.png 150w, https:\/\/chileentinieblas.cl\/wp-content\/uploads\/2024\/09\/caliz-pesadillas-12x12.png 12w\" sizes=\"(max-width: 369px) 100vw, 369px\" \/><\/figure>\n\n\n\n<div class=\"supertitulo\">\n<div class=\"has-text-align-center\"><em>Objeto N\u00ba5:<\/em><\/div>\n<h2 class=\"wp-block-heading has-text-align-center\">El c\u00e1liz de las Pesadillas<\/h2>\n<\/div>\n\n\n\n<p class=\"wp-block-paragraph\"><a href=\"https:\/\/chileentinieblas.cl\/en\/pnj\/morgana-la-oraculo-de-los-secretos\/\" data-type=\"pnj\" data-id=\"4721\">Morgana<\/a>, una influyente Changeling de la <a href=\"https:\/\/chileentinieblas.cl\/en\/agrupaciones\/la-hermandad-de-agyrodes\/\" data-type=\"agrupaciones\" data-id=\"4729\">Hermandad de Argyrodes<\/a> y aliada de uno de los organizadores del C\u00edrculo Dorado, recibe la misi\u00f3n de infiltrar a sus ladrones en el evento para debilitar a <a href=\"https:\/\/chileentinieblas.cl\/en\/pnj\/guillermo-garcia\/\" data-type=\"pnj\" data-id=\"5729\">Guillermo Garc\u00eda<\/a>, otro miembro clave del C\u00edrculo. Al recibir la lista de objetos necesarios para acceder a la fiesta, uno en particular capta su atenci\u00f3n: <strong>el C\u00e1liz de las Pesadillas<\/strong>, un antiguo y oscuro artefacto fe\u00e9rico con el poder de distorsionar sue\u00f1os y sumergir a sus v\u00edctimas en interminables pesadillas. Aunque muchos lo consideran solo un mito, Morgana sab\u00eda que era real y que se encontraba bajo la custodia de la casa Beaumayn en Iquique gracias a que Perry, otro miembro de la Hermandad, le habr\u00eda revelado que un changeling que conoc\u00eda estuvo presente en <a href=\"https:\/\/chileentinieblas.cl\/en\/el-lamento-de-los-dioses-caidos-capitulo-2-freyr\/\" data-type=\"post\" data-id=\"4425\">la muerte del rey de Santiago<\/a>, donde se intent\u00f3 usar el c\u00e1liz para evitar la tragedia, y posteriormente ser llevado a Iquique para ser resguardado. As\u00ed que, aprovechando que la casa Beaumayn preparaba un evento hist\u00f3rico en esos momentos, Morgana vio la oportunidad perfecta para organizar un atraco y hacerse con el artefacto.<\/p>\n\n\n\n<p class=\"wp-block-paragraph\">Fue as\u00ed que, siguiendo el plan de Morgana, la Hermandad se dividi\u00f3 en tres grupos: uno para robar los planos del Palacio de Astoreca, otro para obtener la f\u00f3rmula para abrir la b\u00f3veda donde estaba el c\u00e1liz, y un tercero para robar las esencias de los altos cargos de la casa Beaumayn, que son necesarias para acceder al c\u00e1liz. Juntos, magos y changelings de la Hermandad de Argyrodes trabajaron para infiltrarse en el palacio.<\/p>\n\n\n\n<p class=\"wp-block-paragraph\">El 17 de mayo, aprovechando un evento conmemorativo de la guerra del pac\u00edfico organizado por la casa Beaumayn, la Hermandad ejecut\u00f3 su plan. Lograron infiltrarse en el Palacio de Astoreca, enfrent\u00e1ndose a las puertas imbuidas con Glamour y a la magia del lugar. Cuando llegaron a la b\u00f3veda, se encontraron con proyecciones terror\u00edficas que emerg\u00edan del c\u00e1liz, mostrando sombras grotescas y visiones oscuras de algo m\u00e1s. A pesar de todo, consiguieron hacerse con el objeto y huyeron de la celebraci\u00f3n en una lancha al atardecer antes de que cualquier otro miembro de la casa Beaumayn se diera cuenta.<\/p>\n\n\n\n<p class=\"wp-block-paragraph\">Con el c\u00e1liz en su poder ahora pueden entrar al evento y robarle al grupo m\u00e1s influyente del pa\u00eds, solo queda ver si Morgana y la hermandad estar\u00e1n a la altura del desaf\u00edo.<\/p>\n\n\n\n<figure class=\"wp-block-image aligncenter size-full\"><img loading=\"lazy\" decoding=\"async\" width=\"369\" height=\"369\" src=\"https:\/\/chileentinieblas.cl\/wp-content\/uploads\/2024\/09\/gema-escarcha.png\" alt=\"\" class=\"wp-image-5678\" srcset=\"https:\/\/chileentinieblas.cl\/wp-content\/uploads\/2024\/09\/gema-escarcha.png 369w, https:\/\/chileentinieblas.cl\/wp-content\/uploads\/2024\/09\/gema-escarcha-300x300.png 300w, https:\/\/chileentinieblas.cl\/wp-content\/uploads\/2024\/09\/gema-escarcha-150x150.png 150w, https:\/\/chileentinieblas.cl\/wp-content\/uploads\/2024\/09\/gema-escarcha-12x12.png 12w\" sizes=\"(max-width: 369px) 100vw, 369px\" \/><\/figure>\n\n\n\n<div class=\"supertitulo\">\n<div class=\"has-text-align-center\"><em>Objeto N\u00ba6:<\/em><\/div>\n<h2 class=\"wp-block-heading has-text-align-center\">La gema Escarcha<\/h2>\n<\/div>\n\n\n\n<p class=\"wp-block-paragraph\">Pocos conocen el verdadero poder que encierra la &#8220;Gema Escarcha&#8221;, un artefacto clave en el incidente del Cerro La Ballena el 31 de octubre de 2020. Ese d\u00eda, un grupo autodenominado &#8220;<a href=\"https:\/\/chileentinieblas.cl\/en\/agrupaciones\/la-sociedad-del-octubre-negro\/\" data-type=\"agrupaciones\" data-id=\"2845\">La Sociedad del Octubre Negro<\/a>&#8221; amenaz\u00f3 a la ciudad al romper temporalmente la barrera que separa el mundo f\u00edsico del espiritual. Los pocos sobrevivientes recuerdan que uno de los objetos usados en ese ritual pod\u00eda convertir los sue\u00f1os en realidad, y no pas\u00f3 mucho tiempo antes de que uno de los responsables del evento a\u00f1adiera la gema a la lista de tesoros necesarios para acceder a la Danza del C\u00edrculo Dorado.<\/p>\n\n\n\n<p class=\"wp-block-paragraph\">Se supon\u00eda que la gema estaba en manos de <strong>Rold\u00e1n<\/strong>, un changeling de la SON (Sociedad del Octubre Negro), pero <a href=\"https:\/\/chileentinieblas.cl\/en\/el-lamento-de-los-dioses-caidos-capitulo-2-freyr\/\" data-type=\"post\" data-id=\"4425\">un conflicto con su regente<\/a> lo llev\u00f3 a huir con ella al Ensue\u00f1o Profundo, aparentemente haciendo que desapareciera para siempre. Sin embargo, Rold\u00e1n no comprendi\u00f3 del todo el verdadero poder de la gema. Al entrar en contacto con el Ensue\u00f1o Profundo, la gema se destruy\u00f3, liberando <strong>al avatar de un antiguo mago con la forma de la Dama del Invierno<\/strong>. Este avatar logr\u00f3 regresar a su cuerpo original, don Aurelio, un anciano due\u00f1o de una tienda de antig\u00fcedades en Franklin, cuya memoria fragmentada no recordaba su pasado m\u00e1gico.<\/p>\n\n\n\n<p class=\"wp-block-paragraph\">Cuando el poder descontrolado volvi\u00f3 a don Aurelio, su tienda comenz\u00f3 a transformarse. Los visitantes afirmaban que los objetos cobraban vida y los cuentos se hac\u00edan realidad. Este fen\u00f3meno pronto capt\u00f3 la atenci\u00f3n de <strong>Ainee<\/strong>, una noble changeling encargada de la protecci\u00f3n de la zona, quien envi\u00f3 una cuadrilla de Dagas Luminosas a investigar qu\u00e9 estaba pasando. Pero no era la \u00fanica tras esta noticia, la SON, que reconoci\u00f3 la magia de escarcha, envi\u00f3 a un grupo con el objetivo de recuperar el poder empleando el mismo ritual que usaron en el pasado para encerrar el avatar del anciano en una nueva gema.<\/p>\n\n\n\n<p class=\"wp-block-paragraph\">Simult\u00e1neamente, un grupo de magos, en b\u00fasqueda de su <a href=\"https:\/\/chileentinieblas.cl\/en\/pnj\/antonio-de-los-rios-corazon-de-dragon\/\" data-type=\"pnj\" data-id=\"2047\">desaparecido l\u00edder<\/a>, fue contactado en el bar &#8220;<a href=\"https:\/\/chileentinieblas.cl\/en\/localidad\/bar-el-penitente\/\" data-type=\"localidad\" data-id=\"3024\">El Penitente<\/a>&#8221; por un misterioso informante. Este les revel\u00f3 que la Sociedad del Octubre Negro, responsables del secuestro de su l\u00edder, estaba tras un objeto clave y que, si quer\u00edan encontrar respuestas, deb\u00edan seguir el rastro de poder hasta Franklin.<\/p>\n\n\n\n<p class=\"wp-block-paragraph\">Mientras tanto, <a href=\"https:\/\/youtu.be\/rKk_ohw-jeM?si=dbvcpuH6OtjanG_w\" data-type=\"link\" data-id=\"https:\/\/youtu.be\/rKk_ohw-jeM?si=dbvcpuH6OtjanG_w\">otra c\u00e1bala de magos<\/a>, en su intento de reparar una maravilla llamada &#8220;<strong>El Sagrarium<\/strong>&#8220;, necesitaba un material extremadamente raro que solo las personas m\u00e1s ricas del mundo pod\u00edan obtener. Esto los llev\u00f3 a contactar a la vampira Anya, quien les ofreci\u00f3 informaci\u00f3n sobre la Danza del C\u00edrculo Dorado, un evento exclusivo donde podr\u00edan encontrar lo que buscaban. A cambio de su ayuda, Anya les dio detalles sobre la Gema Escarcha, advirti\u00e9ndoles que no eran los \u00fanicos interesados en ella.<\/p>\n\n\n\n<p class=\"wp-block-paragraph\">De manera inevitable, los caminos de changelings y magos se cruzaron en la tienda de don Aurelio, lo que provoc\u00f3 un breve enfrentamiento, pero buscando pistas sobre la gema, la nieta de don Aurelio, que se manten\u00eda oculta hasta entonces, les revel\u00f3 que su abuelo <strong>era la gema que tanto buscaban<\/strong>, y que la SON se lo hab\u00eda llevado minutos atr\u00e1s. As\u00ed que sin perder m\u00e1s tiempo, decidieron unir fuerzas y, usando cantrips y magia despertada, lograron rastrear a don Aurelio hasta unos galpones cercanos.<\/p>\n\n\n\n<p class=\"wp-block-paragraph\">Al llegar, presenciaron c\u00f3mo la Sociedad del Octubre Negro, liderada por el changeling renegado <strong>Ronan<\/strong>, estaba extrayendo poco a poco a la Dama de Escarcha del cuerpo de don Aurelio. As\u00ed que r\u00e1pidamente el grupo atac\u00f3 desde varios flancos a la SON, interrumpiendo el ritual antes de que una nueva gema pudiera ser forjada.<\/p>\n\n\n\n<p class=\"wp-block-paragraph\">Al verse superado, Ronan decidi\u00f3 escapar con los pocos sobrevivientes que le quedaban. Sin embargo, el grupo captur\u00f3 a uno de sus seguidores, quien, antes de morir misteriosamente, les revel\u00f3 que quien sab\u00eda la ubicaci\u00f3n del mago que buscaban estar\u00eda en la danza del C\u00edrculo Dorado.<\/p>\n\n\n\n<p class=\"wp-block-paragraph\">Ahora, el grupo de magos y changelings enfrenta una dif\u00edcil decisi\u00f3n: entregar a don Aurelio para obtener acceso a la fiesta y continuar su b\u00fasqueda del material y de la SON, o proteger el poder de la Dama de Escarcha bajo la custodia de Ainee y su casa.<\/p>\n\n\n\n<p class=\"wp-block-paragraph\"><a href=\"https:\/\/chileentinieblas.cl\/en\/evento-la-danza-de-circulo-dorado-parte-2\/\" data-type=\"post\" data-id=\"5689\">Pronto lo sabremos.<\/a><\/p>","protected":false},"excerpt":{"rendered":"<p>Una lista de poderosos objetos lleva a varias facciones de seres sobrenaturales a intentar conseguirlos para hacerse de un cupo en el prestigioso evento &#8220;La danza del C\u00edrculo Dorado&#8221;<\/p>","protected":false},"author":1,"featured_media":5816,"comment_status":"open","ping_status":"open","sticky":false,"template":"","format":"standard","meta":{"_acf_changed":false,"inline_featured_image":false,"_monsterinsights_skip_tracking":false,"_jetpack_newsletter_access":"","_jetpack_dont_email_post_to_subs":false,"_jetpack_newsletter_tier_id":0,"_jetpack_memberships_contains_paywalled_content":false,"fifu_image_url":"","fifu_image_alt":"","_jetpack_feature_clip_id":0,"_jetpack_memberships_contains_paid_content":false,"footnotes":"","jetpack_post_was_ever_published":false},"categories":[134],"tags":[211],"juego":[117],"class_list":["post-5651","post","type-post","status-publish","format-standard","has-post-thumbnail","hentry","category-historias","tag-circulo-dorado","juego-mundo-de-tinieblas"],"acf":[],"yoast_head":"<!-- This site is optimized with the Yoast SEO plugin v28.4 - https:\/\/yoast.com\/product\/yoast-seo-wordpress\/ -->\n<title>Una invitaci\u00f3n particular - Chile en Tinieblas<\/title>\n<meta name=\"robots\" content=\"index, follow, max-snippet:-1, max-image-preview:large, max-video-preview:-1\" \/>\n<link rel=\"canonical\" href=\"https:\/\/chileentinieblas.cl\/en\/una-invitacion-particular\/\" \/>\n<meta property=\"og:locale\" content=\"en_US\" \/>\n<meta property=\"og:type\" content=\"article\" \/>\n<meta property=\"og:title\" content=\"Una invitaci\u00f3n particular - Chile en Tinieblas\" \/>\n<meta property=\"og:description\" content=\"Una lista de poderosos objetos lleva a varias facciones de seres sobrenaturales a intentar conseguirlos para hacerse de un cupo en el prestigioso evento &quot;La danza del C\u00edrculo Dorado&quot;\" \/>\n<meta property=\"og:url\" content=\"https:\/\/chileentinieblas.cl\/en\/una-invitacion-particular\/\" \/>\n<meta property=\"og:site_name\" content=\"Chile en Tinieblas\" \/>\n<meta property=\"article:publisher\" content=\"https:\/\/www.facebook.com\/ChileenTinieblas\" \/>\n<meta property=\"article:published_time\" content=\"2024-10-25T04:35:36+00:00\" \/>\n<meta property=\"article:modified_time\" content=\"2024-10-25T04:51:22+00:00\" \/>\n<meta property=\"og:image\" content=\"https:\/\/chileentinieblas.cl\/wp-content\/uploads\/2024\/10\/chileentinieblas_close-up_of_a_luxurious_wooden_desk_with_a_w_c8b9c746-f48f-4a70-8792-87269ba527f9_1.png\" \/>\n\t<meta property=\"og:image:width\" content=\"1456\" \/>\n\t<meta property=\"og:image:height\" content=\"816\" \/>\n\t<meta property=\"og:image:type\" content=\"image\/png\" \/>\n<meta name=\"author\" content=\"Control\" \/>\n<meta name=\"twitter:card\" content=\"summary_large_image\" \/>\n<meta name=\"twitter:label1\" content=\"Written by\" \/>\n\t<meta name=\"twitter:data1\" content=\"Control\" \/>\n\t<meta name=\"twitter:label2\" content=\"Est. reading time\" \/>\n\t<meta name=\"twitter:data2\" content=\"17 minutes\" \/>\n<script type=\"application\/ld+json\" class=\"yoast-schema-graph\">{\"@context\":\"https:\\\/\\\/schema.org\",\"@graph\":[{\"@type\":\"Article\",\"@id\":\"https:\\\/\\\/chileentinieblas.cl\\\/una-invitacion-particular\\\/#article\",\"isPartOf\":{\"@id\":\"https:\\\/\\\/chileentinieblas.cl\\\/una-invitacion-particular\\\/\"},\"author\":{\"name\":\"Control\",\"@id\":\"https:\\\/\\\/chileentinieblas.cl\\\/#\\\/schema\\\/person\\\/ea8aee39744e16ad5c09abf0336c6ad0\"},\"headline\":\"Una invitaci\u00f3n particular\",\"datePublished\":\"2024-10-25T04:35:36+00:00\",\"dateModified\":\"2024-10-25T04:51:22+00:00\",\"mainEntityOfPage\":{\"@id\":\"https:\\\/\\\/chileentinieblas.cl\\\/una-invitacion-particular\\\/\"},\"wordCount\":3358,\"commentCount\":0,\"publisher\":{\"@id\":\"https:\\\/\\\/chileentinieblas.cl\\\/#organization\"},\"image\":{\"@id\":\"https:\\\/\\\/chileentinieblas.cl\\\/una-invitacion-particular\\\/#primaryimage\"},\"thumbnailUrl\":\"https:\\\/\\\/chileentinieblas.cl\\\/wp-content\\\/uploads\\\/2024\\\/10\\\/chileentinieblas_close-up_of_a_luxurious_wooden_desk_with_a_w_c8b9c746-f48f-4a70-8792-87269ba527f9_1.png\",\"keywords\":[\"C\u00edrculo Dorado\"],\"articleSection\":[\"Historias\"],\"inLanguage\":\"en-US\",\"potentialAction\":[{\"@type\":\"CommentAction\",\"name\":\"Comment\",\"target\":[\"https:\\\/\\\/chileentinieblas.cl\\\/una-invitacion-particular\\\/#respond\"]}]},{\"@type\":\"WebPage\",\"@id\":\"https:\\\/\\\/chileentinieblas.cl\\\/una-invitacion-particular\\\/\",\"url\":\"https:\\\/\\\/chileentinieblas.cl\\\/una-invitacion-particular\\\/\",\"name\":\"Una invitaci\u00f3n particular - Chile en Tinieblas\",\"isPartOf\":{\"@id\":\"https:\\\/\\\/chileentinieblas.cl\\\/#website\"},\"primaryImageOfPage\":{\"@id\":\"https:\\\/\\\/chileentinieblas.cl\\\/una-invitacion-particular\\\/#primaryimage\"},\"image\":{\"@id\":\"https:\\\/\\\/chileentinieblas.cl\\\/una-invitacion-particular\\\/#primaryimage\"},\"thumbnailUrl\":\"https:\\\/\\\/chileentinieblas.cl\\\/wp-content\\\/uploads\\\/2024\\\/10\\\/chileentinieblas_close-up_of_a_luxurious_wooden_desk_with_a_w_c8b9c746-f48f-4a70-8792-87269ba527f9_1.png\",\"datePublished\":\"2024-10-25T04:35:36+00:00\",\"dateModified\":\"2024-10-25T04:51:22+00:00\",\"breadcrumb\":{\"@id\":\"https:\\\/\\\/chileentinieblas.cl\\\/una-invitacion-particular\\\/#breadcrumb\"},\"inLanguage\":\"en-US\",\"potentialAction\":[{\"@type\":\"ReadAction\",\"target\":[\"https:\\\/\\\/chileentinieblas.cl\\\/una-invitacion-particular\\\/\"]}]},{\"@type\":\"ImageObject\",\"inLanguage\":\"en-US\",\"@id\":\"https:\\\/\\\/chileentinieblas.cl\\\/una-invitacion-particular\\\/#primaryimage\",\"url\":\"https:\\\/\\\/chileentinieblas.cl\\\/wp-content\\\/uploads\\\/2024\\\/10\\\/chileentinieblas_close-up_of_a_luxurious_wooden_desk_with_a_w_c8b9c746-f48f-4a70-8792-87269ba527f9_1.png\",\"contentUrl\":\"https:\\\/\\\/chileentinieblas.cl\\\/wp-content\\\/uploads\\\/2024\\\/10\\\/chileentinieblas_close-up_of_a_luxurious_wooden_desk_with_a_w_c8b9c746-f48f-4a70-8792-87269ba527f9_1.png\",\"width\":1456,\"height\":816},{\"@type\":\"BreadcrumbList\",\"@id\":\"https:\\\/\\\/chileentinieblas.cl\\\/una-invitacion-particular\\\/#breadcrumb\",\"itemListElement\":[{\"@type\":\"ListItem\",\"position\":1,\"name\":\"Portada\",\"item\":\"https:\\\/\\\/chileentinieblas.cl\\\/\"},{\"@type\":\"ListItem\",\"position\":2,\"name\":\"Una invitaci\u00f3n particular\"}]},{\"@type\":\"WebSite\",\"@id\":\"https:\\\/\\\/chileentinieblas.cl\\\/#website\",\"url\":\"https:\\\/\\\/chileentinieblas.cl\\\/\",\"name\":\"Chile en Tinieblas\",\"description\":\"Un servidor con mesas de rol de Mundo de Tinieblas\",\"publisher\":{\"@id\":\"https:\\\/\\\/chileentinieblas.cl\\\/#organization\"},\"potentialAction\":[{\"@type\":\"SearchAction\",\"target\":{\"@type\":\"EntryPoint\",\"urlTemplate\":\"https:\\\/\\\/chileentinieblas.cl\\\/?s={search_term_string}\"},\"query-input\":{\"@type\":\"PropertyValueSpecification\",\"valueRequired\":true,\"valueName\":\"search_term_string\"}}],\"inLanguage\":\"en-US\"},{\"@type\":\"Organization\",\"@id\":\"https:\\\/\\\/chileentinieblas.cl\\\/#organization\",\"name\":\"Chile en Tinieblas\",\"url\":\"https:\\\/\\\/chileentinieblas.cl\\\/\",\"logo\":{\"@type\":\"ImageObject\",\"inLanguage\":\"en-US\",\"@id\":\"https:\\\/\\\/chileentinieblas.cl\\\/#\\\/schema\\\/logo\\\/image\\\/\",\"url\":\"https:\\\/\\\/chileentinieblas.cl\\\/wp-content\\\/uploads\\\/2021\\\/12\\\/logo-cet-claro.png\",\"contentUrl\":\"https:\\\/\\\/chileentinieblas.cl\\\/wp-content\\\/uploads\\\/2021\\\/12\\\/logo-cet-claro.png\",\"width\":1001,\"height\":1030,\"caption\":\"Chile en Tinieblas\"},\"image\":{\"@id\":\"https:\\\/\\\/chileentinieblas.cl\\\/#\\\/schema\\\/logo\\\/image\\\/\"},\"sameAs\":[\"https:\\\/\\\/www.facebook.com\\\/ChileenTinieblas\",\"https:\\\/\\\/www.instagram.com\\\/chileentinieblas\\\/\",\"https:\\\/\\\/www.youtube.com\\\/@chileentinieblas\",\"https:\\\/\\\/www.tiktok.com\\\/@chileentinieblas\"]},{\"@type\":\"Person\",\"@id\":\"https:\\\/\\\/chileentinieblas.cl\\\/#\\\/schema\\\/person\\\/ea8aee39744e16ad5c09abf0336c6ad0\",\"name\":\"Control\",\"image\":{\"@type\":\"ImageObject\",\"inLanguage\":\"en-US\",\"@id\":\"https:\\\/\\\/secure.gravatar.com\\\/avatar\\\/1d809a2f4cc7a14d598d85ad3fd62576293519b09f8b157de180e7916f7c7fb7?s=96&d=mm&r=g\",\"url\":\"https:\\\/\\\/secure.gravatar.com\\\/avatar\\\/1d809a2f4cc7a14d598d85ad3fd62576293519b09f8b157de180e7916f7c7fb7?s=96&d=mm&r=g\",\"contentUrl\":\"https:\\\/\\\/secure.gravatar.com\\\/avatar\\\/1d809a2f4cc7a14d598d85ad3fd62576293519b09f8b157de180e7916f7c7fb7?s=96&d=mm&r=g\",\"caption\":\"Control\"},\"sameAs\":[\"http:\\\/\\\/chileentinieblas.cl\"],\"url\":\"https:\\\/\\\/chileentinieblas.cl\\\/en\\\/author\\\/control\\\/\"}]}<\/script>\n<!-- \/ Yoast SEO plugin. -->","yoast_head_json":{"title":"Una invitaci\u00f3n particular - Chile en Tinieblas","robots":{"index":"index","follow":"follow","max-snippet":"max-snippet:-1","max-image-preview":"max-image-preview:large","max-video-preview":"max-video-preview:-1"},"canonical":"https:\/\/chileentinieblas.cl\/en\/una-invitacion-particular\/","og_locale":"en_US","og_type":"article","og_title":"Una invitaci\u00f3n particular - Chile en Tinieblas","og_description":"Una lista de poderosos objetos lleva a varias facciones de seres sobrenaturales a intentar conseguirlos para hacerse de un cupo en el prestigioso evento \"La danza del C\u00edrculo Dorado\"","og_url":"https:\/\/chileentinieblas.cl\/en\/una-invitacion-particular\/","og_site_name":"Chile en Tinieblas","article_publisher":"https:\/\/www.facebook.com\/ChileenTinieblas","article_published_time":"2024-10-25T04:35:36+00:00","article_modified_time":"2024-10-25T04:51:22+00:00","og_image":[{"width":1456,"height":816,"url":"https:\/\/chileentinieblas.cl\/wp-content\/uploads\/2024\/10\/chileentinieblas_close-up_of_a_luxurious_wooden_desk_with_a_w_c8b9c746-f48f-4a70-8792-87269ba527f9_1.png","type":"image\/png"}],"author":"Control","twitter_card":"summary_large_image","twitter_misc":{"Written by":"Control","Est. reading time":"17 minutes"},"schema":{"@context":"https:\/\/schema.org","@graph":[{"@type":"Article","@id":"https:\/\/chileentinieblas.cl\/una-invitacion-particular\/#article","isPartOf":{"@id":"https:\/\/chileentinieblas.cl\/una-invitacion-particular\/"},"author":{"name":"Control","@id":"https:\/\/chileentinieblas.cl\/#\/schema\/person\/ea8aee39744e16ad5c09abf0336c6ad0"},"headline":"Una invitaci\u00f3n particular","datePublished":"2024-10-25T04:35:36+00:00","dateModified":"2024-10-25T04:51:22+00:00","mainEntityOfPage":{"@id":"https:\/\/chileentinieblas.cl\/una-invitacion-particular\/"},"wordCount":3358,"commentCount":0,"publisher":{"@id":"https:\/\/chileentinieblas.cl\/#organization"},"image":{"@id":"https:\/\/chileentinieblas.cl\/una-invitacion-particular\/#primaryimage"},"thumbnailUrl":"https:\/\/chileentinieblas.cl\/wp-content\/uploads\/2024\/10\/chileentinieblas_close-up_of_a_luxurious_wooden_desk_with_a_w_c8b9c746-f48f-4a70-8792-87269ba527f9_1.png","keywords":["C\u00edrculo Dorado"],"articleSection":["Historias"],"inLanguage":"en-US","potentialAction":[{"@type":"CommentAction","name":"Comment","target":["https:\/\/chileentinieblas.cl\/una-invitacion-particular\/#respond"]}]},{"@type":"WebPage","@id":"https:\/\/chileentinieblas.cl\/una-invitacion-particular\/","url":"https:\/\/chileentinieblas.cl\/una-invitacion-particular\/","name":"Una invitaci\u00f3n particular - Chile en Tinieblas","isPartOf":{"@id":"https:\/\/chileentinieblas.cl\/#website"},"primaryImageOfPage":{"@id":"https:\/\/chileentinieblas.cl\/una-invitacion-particular\/#primaryimage"},"image":{"@id":"https:\/\/chileentinieblas.cl\/una-invitacion-particular\/#primaryimage"},"thumbnailUrl":"https:\/\/chileentinieblas.cl\/wp-content\/uploads\/2024\/10\/chileentinieblas_close-up_of_a_luxurious_wooden_desk_with_a_w_c8b9c746-f48f-4a70-8792-87269ba527f9_1.png","datePublished":"2024-10-25T04:35:36+00:00","dateModified":"2024-10-25T04:51:22+00:00","breadcrumb":{"@id":"https:\/\/chileentinieblas.cl\/una-invitacion-particular\/#breadcrumb"},"inLanguage":"en-US","potentialAction":[{"@type":"ReadAction","target":["https:\/\/chileentinieblas.cl\/una-invitacion-particular\/"]}]},{"@type":"ImageObject","inLanguage":"en-US","@id":"https:\/\/chileentinieblas.cl\/una-invitacion-particular\/#primaryimage","url":"https:\/\/chileentinieblas.cl\/wp-content\/uploads\/2024\/10\/chileentinieblas_close-up_of_a_luxurious_wooden_desk_with_a_w_c8b9c746-f48f-4a70-8792-87269ba527f9_1.png","contentUrl":"https:\/\/chileentinieblas.cl\/wp-content\/uploads\/2024\/10\/chileentinieblas_close-up_of_a_luxurious_wooden_desk_with_a_w_c8b9c746-f48f-4a70-8792-87269ba527f9_1.png","width":1456,"height":816},{"@type":"BreadcrumbList","@id":"https:\/\/chileentinieblas.cl\/una-invitacion-particular\/#breadcrumb","itemListElement":[{"@type":"ListItem","position":1,"name":"Portada","item":"https:\/\/chileentinieblas.cl\/"},{"@type":"ListItem","position":2,"name":"Una invitaci\u00f3n particular"}]},{"@type":"WebSite","@id":"https:\/\/chileentinieblas.cl\/#website","url":"https:\/\/chileentinieblas.cl\/","name":"Chile en Tinieblas","description":"Un servidor con mesas de rol de Mundo de Tinieblas","publisher":{"@id":"https:\/\/chileentinieblas.cl\/#organization"},"potentialAction":[{"@type":"SearchAction","target":{"@type":"EntryPoint","urlTemplate":"https:\/\/chileentinieblas.cl\/?s={search_term_string}"},"query-input":{"@type":"PropertyValueSpecification","valueRequired":true,"valueName":"search_term_string"}}],"inLanguage":"en-US"},{"@type":"Organization","@id":"https:\/\/chileentinieblas.cl\/#organization","name":"Chile en Tinieblas","url":"https:\/\/chileentinieblas.cl\/","logo":{"@type":"ImageObject","inLanguage":"en-US","@id":"https:\/\/chileentinieblas.cl\/#\/schema\/logo\/image\/","url":"https:\/\/chileentinieblas.cl\/wp-content\/uploads\/2021\/12\/logo-cet-claro.png","contentUrl":"https:\/\/chileentinieblas.cl\/wp-content\/uploads\/2021\/12\/logo-cet-claro.png","width":1001,"height":1030,"caption":"Chile en Tinieblas"},"image":{"@id":"https:\/\/chileentinieblas.cl\/#\/schema\/logo\/image\/"},"sameAs":["https:\/\/www.facebook.com\/ChileenTinieblas","https:\/\/www.instagram.com\/chileentinieblas\/","https:\/\/www.youtube.com\/@chileentinieblas","https:\/\/www.tiktok.com\/@chileentinieblas"]},{"@type":"Person","@id":"https:\/\/chileentinieblas.cl\/#\/schema\/person\/ea8aee39744e16ad5c09abf0336c6ad0","name":"Control","image":{"@type":"ImageObject","inLanguage":"en-US","@id":"https:\/\/secure.gravatar.com\/avatar\/1d809a2f4cc7a14d598d85ad3fd62576293519b09f8b157de180e7916f7c7fb7?s=96&d=mm&r=g","url":"https:\/\/secure.gravatar.com\/avatar\/1d809a2f4cc7a14d598d85ad3fd62576293519b09f8b157de180e7916f7c7fb7?s=96&d=mm&r=g","contentUrl":"https:\/\/secure.gravatar.com\/avatar\/1d809a2f4cc7a14d598d85ad3fd62576293519b09f8b157de180e7916f7c7fb7?s=96&d=mm&r=g","caption":"Control"},"sameAs":["http:\/\/chileentinieblas.cl"],"url":"https:\/\/chileentinieblas.cl\/en\/author\/control\/"}]}},"jetpack_sharing_enabled":true,"jetpack_featured_media_url":"https:\/\/chileentinieblas.cl\/wp-content\/uploads\/2024\/10\/chileentinieblas_close-up_of_a_luxurious_wooden_desk_with_a_w_c8b9c746-f48f-4a70-8792-87269ba527f9_1.png","_links":{"self":[{"href":"https:\/\/chileentinieblas.cl\/en\/wp-json\/wp\/v2\/posts\/5651","targetHints":{"allow":["GET"]}}],"collection":[{"href":"https:\/\/chileentinieblas.cl\/en\/wp-json\/wp\/v2\/posts"}],"about":[{"href":"https:\/\/chileentinieblas.cl\/en\/wp-json\/wp\/v2\/types\/post"}],"author":[{"embeddable":true,"href":"https:\/\/chileentinieblas.cl\/en\/wp-json\/wp\/v2\/users\/1"}],"replies":[{"embeddable":true,"href":"https:\/\/chileentinieblas.cl\/en\/wp-json\/wp\/v2\/comments?post=5651"}],"version-history":[{"count":62,"href":"https:\/\/chileentinieblas.cl\/en\/wp-json\/wp\/v2\/posts\/5651\/revisions"}],"predecessor-version":[{"id":5820,"href":"https:\/\/chileentinieblas.cl\/en\/wp-json\/wp\/v2\/posts\/5651\/revisions\/5820"}],"wp:featuredmedia":[{"embeddable":true,"href":"https:\/\/chileentinieblas.cl\/en\/wp-json\/wp\/v2\/media\/5816"}],"wp:attachment":[{"href":"https:\/\/chileentinieblas.cl\/en\/wp-json\/wp\/v2\/media?parent=5651"}],"wp:term":[{"taxonomy":"category","embeddable":true,"href":"https:\/\/chileentinieblas.cl\/en\/wp-json\/wp\/v2\/categories?post=5651"},{"taxonomy":"post_tag","embeddable":true,"href":"https:\/\/chileentinieblas.cl\/en\/wp-json\/wp\/v2\/tags?post=5651"},{"taxonomy":"juego","embeddable":true,"href":"https:\/\/chileentinieblas.cl\/en\/wp-json\/wp\/v2\/juego?post=5651"}],"curies":[{"name":"wp","href":"https:\/\/api.w.org\/{rel}","templated":true}]}}