{"id":4645,"date":"2023-10-03T00:03:28","date_gmt":"2023-10-03T00:03:28","guid":{"rendered":"https:\/\/chileentinieblas.cl\/?p=4645"},"modified":"2023-10-08T22:23:02","modified_gmt":"2023-10-08T22:23:02","slug":"evento-la-danza-del-circulo-dorado","status":"publish","type":"post","link":"https:\/\/chileentinieblas.cl\/en\/evento-la-danza-del-circulo-dorado\/","title":{"rendered":"Evento: La danza del C\u00edrculo Dorado"},"content":{"rendered":"<p class=\"wp-block-paragraph\">Chile en Tinieblas junto con <a href=\"https:\/\/piedrabruja.cl\/\" data-type=\"link\" data-id=\"https:\/\/piedrabruja.cl\/\">Piedra Bruja<\/a> te invitan a su pr\u00f3ximo evento de Halloween este viernes 27 de octubre a las 13:00 horas en el Teatro Parque Cousi\u00f1o. Participa de una <strong>Mascarada con 12 mesas de rol<\/strong> relacionadas a Mundo de Tinieblas, v\u00edstete con tu mejor outfit para este gran evento y deslumbra en la pista del baile de m\u00e1scaras despu\u00e9s de la sesi\u00f3n de rol (todas nuestras entradas te dan el derecho de participar de \u00e9l), adem\u00e1s tendremos un concurso para los asistentes que lleguen con su mejor traje.<\/p>\n\n\n\n<p class=\"wp-block-paragraph\">Aparte de nuestras mesas de rol, el evento contar\u00e1 con lecciones de baile, un baile de Sal\u00f3n, ferias y actividades con distintos puestos de comida y bebestibles, adem\u00e1s de tiendas relacionadas al mundo vamp\u00edrico.<\/p>\n\n\n\n<p class=\"wp-block-paragraph\">No olvides que es mandatorio ir vestido con <strong>c\u00f3digo de vestimenta vamp\u00edrico y tu m\u00e1scara<\/strong>. Si quieres m\u00e1s informaci\u00f3n <strong><a href=\"https:\/\/piedrabruja.cl\/products\/mascarada-vampiro-entrada-primeros-cupos?_pos=2&amp;_psq=mascarada&amp;_ss=e&amp;_v=1.0\" data-type=\"link\" data-id=\"https:\/\/piedrabruja.cl\/products\/mascarada-vampiro-entrada-primeros-cupos?_pos=2&amp;_psq=mascarada&amp;_ss=e&amp;_v=1.0\">visita aqu\u00ed<\/a><\/strong> y recuerda que nuestra inscripci\u00f3n te da <strong>acceso a todo el evento<\/strong> en el Teatro. <\/p>\n\n\n\n<h2 class=\"wp-block-heading\">Argumento<\/h2>\n\n\n\n<p class=\"wp-block-paragraph\">&#8220;Un importante y exclusivo evento organizado por un grupo secreto de gran poder econ\u00f3mico se llevar\u00e1 a cabo pronto en el pa\u00eds, y estar presente asegura tratos con los seres m\u00e1s influyentes entre las sombras de nuestra sociedad, sin embargo, esta vez la \u00fanica oportunidad para asistir requiere de algo muy dif\u00edcil de lograr. \u00bfEstar\u00e1s dispuesto a hacer lo necesario para entrar, a\u00fan cuando puedas caer en el proceso?&#8221;<\/p>\n\n\n\n<h2 class=\"wp-block-heading\">Mesas disponibles<\/h2>\n\n\n\n<p class=\"wp-block-paragraph\">12 mesas de Mundo de tinieblas, 4 cupos por cada mesa.-<\/p>\n\n\n\n<ul class=\"wp-block-list\">\n<li><strong>Vampiro: Las Mascarada 5ta edici\u00f3n&nbsp;<\/strong>&#8211; Narrado por Claudio Artigas<\/li>\n\n\n\n<li><strong>Vampiro: Las Mascarada 5ta edici\u00f3n&nbsp;<\/strong>&#8211; Narrado por Nicol\u00e1s Bustamante<\/li>\n\n\n\n<li><strong>Vampiro: Las Mascarada 5ta edici\u00f3n&nbsp;<\/strong>&#8211; Narrado por Ro\u00edsin Vilches<\/li>\n\n\n\n<li><strong>Cazador: Las Venganza 5ta edici\u00f3n&nbsp;<\/strong>&#8211; Narrado por Christian Galarce<\/li>\n\n\n\n<li><strong>Hombre Lobo: El Apocalipsis 5ta edici\u00f3n<\/strong>&nbsp;&#8211; Narrado por Pablo Caniulao<\/li>\n\n\n\n<li><strong>Hombre Lobo: El Apocalipsis 5ta edici\u00f3n<\/strong>&nbsp;&#8211; Narrado por Tom\u00e1s Merino<\/li>\n\n\n\n<li><strong>Mago: La Ascensi\u00f3n 20 aniversario<\/strong> &#8211; Narrado por Gabriel Segura<\/li>\n\n\n\n<li><strong>Mago: La Ascensi\u00f3n 20 aniversario<\/strong>&nbsp;&#8211; Narrado por Jos\u00e9 Tom\u00e1s Bustamante<\/li>\n\n\n\n<li><strong>Mago: La Ascensi\u00f3n 20 aniversario<\/strong>&nbsp;&#8211; Narrado por Guillermo Quiroz<\/li>\n\n\n\n<li><strong>Changeling: El Ensue\u00f1o 20 aniversario<\/strong> &#8211; Narrado por Ignacio Rivas<\/li>\n\n\n\n<li><strong>Changeling: El Ensue\u00f1o 20 aniversario<\/strong>&nbsp;&#8211; Narrado por Juan Valenzuela<\/li>\n\n\n\n<li><strong>Changeling: El Ensue\u00f1o 20 aniversario<\/strong>&nbsp;&#8211; Narrado por Maximiliano Ram\u00edrez<\/li>\n<\/ul>\n\n\n\n<p class=\"wp-block-paragraph\"><\/p>\n\n\n\n<h2 class=\"wp-block-heading\">Informaci\u00f3n<\/h2>\n\n\n\n<ul class=\"wp-block-list\">\n<li><strong>Lugar<\/strong>: <a href=\"https:\/\/maps.app.goo.gl\/EjNk43KTJBANF1F1A\" data-type=\"link\" data-id=\"https:\/\/maps.app.goo.gl\/EjNk43KTJBANF1F1A\">Teatro Parque Cousi\u00f1o, San Ignacio de Loyola 1249<\/a>&nbsp; , Santiago, Regi\u00f3n Metropolitana.<\/li>\n\n\n\n<li><strong>Fecha<\/strong>: Viernes 27 de Octubre.<\/li>\n\n\n\n<li><strong>Hora<\/strong>: 13:00 horas.<\/li>\n\n\n\n<li>El evento tiene los siguientes valores de inscripci\u00f3n:\n<ul class=\"wp-block-list\">\n<li><strong>Preventa 1 AGOTADA<\/strong><\/li>\n\n\n\n<li><strong>Preventa 2 AGOTADA<\/strong><\/li>\n\n\n\n<li><strong>Inscripci\u00f3n Regular:<\/strong> $12.000 del 19 al 27 de Octubre. <\/li>\n<\/ul>\n<\/li>\n<\/ul>\n\n\n\n<p class=\"wp-block-paragraph\"><\/p>\n\n\n\n<div class=\"wp-block-group is-layout-constrained wp-block-group-is-layout-constrained\">\n<p class=\"wp-block-paragraph\"><\/p>\n\n\n\n<p class=\"has-text-align-center wp-block-paragraph\">Para inscribirte haz clic en el siguiente enlace, ah\u00ed encontrar\u00e1s m\u00e1s informaci\u00f3n<\/p>\n<\/div>\n\n\n\n<div class=\"wp-block-buttons is-content-justification-center is-layout-flex wp-container-core-buttons-is-layout-3e41869c wp-block-buttons-is-layout-flex\">\n<div class=\"wp-block-button has-custom-width wp-block-button__width-50 has-custom-font-size is-style-outline has-medium-font-size is-style-outline--1\"><a class=\"wp-block-button__link has-white-color has-text-color wp-element-button\" href=\"https:\/\/docs.google.com\/forms\/d\/e\/1FAIpQLSfA9HinDXLaAsfWQzWuv39gabAkFVkJHsXMGhTCcxLwkn3Dlg\/viewform\" style=\"border-radius:0px\" target=\"_blank\" rel=\"noreferrer noopener\">Inscr\u00edbete aqu\u00ed<\/a><\/div>\n<\/div>\n\n\n\n<div style=\"height:100px\" aria-hidden=\"true\" class=\"wp-block-spacer\"><\/div>\n\n\n\n<figure class=\"wp-block-image size-large\"><img fetchpriority=\"high\" decoding=\"async\" width=\"819\" height=\"1024\" src=\"https:\/\/chileentinieblas.cl\/wp-content\/uploads\/2023\/10\/danza-circulo-dorado3-819x1024.png\" alt=\"\" class=\"wp-image-4690\" srcset=\"https:\/\/chileentinieblas.cl\/wp-content\/uploads\/2023\/10\/danza-circulo-dorado3-819x1024.png 819w, https:\/\/chileentinieblas.cl\/wp-content\/uploads\/2023\/10\/danza-circulo-dorado3-240x300.png 240w, https:\/\/chileentinieblas.cl\/wp-content\/uploads\/2023\/10\/danza-circulo-dorado3-768x960.png 768w, https:\/\/chileentinieblas.cl\/wp-content\/uploads\/2023\/10\/danza-circulo-dorado3.png 1080w\" sizes=\"(max-width: 819px) 100vw, 819px\" \/><\/figure>","protected":false},"excerpt":{"rendered":"<p>Inscr\u00edbete en nuestro pr\u00f3ximo evento de Halloween y lleva tu mejor traje a la Mascarada del Teatro Parque Cousi\u00f1o<\/p>","protected":false},"author":1,"featured_media":4648,"comment_status":"open","ping_status":"open","sticky":false,"template":"","format":"standard","meta":{"_acf_changed":false,"inline_featured_image":false,"_monsterinsights_skip_tracking":false,"_jetpack_newsletter_access":"","_jetpack_dont_email_post_to_subs":false,"_jetpack_newsletter_tier_id":0,"_jetpack_memberships_contains_paywalled_content":false,"fifu_image_url":"","fifu_image_alt":"","_jetpack_feature_clip_id":0,"_jetpack_memberships_contains_paid_content":false,"footnotes":"","jetpack_post_was_ever_published":false},"categories":[133],"tags":[],"juego":[],"class_list":["post-4645","post","type-post","status-publish","format-standard","has-post-thumbnail","hentry","category-eventos"],"acf":[],"yoast_head":"<!-- This site is optimized with the Yoast SEO plugin v28.4 - https:\/\/yoast.com\/product\/yoast-seo-wordpress\/ -->\n<title>Evento: La danza del C\u00edrculo Dorado - Chile en Tinieblas<\/title>\n<meta name=\"robots\" content=\"index, follow, max-snippet:-1, max-image-preview:large, max-video-preview:-1\" \/>\n<link rel=\"canonical\" href=\"https:\/\/chileentinieblas.cl\/en\/evento-la-danza-del-circulo-dorado\/\" \/>\n<meta property=\"og:locale\" content=\"en_US\" \/>\n<meta property=\"og:type\" content=\"article\" \/>\n<meta property=\"og:title\" content=\"Evento: La danza del C\u00edrculo Dorado - Chile en Tinieblas\" \/>\n<meta property=\"og:description\" content=\"Inscr\u00edbete en nuestro pr\u00f3ximo evento de Halloween y lleva tu mejor traje a la Mascarada del Teatro Parque Cousi\u00f1o\" \/>\n<meta property=\"og:url\" content=\"https:\/\/chileentinieblas.cl\/en\/evento-la-danza-del-circulo-dorado\/\" \/>\n<meta property=\"og:site_name\" content=\"Chile en Tinieblas\" \/>\n<meta property=\"article:publisher\" content=\"https:\/\/www.facebook.com\/ChileenTinieblas\" \/>\n<meta property=\"article:published_time\" content=\"2023-10-03T00:03:28+00:00\" \/>\n<meta property=\"article:modified_time\" content=\"2023-10-08T22:23:02+00:00\" \/>\n<meta property=\"og:image\" content=\"https:\/\/chileentinieblas.cl\/wp-content\/uploads\/2023\/10\/La-danza-del-Circulo-Dorado-background.jpg\" \/>\n\t<meta property=\"og:image:width\" content=\"1600\" \/>\n\t<meta property=\"og:image:height\" content=\"400\" \/>\n\t<meta property=\"og:image:type\" content=\"image\/jpeg\" \/>\n<meta name=\"author\" content=\"Control\" \/>\n<meta name=\"twitter:card\" content=\"summary_large_image\" \/>\n<meta name=\"twitter:label1\" content=\"Written by\" \/>\n\t<meta name=\"twitter:data1\" content=\"Control\" \/>\n\t<meta name=\"twitter:label2\" content=\"Est. reading time\" \/>\n\t<meta name=\"twitter:data2\" content=\"2 minutes\" \/>\n<script type=\"application\/ld+json\" class=\"yoast-schema-graph\">{\"@context\":\"https:\\\/\\\/schema.org\",\"@graph\":[{\"@type\":\"Article\",\"@id\":\"https:\\\/\\\/chileentinieblas.cl\\\/evento-la-danza-del-circulo-dorado\\\/#article\",\"isPartOf\":{\"@id\":\"https:\\\/\\\/chileentinieblas.cl\\\/evento-la-danza-del-circulo-dorado\\\/\"},\"author\":{\"name\":\"Control\",\"@id\":\"https:\\\/\\\/chileentinieblas.cl\\\/#\\\/schema\\\/person\\\/ea8aee39744e16ad5c09abf0336c6ad0\"},\"headline\":\"Evento: La danza del C\u00edrculo Dorado\",\"datePublished\":\"2023-10-03T00:03:28+00:00\",\"dateModified\":\"2023-10-08T22:23:02+00:00\",\"mainEntityOfPage\":{\"@id\":\"https:\\\/\\\/chileentinieblas.cl\\\/evento-la-danza-del-circulo-dorado\\\/\"},\"wordCount\":473,\"commentCount\":0,\"publisher\":{\"@id\":\"https:\\\/\\\/chileentinieblas.cl\\\/#organization\"},\"image\":{\"@id\":\"https:\\\/\\\/chileentinieblas.cl\\\/evento-la-danza-del-circulo-dorado\\\/#primaryimage\"},\"thumbnailUrl\":\"https:\\\/\\\/chileentinieblas.cl\\\/wp-content\\\/uploads\\\/2023\\\/10\\\/La-danza-del-Circulo-Dorado-background.jpg\",\"articleSection\":[\"Eventos\"],\"inLanguage\":\"en-US\",\"potentialAction\":[{\"@type\":\"CommentAction\",\"name\":\"Comment\",\"target\":[\"https:\\\/\\\/chileentinieblas.cl\\\/evento-la-danza-del-circulo-dorado\\\/#respond\"]}]},{\"@type\":\"WebPage\",\"@id\":\"https:\\\/\\\/chileentinieblas.cl\\\/evento-la-danza-del-circulo-dorado\\\/\",\"url\":\"https:\\\/\\\/chileentinieblas.cl\\\/evento-la-danza-del-circulo-dorado\\\/\",\"name\":\"Evento: La danza del C\u00edrculo Dorado - Chile en Tinieblas\",\"isPartOf\":{\"@id\":\"https:\\\/\\\/chileentinieblas.cl\\\/#website\"},\"primaryImageOfPage\":{\"@id\":\"https:\\\/\\\/chileentinieblas.cl\\\/evento-la-danza-del-circulo-dorado\\\/#primaryimage\"},\"image\":{\"@id\":\"https:\\\/\\\/chileentinieblas.cl\\\/evento-la-danza-del-circulo-dorado\\\/#primaryimage\"},\"thumbnailUrl\":\"https:\\\/\\\/chileentinieblas.cl\\\/wp-content\\\/uploads\\\/2023\\\/10\\\/La-danza-del-Circulo-Dorado-background.jpg\",\"datePublished\":\"2023-10-03T00:03:28+00:00\",\"dateModified\":\"2023-10-08T22:23:02+00:00\",\"breadcrumb\":{\"@id\":\"https:\\\/\\\/chileentinieblas.cl\\\/evento-la-danza-del-circulo-dorado\\\/#breadcrumb\"},\"inLanguage\":\"en-US\",\"potentialAction\":[{\"@type\":\"ReadAction\",\"target\":[\"https:\\\/\\\/chileentinieblas.cl\\\/evento-la-danza-del-circulo-dorado\\\/\"]}]},{\"@type\":\"ImageObject\",\"inLanguage\":\"en-US\",\"@id\":\"https:\\\/\\\/chileentinieblas.cl\\\/evento-la-danza-del-circulo-dorado\\\/#primaryimage\",\"url\":\"https:\\\/\\\/chileentinieblas.cl\\\/wp-content\\\/uploads\\\/2023\\\/10\\\/La-danza-del-Circulo-Dorado-background.jpg\",\"contentUrl\":\"https:\\\/\\\/chileentinieblas.cl\\\/wp-content\\\/uploads\\\/2023\\\/10\\\/La-danza-del-Circulo-Dorado-background.jpg\",\"width\":1600,\"height\":400},{\"@type\":\"BreadcrumbList\",\"@id\":\"https:\\\/\\\/chileentinieblas.cl\\\/evento-la-danza-del-circulo-dorado\\\/#breadcrumb\",\"itemListElement\":[{\"@type\":\"ListItem\",\"position\":1,\"name\":\"Portada\",\"item\":\"https:\\\/\\\/chileentinieblas.cl\\\/\"},{\"@type\":\"ListItem\",\"position\":2,\"name\":\"Evento: La danza del C\u00edrculo Dorado\"}]},{\"@type\":\"WebSite\",\"@id\":\"https:\\\/\\\/chileentinieblas.cl\\\/#website\",\"url\":\"https:\\\/\\\/chileentinieblas.cl\\\/\",\"name\":\"Chile en Tinieblas\",\"description\":\"Un servidor con mesas de rol de Mundo de Tinieblas\",\"publisher\":{\"@id\":\"https:\\\/\\\/chileentinieblas.cl\\\/#organization\"},\"potentialAction\":[{\"@type\":\"SearchAction\",\"target\":{\"@type\":\"EntryPoint\",\"urlTemplate\":\"https:\\\/\\\/chileentinieblas.cl\\\/?s={search_term_string}\"},\"query-input\":{\"@type\":\"PropertyValueSpecification\",\"valueRequired\":true,\"valueName\":\"search_term_string\"}}],\"inLanguage\":\"en-US\"},{\"@type\":\"Organization\",\"@id\":\"https:\\\/\\\/chileentinieblas.cl\\\/#organization\",\"name\":\"Chile en Tinieblas\",\"url\":\"https:\\\/\\\/chileentinieblas.cl\\\/\",\"logo\":{\"@type\":\"ImageObject\",\"inLanguage\":\"en-US\",\"@id\":\"https:\\\/\\\/chileentinieblas.cl\\\/#\\\/schema\\\/logo\\\/image\\\/\",\"url\":\"https:\\\/\\\/chileentinieblas.cl\\\/wp-content\\\/uploads\\\/2021\\\/12\\\/logo-cet-claro.png\",\"contentUrl\":\"https:\\\/\\\/chileentinieblas.cl\\\/wp-content\\\/uploads\\\/2021\\\/12\\\/logo-cet-claro.png\",\"width\":1001,\"height\":1030,\"caption\":\"Chile en Tinieblas\"},\"image\":{\"@id\":\"https:\\\/\\\/chileentinieblas.cl\\\/#\\\/schema\\\/logo\\\/image\\\/\"},\"sameAs\":[\"https:\\\/\\\/www.facebook.com\\\/ChileenTinieblas\",\"https:\\\/\\\/www.instagram.com\\\/chileentinieblas\\\/\",\"https:\\\/\\\/www.youtube.com\\\/@chileentinieblas\",\"https:\\\/\\\/www.tiktok.com\\\/@chileentinieblas\"]},{\"@type\":\"Person\",\"@id\":\"https:\\\/\\\/chileentinieblas.cl\\\/#\\\/schema\\\/person\\\/ea8aee39744e16ad5c09abf0336c6ad0\",\"name\":\"Control\",\"image\":{\"@type\":\"ImageObject\",\"inLanguage\":\"en-US\",\"@id\":\"https:\\\/\\\/secure.gravatar.com\\\/avatar\\\/1d809a2f4cc7a14d598d85ad3fd62576293519b09f8b157de180e7916f7c7fb7?s=96&d=mm&r=g\",\"url\":\"https:\\\/\\\/secure.gravatar.com\\\/avatar\\\/1d809a2f4cc7a14d598d85ad3fd62576293519b09f8b157de180e7916f7c7fb7?s=96&d=mm&r=g\",\"contentUrl\":\"https:\\\/\\\/secure.gravatar.com\\\/avatar\\\/1d809a2f4cc7a14d598d85ad3fd62576293519b09f8b157de180e7916f7c7fb7?s=96&d=mm&r=g\",\"caption\":\"Control\"},\"sameAs\":[\"http:\\\/\\\/chileentinieblas.cl\"],\"url\":\"https:\\\/\\\/chileentinieblas.cl\\\/en\\\/author\\\/control\\\/\"}]}<\/script>\n<!-- \/ Yoast SEO plugin. -->","yoast_head_json":{"title":"Evento: La danza del C\u00edrculo Dorado - Chile en Tinieblas","robots":{"index":"index","follow":"follow","max-snippet":"max-snippet:-1","max-image-preview":"max-image-preview:large","max-video-preview":"max-video-preview:-1"},"canonical":"https:\/\/chileentinieblas.cl\/en\/evento-la-danza-del-circulo-dorado\/","og_locale":"en_US","og_type":"article","og_title":"Evento: La danza del C\u00edrculo Dorado - Chile en Tinieblas","og_description":"Inscr\u00edbete en nuestro pr\u00f3ximo evento de Halloween y lleva tu mejor traje a la Mascarada del Teatro Parque Cousi\u00f1o","og_url":"https:\/\/chileentinieblas.cl\/en\/evento-la-danza-del-circulo-dorado\/","og_site_name":"Chile en Tinieblas","article_publisher":"https:\/\/www.facebook.com\/ChileenTinieblas","article_published_time":"2023-10-03T00:03:28+00:00","article_modified_time":"2023-10-08T22:23:02+00:00","og_image":[{"width":1600,"height":400,"url":"https:\/\/chileentinieblas.cl\/wp-content\/uploads\/2023\/10\/La-danza-del-Circulo-Dorado-background.jpg","type":"image\/jpeg"}],"author":"Control","twitter_card":"summary_large_image","twitter_misc":{"Written by":"Control","Est. reading time":"2 minutes"},"schema":{"@context":"https:\/\/schema.org","@graph":[{"@type":"Article","@id":"https:\/\/chileentinieblas.cl\/evento-la-danza-del-circulo-dorado\/#article","isPartOf":{"@id":"https:\/\/chileentinieblas.cl\/evento-la-danza-del-circulo-dorado\/"},"author":{"name":"Control","@id":"https:\/\/chileentinieblas.cl\/#\/schema\/person\/ea8aee39744e16ad5c09abf0336c6ad0"},"headline":"Evento: La danza del C\u00edrculo Dorado","datePublished":"2023-10-03T00:03:28+00:00","dateModified":"2023-10-08T22:23:02+00:00","mainEntityOfPage":{"@id":"https:\/\/chileentinieblas.cl\/evento-la-danza-del-circulo-dorado\/"},"wordCount":473,"commentCount":0,"publisher":{"@id":"https:\/\/chileentinieblas.cl\/#organization"},"image":{"@id":"https:\/\/chileentinieblas.cl\/evento-la-danza-del-circulo-dorado\/#primaryimage"},"thumbnailUrl":"https:\/\/chileentinieblas.cl\/wp-content\/uploads\/2023\/10\/La-danza-del-Circulo-Dorado-background.jpg","articleSection":["Eventos"],"inLanguage":"en-US","potentialAction":[{"@type":"CommentAction","name":"Comment","target":["https:\/\/chileentinieblas.cl\/evento-la-danza-del-circulo-dorado\/#respond"]}]},{"@type":"WebPage","@id":"https:\/\/chileentinieblas.cl\/evento-la-danza-del-circulo-dorado\/","url":"https:\/\/chileentinieblas.cl\/evento-la-danza-del-circulo-dorado\/","name":"Evento: La danza del C\u00edrculo Dorado - Chile en Tinieblas","isPartOf":{"@id":"https:\/\/chileentinieblas.cl\/#website"},"primaryImageOfPage":{"@id":"https:\/\/chileentinieblas.cl\/evento-la-danza-del-circulo-dorado\/#primaryimage"},"image":{"@id":"https:\/\/chileentinieblas.cl\/evento-la-danza-del-circulo-dorado\/#primaryimage"},"thumbnailUrl":"https:\/\/chileentinieblas.cl\/wp-content\/uploads\/2023\/10\/La-danza-del-Circulo-Dorado-background.jpg","datePublished":"2023-10-03T00:03:28+00:00","dateModified":"2023-10-08T22:23:02+00:00","breadcrumb":{"@id":"https:\/\/chileentinieblas.cl\/evento-la-danza-del-circulo-dorado\/#breadcrumb"},"inLanguage":"en-US","potentialAction":[{"@type":"ReadAction","target":["https:\/\/chileentinieblas.cl\/evento-la-danza-del-circulo-dorado\/"]}]},{"@type":"ImageObject","inLanguage":"en-US","@id":"https:\/\/chileentinieblas.cl\/evento-la-danza-del-circulo-dorado\/#primaryimage","url":"https:\/\/chileentinieblas.cl\/wp-content\/uploads\/2023\/10\/La-danza-del-Circulo-Dorado-background.jpg","contentUrl":"https:\/\/chileentinieblas.cl\/wp-content\/uploads\/2023\/10\/La-danza-del-Circulo-Dorado-background.jpg","width":1600,"height":400},{"@type":"BreadcrumbList","@id":"https:\/\/chileentinieblas.cl\/evento-la-danza-del-circulo-dorado\/#breadcrumb","itemListElement":[{"@type":"ListItem","position":1,"name":"Portada","item":"https:\/\/chileentinieblas.cl\/"},{"@type":"ListItem","position":2,"name":"Evento: La danza del C\u00edrculo Dorado"}]},{"@type":"WebSite","@id":"https:\/\/chileentinieblas.cl\/#website","url":"https:\/\/chileentinieblas.cl\/","name":"Chile en Tinieblas","description":"Un servidor con mesas de rol de Mundo de Tinieblas","publisher":{"@id":"https:\/\/chileentinieblas.cl\/#organization"},"potentialAction":[{"@type":"SearchAction","target":{"@type":"EntryPoint","urlTemplate":"https:\/\/chileentinieblas.cl\/?s={search_term_string}"},"query-input":{"@type":"PropertyValueSpecification","valueRequired":true,"valueName":"search_term_string"}}],"inLanguage":"en-US"},{"@type":"Organization","@id":"https:\/\/chileentinieblas.cl\/#organization","name":"Chile en Tinieblas","url":"https:\/\/chileentinieblas.cl\/","logo":{"@type":"ImageObject","inLanguage":"en-US","@id":"https:\/\/chileentinieblas.cl\/#\/schema\/logo\/image\/","url":"https:\/\/chileentinieblas.cl\/wp-content\/uploads\/2021\/12\/logo-cet-claro.png","contentUrl":"https:\/\/chileentinieblas.cl\/wp-content\/uploads\/2021\/12\/logo-cet-claro.png","width":1001,"height":1030,"caption":"Chile en Tinieblas"},"image":{"@id":"https:\/\/chileentinieblas.cl\/#\/schema\/logo\/image\/"},"sameAs":["https:\/\/www.facebook.com\/ChileenTinieblas","https:\/\/www.instagram.com\/chileentinieblas\/","https:\/\/www.youtube.com\/@chileentinieblas","https:\/\/www.tiktok.com\/@chileentinieblas"]},{"@type":"Person","@id":"https:\/\/chileentinieblas.cl\/#\/schema\/person\/ea8aee39744e16ad5c09abf0336c6ad0","name":"Control","image":{"@type":"ImageObject","inLanguage":"en-US","@id":"https:\/\/secure.gravatar.com\/avatar\/1d809a2f4cc7a14d598d85ad3fd62576293519b09f8b157de180e7916f7c7fb7?s=96&d=mm&r=g","url":"https:\/\/secure.gravatar.com\/avatar\/1d809a2f4cc7a14d598d85ad3fd62576293519b09f8b157de180e7916f7c7fb7?s=96&d=mm&r=g","contentUrl":"https:\/\/secure.gravatar.com\/avatar\/1d809a2f4cc7a14d598d85ad3fd62576293519b09f8b157de180e7916f7c7fb7?s=96&d=mm&r=g","caption":"Control"},"sameAs":["http:\/\/chileentinieblas.cl"],"url":"https:\/\/chileentinieblas.cl\/en\/author\/control\/"}]}},"jetpack_sharing_enabled":true,"jetpack_featured_media_url":"https:\/\/chileentinieblas.cl\/wp-content\/uploads\/2023\/10\/La-danza-del-Circulo-Dorado-background.jpg","_links":{"self":[{"href":"https:\/\/chileentinieblas.cl\/en\/wp-json\/wp\/v2\/posts\/4645","targetHints":{"allow":["GET"]}}],"collection":[{"href":"https:\/\/chileentinieblas.cl\/en\/wp-json\/wp\/v2\/posts"}],"about":[{"href":"https:\/\/chileentinieblas.cl\/en\/wp-json\/wp\/v2\/types\/post"}],"author":[{"embeddable":true,"href":"https:\/\/chileentinieblas.cl\/en\/wp-json\/wp\/v2\/users\/1"}],"replies":[{"embeddable":true,"href":"https:\/\/chileentinieblas.cl\/en\/wp-json\/wp\/v2\/comments?post=4645"}],"version-history":[{"count":19,"href":"https:\/\/chileentinieblas.cl\/en\/wp-json\/wp\/v2\/posts\/4645\/revisions"}],"predecessor-version":[{"id":4693,"href":"https:\/\/chileentinieblas.cl\/en\/wp-json\/wp\/v2\/posts\/4645\/revisions\/4693"}],"wp:featuredmedia":[{"embeddable":true,"href":"https:\/\/chileentinieblas.cl\/en\/wp-json\/wp\/v2\/media\/4648"}],"wp:attachment":[{"href":"https:\/\/chileentinieblas.cl\/en\/wp-json\/wp\/v2\/media?parent=4645"}],"wp:term":[{"taxonomy":"category","embeddable":true,"href":"https:\/\/chileentinieblas.cl\/en\/wp-json\/wp\/v2\/categories?post=4645"},{"taxonomy":"post_tag","embeddable":true,"href":"https:\/\/chileentinieblas.cl\/en\/wp-json\/wp\/v2\/tags?post=4645"},{"taxonomy":"juego","embeddable":true,"href":"https:\/\/chileentinieblas.cl\/en\/wp-json\/wp\/v2\/juego?post=4645"}],"curies":[{"name":"wp","href":"https:\/\/api.w.org\/{rel}","templated":true}]}}