{"id":4546,"date":"2023-09-07T01:46:03","date_gmt":"2023-09-07T01:46:03","guid":{"rendered":"https:\/\/chileentinieblas.cl\/?p=4546"},"modified":"2023-09-07T04:44:36","modified_gmt":"2023-09-07T04:44:36","slug":"el-lamento-de-los-dioses-caidos-capitulo-4-heimdall","status":"publish","type":"post","link":"https:\/\/chileentinieblas.cl\/en\/el-lamento-de-los-dioses-caidos-capitulo-4-heimdall\/","title":{"rendered":"El lamento de los dioses ca\u00eddos, cap\u00edtulo 4: Heimdall"},"content":{"rendered":"<h2 class=\"wp-block-heading\">El ocaso, el anochecer y el terror<\/h2>\n\n\n\n<figure class=\"wp-block-image alignright size-full is-resized\"><img fetchpriority=\"high\" decoding=\"async\" src=\"https:\/\/chileentinieblas.cl\/wp-content\/uploads\/2023\/09\/chileentinieblas_A_panoramic_photo_of_the_night_of_Santiago_Chi_e27c90d0-19ae-4a35-9d7e-da9a9a25def6.png\" alt=\"\" class=\"wp-image-4547\" style=\"width:408px;height:408px\" width=\"408\" height=\"408\" srcset=\"https:\/\/chileentinieblas.cl\/wp-content\/uploads\/2023\/09\/chileentinieblas_A_panoramic_photo_of_the_night_of_Santiago_Chi_e27c90d0-19ae-4a35-9d7e-da9a9a25def6.png 1024w, https:\/\/chileentinieblas.cl\/wp-content\/uploads\/2023\/09\/chileentinieblas_A_panoramic_photo_of_the_night_of_Santiago_Chi_e27c90d0-19ae-4a35-9d7e-da9a9a25def6-300x300.png 300w, https:\/\/chileentinieblas.cl\/wp-content\/uploads\/2023\/09\/chileentinieblas_A_panoramic_photo_of_the_night_of_Santiago_Chi_e27c90d0-19ae-4a35-9d7e-da9a9a25def6-150x150.png 150w, https:\/\/chileentinieblas.cl\/wp-content\/uploads\/2023\/09\/chileentinieblas_A_panoramic_photo_of_the_night_of_Santiago_Chi_e27c90d0-19ae-4a35-9d7e-da9a9a25def6-768x768.png 768w\" sizes=\"(max-width: 408px) 100vw, 408px\" \/><\/figure>\n\n\n\n<p class=\"wp-block-paragraph\">En las sombras de Santiago, donde la decadencia y la corrupci\u00f3n se entrelazan con lo sobrenatural, tres hilos del destino comenzaron a tejerse en una trama oscura y compleja.<\/p>\n\n\n\n<p class=\"wp-block-paragraph\">La cuadrilla de la Camarilla hab\u00eda recibido visiones perturbadoras de un ser que acechaba en la oscuridad, vigilando la ciudad y ansiando la sangre del pr\u00edncipe. El Pr\u00edncipe Bradford, en un acto inesperado, declar\u00f3 una caza de sangre contra esta enigm\u00e1tica figura. La Sociedad del Octubre Negro, infiltrada y oculta, hab\u00eda comenzado un plan siniestro, y un Salubri llamado Emmanuel Encalada de los Pozos era su objetivo.<\/p>\n\n\n\n<p class=\"wp-block-paragraph\">Mientras tanto, en las profundidades de la Iglesia de San Francisco, los Barones Anarquistas recib\u00edan una misi\u00f3n de &#8220;Nariz&#8221;, un vampiro de gran antig\u00fcedad. Deb\u00edan proteger a Emmanuel, el mismo Salubri que la Sociedad del Octubre Negro buscaba destruir. Su viaje los llev\u00f3 a trav\u00e9s de la oscuridad inquietante de la iglesia y el mundo clandestino de los casinos de San Diego, donde la tensi\u00f3n y el misterio se cern\u00edan en cada esquina.<\/p>\n\n\n\n<p class=\"wp-block-paragraph\">En otro rinc\u00f3n de la ciudad, Izvet, una Neberu atormentada, realizaba un rito antiguo para traer a tres ca\u00eddos desde el Abismo. Amenadriel, Shee-ba y Arian el Justo fueron atados m\u00edsticamente para servir a la Sociedad del Octubre Negro. Su misi\u00f3n: aniquilar la chispa divina en Emmanuel utilizando un fragmento de una hoja rota de la \u00e9poca de la Gran Guerra.<\/p>\n\n\n\n<figure class=\"wp-block-image alignleft size-full is-resized\"><img decoding=\"async\" src=\"https:\/\/chileentinieblas.cl\/wp-content\/uploads\/2023\/09\/chileentinieblas_cinematic_shot_six_people_looking_tense_meets__80c4df4e-7887-4085-84b0-8cc9a0c9f731.png\" alt=\"\" class=\"wp-image-4548\" style=\"width:450px;height:450px\" width=\"450\" height=\"450\" srcset=\"https:\/\/chileentinieblas.cl\/wp-content\/uploads\/2023\/09\/chileentinieblas_cinematic_shot_six_people_looking_tense_meets__80c4df4e-7887-4085-84b0-8cc9a0c9f731.png 1024w, https:\/\/chileentinieblas.cl\/wp-content\/uploads\/2023\/09\/chileentinieblas_cinematic_shot_six_people_looking_tense_meets__80c4df4e-7887-4085-84b0-8cc9a0c9f731-300x300.png 300w, https:\/\/chileentinieblas.cl\/wp-content\/uploads\/2023\/09\/chileentinieblas_cinematic_shot_six_people_looking_tense_meets__80c4df4e-7887-4085-84b0-8cc9a0c9f731-150x150.png 150w, https:\/\/chileentinieblas.cl\/wp-content\/uploads\/2023\/09\/chileentinieblas_cinematic_shot_six_people_looking_tense_meets__80c4df4e-7887-4085-84b0-8cc9a0c9f731-768x768.png 768w\" sizes=\"(max-width: 450px) 100vw, 450px\" \/><\/figure>\n\n\n\n<p class=\"wp-block-paragraph\">Las hebras del destino se entrelazaron en el Bar El Penitente, un lugar de encuentro para los v\u00e1stagos y demonios, donde la oscuridad y la corrupci\u00f3n se mezclaban con el olor a alcohol y tabaco. La cuadrilla, los Barones Anarquistas y los demonios invocados por Izvet se encontraron en un lugar m\u00edsticamente interconectado con La Piojera. Otelo, el poderoso demonio reconciliador y due\u00f1o del bar, presidi\u00f3 el encuentro, su mirada penetrante evaluando a cada uno de los presentes.<\/p>\n\n\n\n<p class=\"wp-block-paragraph\">Una discusi\u00f3n filos\u00f3fica sobre las cadenas del destino precedi\u00f3 un intento fallido de rapto de Emmanuel. Izvet corrompi\u00f3 la habitaci\u00f3n con un portal, pero el intento no tuvo \u00e9xito. Los demonios huyeron, ofreciendo la hoja rota al servicio de la Sociedad del Octubre Negro y reclamando su lugar como siervos de Izvet.<\/p>\n\n\n\n<p class=\"wp-block-paragraph\">La lucha por la redenci\u00f3n y la salvaci\u00f3n se desat\u00f3. La cuadrilla, ahora aliada con Emmanuel, enfrent\u00f3 a los demonios y frustr\u00f3 los planes del Octubre Negro. La batalla reson\u00f3 con ecos de la Gran Guerra, y las fuerzas oscuras fueron repelidas.<\/p>\n\n\n\n<p class=\"wp-block-paragraph\">La noche se calm\u00f3, pero las sombras a\u00fan acechaban. La Sociedad del Octubre Negro segu\u00eda activa, y los demonios hab\u00edan encontrado nuevos maestros. La cuadrilla y los Barones Anarquistas hab\u00edan ganado una batalla, pero la guerra estaba lejos de terminar. La chispa divina en Emmanuel a\u00fan brillaba, un faro de esperanza en un mundo oscuro y atormentado, un mundo donde la tiniebla siempre acecha, esperando el momento para envolverlo todo.<\/p>\n\n\n\n<p class=\"wp-block-paragraph\"><em>* Im\u00e1genes hechas por Midjourney gracias al auspicio de Space Fantasy<\/em><\/p>","protected":false},"excerpt":{"rendered":"<p>Relato final del evento &#8220;El lamento de los dioses ca\u00eddos&#8221; de Vampiro la Mascarada y Demonio la Ca\u00edda.<\/p>","protected":false},"author":9,"featured_media":4556,"comment_status":"open","ping_status":"open","sticky":false,"template":"","format":"standard","meta":{"_acf_changed":false,"inline_featured_image":false,"_monsterinsights_skip_tracking":false,"_jetpack_newsletter_access":"","_jetpack_dont_email_post_to_subs":false,"_jetpack_newsletter_tier_id":0,"_jetpack_memberships_contains_paywalled_content":false,"fifu_image_url":"","fifu_image_alt":"","_jetpack_feature_clip_id":0,"_jetpack_memberships_contains_paid_content":false,"footnotes":"","jetpack_post_was_ever_published":false},"categories":[134],"tags":[],"juego":[84],"class_list":["post-4546","post","type-post","status-publish","format-standard","has-post-thumbnail","hentry","category-historias","juego-vampiro-la-mascarada"],"acf":[],"yoast_head":"<!-- This site is optimized with the Yoast SEO plugin v28.4 - https:\/\/yoast.com\/product\/yoast-seo-wordpress\/ -->\n<title>El lamento de los dioses ca\u00eddos, cap\u00edtulo 4: Heimdall - Chile en Tinieblas<\/title>\n<meta name=\"robots\" content=\"index, follow, max-snippet:-1, max-image-preview:large, max-video-preview:-1\" \/>\n<link rel=\"canonical\" href=\"https:\/\/chileentinieblas.cl\/en\/el-lamento-de-los-dioses-caidos-capitulo-4-heimdall\/\" \/>\n<meta property=\"og:locale\" content=\"en_US\" \/>\n<meta property=\"og:type\" content=\"article\" \/>\n<meta property=\"og:title\" content=\"El lamento de los dioses ca\u00eddos, cap\u00edtulo 4: Heimdall - Chile en Tinieblas\" \/>\n<meta property=\"og:description\" content=\"Relato final del evento &quot;El lamento de los dioses ca\u00eddos&quot; de Vampiro la Mascarada y Demonio la Ca\u00edda.\" \/>\n<meta property=\"og:url\" content=\"https:\/\/chileentinieblas.cl\/en\/el-lamento-de-los-dioses-caidos-capitulo-4-heimdall\/\" \/>\n<meta property=\"og:site_name\" content=\"Chile en Tinieblas\" \/>\n<meta property=\"article:publisher\" content=\"https:\/\/www.facebook.com\/ChileenTinieblas\" \/>\n<meta property=\"article:published_time\" content=\"2023-09-07T01:46:03+00:00\" \/>\n<meta property=\"article:modified_time\" content=\"2023-09-07T04:44:36+00:00\" \/>\n<meta property=\"og:image\" content=\"https:\/\/chileentinieblas.cl\/wp-content\/uploads\/2023\/09\/heimdaill-img.jpg\" \/>\n\t<meta property=\"og:image:width\" content=\"1456\" \/>\n\t<meta property=\"og:image:height\" content=\"712\" \/>\n\t<meta property=\"og:image:type\" content=\"image\/jpeg\" \/>\n<meta name=\"author\" content=\"Claudio Artigas\" \/>\n<meta name=\"twitter:card\" content=\"summary_large_image\" \/>\n<meta name=\"twitter:label1\" content=\"Written by\" \/>\n\t<meta name=\"twitter:data1\" content=\"Claudio Artigas\" \/>\n\t<meta name=\"twitter:label2\" content=\"Est. reading time\" \/>\n\t<meta name=\"twitter:data2\" content=\"3 minutes\" \/>\n<script type=\"application\/ld+json\" class=\"yoast-schema-graph\">{\"@context\":\"https:\\\/\\\/schema.org\",\"@graph\":[{\"@type\":\"Article\",\"@id\":\"https:\\\/\\\/chileentinieblas.cl\\\/el-lamento-de-los-dioses-caidos-capitulo-4-heimdall\\\/#article\",\"isPartOf\":{\"@id\":\"https:\\\/\\\/chileentinieblas.cl\\\/el-lamento-de-los-dioses-caidos-capitulo-4-heimdall\\\/\"},\"author\":{\"name\":\"Claudio Artigas\",\"@id\":\"https:\\\/\\\/chileentinieblas.cl\\\/#\\\/schema\\\/person\\\/ba6380868b67fe6c1d4aa00ea4776b91\"},\"headline\":\"El lamento de los dioses ca\u00eddos, cap\u00edtulo 4: Heimdall\",\"datePublished\":\"2023-09-07T01:46:03+00:00\",\"dateModified\":\"2023-09-07T04:44:36+00:00\",\"mainEntityOfPage\":{\"@id\":\"https:\\\/\\\/chileentinieblas.cl\\\/el-lamento-de-los-dioses-caidos-capitulo-4-heimdall\\\/\"},\"wordCount\":531,\"commentCount\":0,\"publisher\":{\"@id\":\"https:\\\/\\\/chileentinieblas.cl\\\/#organization\"},\"image\":{\"@id\":\"https:\\\/\\\/chileentinieblas.cl\\\/el-lamento-de-los-dioses-caidos-capitulo-4-heimdall\\\/#primaryimage\"},\"thumbnailUrl\":\"https:\\\/\\\/chileentinieblas.cl\\\/wp-content\\\/uploads\\\/2023\\\/09\\\/heimdaill-img.jpg\",\"articleSection\":[\"Historias\"],\"inLanguage\":\"en-US\",\"potentialAction\":[{\"@type\":\"CommentAction\",\"name\":\"Comment\",\"target\":[\"https:\\\/\\\/chileentinieblas.cl\\\/el-lamento-de-los-dioses-caidos-capitulo-4-heimdall\\\/#respond\"]}]},{\"@type\":\"WebPage\",\"@id\":\"https:\\\/\\\/chileentinieblas.cl\\\/el-lamento-de-los-dioses-caidos-capitulo-4-heimdall\\\/\",\"url\":\"https:\\\/\\\/chileentinieblas.cl\\\/el-lamento-de-los-dioses-caidos-capitulo-4-heimdall\\\/\",\"name\":\"El lamento de los dioses ca\u00eddos, cap\u00edtulo 4: Heimdall - Chile en Tinieblas\",\"isPartOf\":{\"@id\":\"https:\\\/\\\/chileentinieblas.cl\\\/#website\"},\"primaryImageOfPage\":{\"@id\":\"https:\\\/\\\/chileentinieblas.cl\\\/el-lamento-de-los-dioses-caidos-capitulo-4-heimdall\\\/#primaryimage\"},\"image\":{\"@id\":\"https:\\\/\\\/chileentinieblas.cl\\\/el-lamento-de-los-dioses-caidos-capitulo-4-heimdall\\\/#primaryimage\"},\"thumbnailUrl\":\"https:\\\/\\\/chileentinieblas.cl\\\/wp-content\\\/uploads\\\/2023\\\/09\\\/heimdaill-img.jpg\",\"datePublished\":\"2023-09-07T01:46:03+00:00\",\"dateModified\":\"2023-09-07T04:44:36+00:00\",\"breadcrumb\":{\"@id\":\"https:\\\/\\\/chileentinieblas.cl\\\/el-lamento-de-los-dioses-caidos-capitulo-4-heimdall\\\/#breadcrumb\"},\"inLanguage\":\"en-US\",\"potentialAction\":[{\"@type\":\"ReadAction\",\"target\":[\"https:\\\/\\\/chileentinieblas.cl\\\/el-lamento-de-los-dioses-caidos-capitulo-4-heimdall\\\/\"]}]},{\"@type\":\"ImageObject\",\"inLanguage\":\"en-US\",\"@id\":\"https:\\\/\\\/chileentinieblas.cl\\\/el-lamento-de-los-dioses-caidos-capitulo-4-heimdall\\\/#primaryimage\",\"url\":\"https:\\\/\\\/chileentinieblas.cl\\\/wp-content\\\/uploads\\\/2023\\\/09\\\/heimdaill-img.jpg\",\"contentUrl\":\"https:\\\/\\\/chileentinieblas.cl\\\/wp-content\\\/uploads\\\/2023\\\/09\\\/heimdaill-img.jpg\",\"width\":1456,\"height\":712},{\"@type\":\"BreadcrumbList\",\"@id\":\"https:\\\/\\\/chileentinieblas.cl\\\/el-lamento-de-los-dioses-caidos-capitulo-4-heimdall\\\/#breadcrumb\",\"itemListElement\":[{\"@type\":\"ListItem\",\"position\":1,\"name\":\"Portada\",\"item\":\"https:\\\/\\\/chileentinieblas.cl\\\/\"},{\"@type\":\"ListItem\",\"position\":2,\"name\":\"El lamento de los dioses ca\u00eddos, cap\u00edtulo 4: Heimdall\"}]},{\"@type\":\"WebSite\",\"@id\":\"https:\\\/\\\/chileentinieblas.cl\\\/#website\",\"url\":\"https:\\\/\\\/chileentinieblas.cl\\\/\",\"name\":\"Chile en Tinieblas\",\"description\":\"Un servidor con mesas de rol de Mundo de Tinieblas\",\"publisher\":{\"@id\":\"https:\\\/\\\/chileentinieblas.cl\\\/#organization\"},\"potentialAction\":[{\"@type\":\"SearchAction\",\"target\":{\"@type\":\"EntryPoint\",\"urlTemplate\":\"https:\\\/\\\/chileentinieblas.cl\\\/?s={search_term_string}\"},\"query-input\":{\"@type\":\"PropertyValueSpecification\",\"valueRequired\":true,\"valueName\":\"search_term_string\"}}],\"inLanguage\":\"en-US\"},{\"@type\":\"Organization\",\"@id\":\"https:\\\/\\\/chileentinieblas.cl\\\/#organization\",\"name\":\"Chile en Tinieblas\",\"url\":\"https:\\\/\\\/chileentinieblas.cl\\\/\",\"logo\":{\"@type\":\"ImageObject\",\"inLanguage\":\"en-US\",\"@id\":\"https:\\\/\\\/chileentinieblas.cl\\\/#\\\/schema\\\/logo\\\/image\\\/\",\"url\":\"https:\\\/\\\/chileentinieblas.cl\\\/wp-content\\\/uploads\\\/2021\\\/12\\\/logo-cet-claro.png\",\"contentUrl\":\"https:\\\/\\\/chileentinieblas.cl\\\/wp-content\\\/uploads\\\/2021\\\/12\\\/logo-cet-claro.png\",\"width\":1001,\"height\":1030,\"caption\":\"Chile en Tinieblas\"},\"image\":{\"@id\":\"https:\\\/\\\/chileentinieblas.cl\\\/#\\\/schema\\\/logo\\\/image\\\/\"},\"sameAs\":[\"https:\\\/\\\/www.facebook.com\\\/ChileenTinieblas\",\"https:\\\/\\\/www.instagram.com\\\/chileentinieblas\\\/\",\"https:\\\/\\\/www.youtube.com\\\/@chileentinieblas\",\"https:\\\/\\\/www.tiktok.com\\\/@chileentinieblas\"]},{\"@type\":\"Person\",\"@id\":\"https:\\\/\\\/chileentinieblas.cl\\\/#\\\/schema\\\/person\\\/ba6380868b67fe6c1d4aa00ea4776b91\",\"name\":\"Claudio Artigas\",\"image\":{\"@type\":\"ImageObject\",\"inLanguage\":\"en-US\",\"@id\":\"https:\\\/\\\/secure.gravatar.com\\\/avatar\\\/c0c0b648f4e68bcbabf574c3421c3d006d89eff763ef61087c78507b9cc58be5?s=96&d=mm&r=g\",\"url\":\"https:\\\/\\\/secure.gravatar.com\\\/avatar\\\/c0c0b648f4e68bcbabf574c3421c3d006d89eff763ef61087c78507b9cc58be5?s=96&d=mm&r=g\",\"contentUrl\":\"https:\\\/\\\/secure.gravatar.com\\\/avatar\\\/c0c0b648f4e68bcbabf574c3421c3d006d89eff763ef61087c78507b9cc58be5?s=96&d=mm&r=g\",\"caption\":\"Claudio Artigas\"},\"url\":\"https:\\\/\\\/chileentinieblas.cl\\\/en\\\/author\\\/francodibrotsy\\\/\"}]}<\/script>\n<!-- \/ Yoast SEO plugin. -->","yoast_head_json":{"title":"El lamento de los dioses ca\u00eddos, cap\u00edtulo 4: Heimdall - Chile en Tinieblas","robots":{"index":"index","follow":"follow","max-snippet":"max-snippet:-1","max-image-preview":"max-image-preview:large","max-video-preview":"max-video-preview:-1"},"canonical":"https:\/\/chileentinieblas.cl\/en\/el-lamento-de-los-dioses-caidos-capitulo-4-heimdall\/","og_locale":"en_US","og_type":"article","og_title":"El lamento de los dioses ca\u00eddos, cap\u00edtulo 4: Heimdall - Chile en Tinieblas","og_description":"Relato final del evento \"El lamento de los dioses ca\u00eddos\" de Vampiro la Mascarada y Demonio la Ca\u00edda.","og_url":"https:\/\/chileentinieblas.cl\/en\/el-lamento-de-los-dioses-caidos-capitulo-4-heimdall\/","og_site_name":"Chile en Tinieblas","article_publisher":"https:\/\/www.facebook.com\/ChileenTinieblas","article_published_time":"2023-09-07T01:46:03+00:00","article_modified_time":"2023-09-07T04:44:36+00:00","og_image":[{"width":1456,"height":712,"url":"https:\/\/chileentinieblas.cl\/wp-content\/uploads\/2023\/09\/heimdaill-img.jpg","type":"image\/jpeg"}],"author":"Claudio Artigas","twitter_card":"summary_large_image","twitter_misc":{"Written by":"Claudio Artigas","Est. reading time":"3 minutes"},"schema":{"@context":"https:\/\/schema.org","@graph":[{"@type":"Article","@id":"https:\/\/chileentinieblas.cl\/el-lamento-de-los-dioses-caidos-capitulo-4-heimdall\/#article","isPartOf":{"@id":"https:\/\/chileentinieblas.cl\/el-lamento-de-los-dioses-caidos-capitulo-4-heimdall\/"},"author":{"name":"Claudio Artigas","@id":"https:\/\/chileentinieblas.cl\/#\/schema\/person\/ba6380868b67fe6c1d4aa00ea4776b91"},"headline":"El lamento de los dioses ca\u00eddos, cap\u00edtulo 4: Heimdall","datePublished":"2023-09-07T01:46:03+00:00","dateModified":"2023-09-07T04:44:36+00:00","mainEntityOfPage":{"@id":"https:\/\/chileentinieblas.cl\/el-lamento-de-los-dioses-caidos-capitulo-4-heimdall\/"},"wordCount":531,"commentCount":0,"publisher":{"@id":"https:\/\/chileentinieblas.cl\/#organization"},"image":{"@id":"https:\/\/chileentinieblas.cl\/el-lamento-de-los-dioses-caidos-capitulo-4-heimdall\/#primaryimage"},"thumbnailUrl":"https:\/\/chileentinieblas.cl\/wp-content\/uploads\/2023\/09\/heimdaill-img.jpg","articleSection":["Historias"],"inLanguage":"en-US","potentialAction":[{"@type":"CommentAction","name":"Comment","target":["https:\/\/chileentinieblas.cl\/el-lamento-de-los-dioses-caidos-capitulo-4-heimdall\/#respond"]}]},{"@type":"WebPage","@id":"https:\/\/chileentinieblas.cl\/el-lamento-de-los-dioses-caidos-capitulo-4-heimdall\/","url":"https:\/\/chileentinieblas.cl\/el-lamento-de-los-dioses-caidos-capitulo-4-heimdall\/","name":"El lamento de los dioses ca\u00eddos, cap\u00edtulo 4: Heimdall - Chile en Tinieblas","isPartOf":{"@id":"https:\/\/chileentinieblas.cl\/#website"},"primaryImageOfPage":{"@id":"https:\/\/chileentinieblas.cl\/el-lamento-de-los-dioses-caidos-capitulo-4-heimdall\/#primaryimage"},"image":{"@id":"https:\/\/chileentinieblas.cl\/el-lamento-de-los-dioses-caidos-capitulo-4-heimdall\/#primaryimage"},"thumbnailUrl":"https:\/\/chileentinieblas.cl\/wp-content\/uploads\/2023\/09\/heimdaill-img.jpg","datePublished":"2023-09-07T01:46:03+00:00","dateModified":"2023-09-07T04:44:36+00:00","breadcrumb":{"@id":"https:\/\/chileentinieblas.cl\/el-lamento-de-los-dioses-caidos-capitulo-4-heimdall\/#breadcrumb"},"inLanguage":"en-US","potentialAction":[{"@type":"ReadAction","target":["https:\/\/chileentinieblas.cl\/el-lamento-de-los-dioses-caidos-capitulo-4-heimdall\/"]}]},{"@type":"ImageObject","inLanguage":"en-US","@id":"https:\/\/chileentinieblas.cl\/el-lamento-de-los-dioses-caidos-capitulo-4-heimdall\/#primaryimage","url":"https:\/\/chileentinieblas.cl\/wp-content\/uploads\/2023\/09\/heimdaill-img.jpg","contentUrl":"https:\/\/chileentinieblas.cl\/wp-content\/uploads\/2023\/09\/heimdaill-img.jpg","width":1456,"height":712},{"@type":"BreadcrumbList","@id":"https:\/\/chileentinieblas.cl\/el-lamento-de-los-dioses-caidos-capitulo-4-heimdall\/#breadcrumb","itemListElement":[{"@type":"ListItem","position":1,"name":"Portada","item":"https:\/\/chileentinieblas.cl\/"},{"@type":"ListItem","position":2,"name":"El lamento de los dioses ca\u00eddos, cap\u00edtulo 4: Heimdall"}]},{"@type":"WebSite","@id":"https:\/\/chileentinieblas.cl\/#website","url":"https:\/\/chileentinieblas.cl\/","name":"Chile en Tinieblas","description":"Un servidor con mesas de rol de Mundo de Tinieblas","publisher":{"@id":"https:\/\/chileentinieblas.cl\/#organization"},"potentialAction":[{"@type":"SearchAction","target":{"@type":"EntryPoint","urlTemplate":"https:\/\/chileentinieblas.cl\/?s={search_term_string}"},"query-input":{"@type":"PropertyValueSpecification","valueRequired":true,"valueName":"search_term_string"}}],"inLanguage":"en-US"},{"@type":"Organization","@id":"https:\/\/chileentinieblas.cl\/#organization","name":"Chile en Tinieblas","url":"https:\/\/chileentinieblas.cl\/","logo":{"@type":"ImageObject","inLanguage":"en-US","@id":"https:\/\/chileentinieblas.cl\/#\/schema\/logo\/image\/","url":"https:\/\/chileentinieblas.cl\/wp-content\/uploads\/2021\/12\/logo-cet-claro.png","contentUrl":"https:\/\/chileentinieblas.cl\/wp-content\/uploads\/2021\/12\/logo-cet-claro.png","width":1001,"height":1030,"caption":"Chile en Tinieblas"},"image":{"@id":"https:\/\/chileentinieblas.cl\/#\/schema\/logo\/image\/"},"sameAs":["https:\/\/www.facebook.com\/ChileenTinieblas","https:\/\/www.instagram.com\/chileentinieblas\/","https:\/\/www.youtube.com\/@chileentinieblas","https:\/\/www.tiktok.com\/@chileentinieblas"]},{"@type":"Person","@id":"https:\/\/chileentinieblas.cl\/#\/schema\/person\/ba6380868b67fe6c1d4aa00ea4776b91","name":"Claudio Artigas","image":{"@type":"ImageObject","inLanguage":"en-US","@id":"https:\/\/secure.gravatar.com\/avatar\/c0c0b648f4e68bcbabf574c3421c3d006d89eff763ef61087c78507b9cc58be5?s=96&d=mm&r=g","url":"https:\/\/secure.gravatar.com\/avatar\/c0c0b648f4e68bcbabf574c3421c3d006d89eff763ef61087c78507b9cc58be5?s=96&d=mm&r=g","contentUrl":"https:\/\/secure.gravatar.com\/avatar\/c0c0b648f4e68bcbabf574c3421c3d006d89eff763ef61087c78507b9cc58be5?s=96&d=mm&r=g","caption":"Claudio Artigas"},"url":"https:\/\/chileentinieblas.cl\/en\/author\/francodibrotsy\/"}]}},"jetpack_sharing_enabled":true,"jetpack_featured_media_url":"https:\/\/chileentinieblas.cl\/wp-content\/uploads\/2023\/09\/heimdaill-img.jpg","_links":{"self":[{"href":"https:\/\/chileentinieblas.cl\/en\/wp-json\/wp\/v2\/posts\/4546","targetHints":{"allow":["GET"]}}],"collection":[{"href":"https:\/\/chileentinieblas.cl\/en\/wp-json\/wp\/v2\/posts"}],"about":[{"href":"https:\/\/chileentinieblas.cl\/en\/wp-json\/wp\/v2\/types\/post"}],"author":[{"embeddable":true,"href":"https:\/\/chileentinieblas.cl\/en\/wp-json\/wp\/v2\/users\/9"}],"replies":[{"embeddable":true,"href":"https:\/\/chileentinieblas.cl\/en\/wp-json\/wp\/v2\/comments?post=4546"}],"version-history":[{"count":7,"href":"https:\/\/chileentinieblas.cl\/en\/wp-json\/wp\/v2\/posts\/4546\/revisions"}],"predecessor-version":[{"id":4558,"href":"https:\/\/chileentinieblas.cl\/en\/wp-json\/wp\/v2\/posts\/4546\/revisions\/4558"}],"wp:featuredmedia":[{"embeddable":true,"href":"https:\/\/chileentinieblas.cl\/en\/wp-json\/wp\/v2\/media\/4556"}],"wp:attachment":[{"href":"https:\/\/chileentinieblas.cl\/en\/wp-json\/wp\/v2\/media?parent=4546"}],"wp:term":[{"taxonomy":"category","embeddable":true,"href":"https:\/\/chileentinieblas.cl\/en\/wp-json\/wp\/v2\/categories?post=4546"},{"taxonomy":"post_tag","embeddable":true,"href":"https:\/\/chileentinieblas.cl\/en\/wp-json\/wp\/v2\/tags?post=4546"},{"taxonomy":"juego","embeddable":true,"href":"https:\/\/chileentinieblas.cl\/en\/wp-json\/wp\/v2\/juego?post=4546"}],"curies":[{"name":"wp","href":"https:\/\/api.w.org\/{rel}","templated":true}]}}