{"id":4498,"date":"2023-08-31T23:11:54","date_gmt":"2023-08-31T23:11:54","guid":{"rendered":"https:\/\/chileentinieblas.cl\/?p=4498"},"modified":"2023-09-02T02:50:12","modified_gmt":"2023-09-02T02:50:12","slug":"el-lamento-de-los-dioses-caidos-capitulo-3-vidar","status":"publish","type":"post","link":"https:\/\/chileentinieblas.cl\/en\/el-lamento-de-los-dioses-caidos-capitulo-3-vidar\/","title":{"rendered":"El lamento de los dioses ca\u00eddos, capitulo 3: Vidar"},"content":{"rendered":"<h2 class=\"wp-block-heading\">El orden y el kaos<\/h2>\n\n\n\n<figure class=\"wp-block-image alignright size-large is-resized\"><img fetchpriority=\"high\" decoding=\"async\" src=\"https:\/\/chileentinieblas.cl\/wp-content\/uploads\/2023\/08\/Chile_en_Tinieblas_cinematic_shot_3_young_savaje_looking_worker_b01452aa-915a-4ea3-b823-d3afb5850b63-1024x557.png\" alt=\"\" class=\"wp-image-4500\" style=\"width:419px;height:228px\" width=\"419\" height=\"228\" srcset=\"https:\/\/chileentinieblas.cl\/wp-content\/uploads\/2023\/08\/Chile_en_Tinieblas_cinematic_shot_3_young_savaje_looking_worker_b01452aa-915a-4ea3-b823-d3afb5850b63-1024x557.png 1024w, https:\/\/chileentinieblas.cl\/wp-content\/uploads\/2023\/08\/Chile_en_Tinieblas_cinematic_shot_3_young_savaje_looking_worker_b01452aa-915a-4ea3-b823-d3afb5850b63-300x163.png 300w, https:\/\/chileentinieblas.cl\/wp-content\/uploads\/2023\/08\/Chile_en_Tinieblas_cinematic_shot_3_young_savaje_looking_worker_b01452aa-915a-4ea3-b823-d3afb5850b63-768x417.png 768w, https:\/\/chileentinieblas.cl\/wp-content\/uploads\/2023\/08\/Chile_en_Tinieblas_cinematic_shot_3_young_savaje_looking_worker_b01452aa-915a-4ea3-b823-d3afb5850b63.png 1472w\" sizes=\"(max-width: 419px) 100vw, 419px\" \/><\/figure>\n\n\n\n<p class=\"wp-block-paragraph\">Posterior a la batalla contra un enviado del Wyrm llamado <strong><a href=\"https:\/\/chileentinieblas.cl\/en\/el-susurro-se-silencia\/\" data-type=\"link\" data-id=\"https:\/\/chileentinieblas.cl\/el-susurro-se-silencia\/\">El Artesano Carmes\u00ed<\/a><\/strong>, La Torre Vigilante, el Clan m\u00e1s presente de Garou en Santiago se ve afectado ante las constantes bajas de sus guerreros por defender la ciudad y a sus parientes. Durante el enfrentamiento una manada numerosa luch\u00f3 junto al azote del wyrm liderando y fueron solo unos pocos los sobrevivientes. Destacar\u00eda una joven chica que venia de entre los Roehuesos de la regi\u00f3n, quien probar\u00eda lealtad al clan. Algunas semanas despu\u00e9s, una joven manada de 3 lobos urbanos,&nbsp; llamados <strong>\u201cLos Zorrones\u201d<\/strong>, fueron puestos a prueba de igual manera por <strong>Abracadabra<\/strong>, Maestro del Rito, d\u00e1ndoles la misi\u00f3n de ir en b\u00fasqueda de los fetiches perdidos en un supuesto t\u00famulo hermano que fue atacado, sitio que en realidad era el lugar donde se dio la batalla en contra del <strong><a href=\"https:\/\/chileentinieblas.cl\/en\/el-susurro-se-silencia\/\" data-type=\"link\" data-id=\"https:\/\/chileentinieblas.cl\/el-susurro-se-silencia\/\">Artesano Carmes\u00ed<\/a><\/strong>. Acompa\u00f1ados por <strong>Impulso-de-Gaia<\/strong>, una Theurge proveniente de Rancagua y usando su instinto espiritual dan con una Flecha de hueso marcada con glifos de distintos tipos. Al investigar sobre este objeto determinaron con ayuda y dificultades que era un amuleto relacionado a los Selknam, al saber esto los rumores de los l\u00edderes del clan despierta sospechas en quienes hayan portado este objeto, al relacionarlo con <strong>el \u00faltimo Xo\u2019on, Libra-Esquiva<\/strong>.<\/p>\n\n\n\n<p class=\"wp-block-paragraph\">Lo que en realidad no hab\u00edan logrado deducir es que ese objeto lo portaba la joven Roehueso sobreviviente, llamada por los garou, <strong>&#8220;Rie-del-Peligro&#8221;<\/strong>, quien junto a un grupo secreto de cambiaformas unidos por <strong>Libra-Esquiva, \u00faltimo Selknam<\/strong> y parte de <strong>la Sociedad del Octubre Negro<\/strong>, forman el circulo de <strong>Los elegidos del \u00daltimo Xo\u2019on<\/strong>. El circulo tendr\u00eda como misi\u00f3n infiltrarse en el clan de la Torre vigilante para desarticular sus esfuerzos en contra de la sociedad y eliminar a su l\u00edder, <strong>Cervantes, el-Jefe-Crudo<\/strong>. Esto deb\u00eda llevarse a cabo con un objeto especial, una flecha iridiscente especialmente creada para este prop\u00f3sito, pero en los \u00faltimos momentos de esta reuni\u00f3n, sorpresivamente aparece el l\u00edder de la Sociedad del Octubre Negro, <strong>Adawolf<\/strong>, quien les desea suerte y le da una bendici\u00f3n m\u00e1gica a la flecha a trav\u00e9s de su sangre. Karin ya se hab\u00eda ganado la confianza del clan, pero desconoc\u00eda que la manada de los zorrones estuviese encargada de recibir a los fera junto a Karin en donde un clima tenso y extra\u00f1o entre ellos dio por sospechoso a los sujetos.<\/p>\n\n\n\n<h2 class=\"wp-block-heading\">Una tensa calma<\/h2>\n\n\n\n<figure class=\"wp-block-image alignleft size-large is-resized\"><img decoding=\"async\" src=\"https:\/\/chileentinieblas.cl\/wp-content\/uploads\/2023\/08\/Chile_en_Tinieblas_cinematic_shot_3_young_guys_looking_tense_me_367fb7ab-c710-4d18-966b-7aa0a01f0faa-1024x557.png\" alt=\"\" class=\"wp-image-4499\" style=\"width:406px;height:221px\" width=\"406\" height=\"221\" srcset=\"https:\/\/chileentinieblas.cl\/wp-content\/uploads\/2023\/08\/Chile_en_Tinieblas_cinematic_shot_3_young_guys_looking_tense_me_367fb7ab-c710-4d18-966b-7aa0a01f0faa-1024x557.png 1024w, https:\/\/chileentinieblas.cl\/wp-content\/uploads\/2023\/08\/Chile_en_Tinieblas_cinematic_shot_3_young_guys_looking_tense_me_367fb7ab-c710-4d18-966b-7aa0a01f0faa-300x163.png 300w, https:\/\/chileentinieblas.cl\/wp-content\/uploads\/2023\/08\/Chile_en_Tinieblas_cinematic_shot_3_young_guys_looking_tense_me_367fb7ab-c710-4d18-966b-7aa0a01f0faa-768x417.png 768w, https:\/\/chileentinieblas.cl\/wp-content\/uploads\/2023\/08\/Chile_en_Tinieblas_cinematic_shot_3_young_guys_looking_tense_me_367fb7ab-c710-4d18-966b-7aa0a01f0faa.png 1472w\" sizes=\"(max-width: 406px) 100vw, 406px\" \/><\/figure>\n\n\n\n<p class=\"wp-block-paragraph\">Durante la visita conocieron las oficinas centrales del t\u00famulo en el piso 14, en donde Abracadabra se uni\u00f3 a la comitiva mientras la representante de los visitantes solicitaba presentarse al Alfa del t\u00famulo como es debido. Tras una peque\u00f1a conversaci\u00f3n en el ascensor, y el uso de ciertos dones para persuadir, el grupo accede al ascensor secreto para subir directamente a la azotea, el lugar ceremonial donde la mayor\u00eda de los ritos del consejo se llevan a cabo junto a lo que es el coraz\u00f3n del T\u00famulo. En el sitio se encontraba el <strong>Jefe-Crudo<\/strong>, Alfa del Clan, quien recibe a la manada de Los Zorrones junto a Abracadabra y recibe la noticia de los visitantes. El Alfa comienza a escuchar la presentaci\u00f3n de cada uno de ellos juzgando con su instinto y luego de una breve e inc\u00f3moda conversaci\u00f3n con los visitantes y defensores, decide que se presenten ante <strong>Aguilucho<\/strong>, el t\u00f3tem del clan, para que sean examinados de forma profunda.<\/p>\n\n\n\n<h2 class=\"wp-block-heading\">Atentado<\/h2>\n\n\n\n<figure class=\"wp-block-image alignright size-large is-resized\"><img decoding=\"async\" src=\"https:\/\/chileentinieblas.cl\/wp-content\/uploads\/2023\/08\/chileentinieblas_cinematic_shot_2_groups_of_werewolves_fight_wi_5c22769a-2e2b-4ffb-8534-a60a90c28a48-1024x557.png\" alt=\"\" class=\"wp-image-4509\" style=\"width:412px;height:224px\" width=\"412\" height=\"224\" srcset=\"https:\/\/chileentinieblas.cl\/wp-content\/uploads\/2023\/08\/chileentinieblas_cinematic_shot_2_groups_of_werewolves_fight_wi_5c22769a-2e2b-4ffb-8534-a60a90c28a48-1024x557.png 1024w, https:\/\/chileentinieblas.cl\/wp-content\/uploads\/2023\/08\/chileentinieblas_cinematic_shot_2_groups_of_werewolves_fight_wi_5c22769a-2e2b-4ffb-8534-a60a90c28a48-300x163.png 300w, https:\/\/chileentinieblas.cl\/wp-content\/uploads\/2023\/08\/chileentinieblas_cinematic_shot_2_groups_of_werewolves_fight_wi_5c22769a-2e2b-4ffb-8534-a60a90c28a48-768x417.png 768w, https:\/\/chileentinieblas.cl\/wp-content\/uploads\/2023\/08\/chileentinieblas_cinematic_shot_2_groups_of_werewolves_fight_wi_5c22769a-2e2b-4ffb-8534-a60a90c28a48.png 1472w\" sizes=\"(max-width: 412px) 100vw, 412px\" \/><\/figure>\n\n\n\n<p class=\"wp-block-paragraph\"> Es ah\u00ed cuando las cosas se salen de control, la <strong>Pumonca<\/strong> del grupo visitante extiende sus garras y ataca directamente al Alfa, iniciando una lucha entre los defensores y los Feras infiltrados. El <strong>Ahroun<\/strong> l\u00edder de la manada de Los Zorrones con un mortal garrazo abre el vientre de la Garou traidora, quien casi en su lecho de muerte adopta su forma de guerra, mientras sus compa\u00f1eros, un fiero <strong>Ratkin<\/strong> y un serio <strong>Mokol\u00e9<\/strong> combaten cara a cara contra el <strong>Philodox Roehuesos<\/strong> y su compa\u00f1ero <strong>Ragabash Morador del Cristal<\/strong>, quienes con rabia atacan ante tal ofensa. Abracadabra se lanza contra la <strong>Pumonca<\/strong> para abatirla. Con sus \u00faltimas fuerzas la garou herida desenfunda su ballesta y dispara la flecha talism\u00e1n hacia el Alfa del clan, dando directamente en su pecho. Abracadabra se lanza a intentar sanarlo mientras los cambiaformas combaten entre ellos y en medio del el deca\u00eddo <strong>Ananasi<\/strong> de entre los infiltrados se tiende sobre todos sus enemigos en forma trepara\u00f1a y usando sus dones borra los \u00faltimos minutos de la memoria de los defensores. La confusi\u00f3n caus\u00f3 una extra\u00f1a pausa y los cambiaformas aprovecharon esa oportunidad para utilizar un talism\u00e1n que abri\u00f3 un portal espiritual. Justo antes de retirarse, <strong>Rie-del-Peligro<\/strong> proclama que la manada de Los Zorrones estaban corruptos y que ella se llevar\u00eda el arma homicida para que esta no vuelva a ser utilizada. Posterior a estos momentos, todos extra\u00f1ados y con una amnesia de lo \u00faltimo ocurrido ven como el alfa abre los ojos y mira la flecha en su pecho la cual inexplicablemente a\u00fan lo mantiene con vida.<\/p>\n\n\n\n<p class=\"wp-block-paragraph\">La confusi\u00f3n reina en el <strong>Clan de la Torre Vigilante<\/strong>, mientras que el <strong>Octubre Negro<\/strong> muestra sus colmillos al intentar asesinar al l\u00edder del clan.<\/p>\n\n\n\n<figure class=\"wp-block-image size-large\"><img loading=\"lazy\" decoding=\"async\" width=\"1024\" height=\"557\" src=\"https:\/\/chileentinieblas.cl\/wp-content\/uploads\/2023\/08\/chileentinieblas_cinematic_shot_2_groups_of_werewolves_fight_wi_c9b09d2c-a38a-459b-9fd8-7b31e980b47d-1024x557.png\" alt=\"\" class=\"wp-image-4510\" srcset=\"https:\/\/chileentinieblas.cl\/wp-content\/uploads\/2023\/08\/chileentinieblas_cinematic_shot_2_groups_of_werewolves_fight_wi_c9b09d2c-a38a-459b-9fd8-7b31e980b47d-1024x557.png 1024w, https:\/\/chileentinieblas.cl\/wp-content\/uploads\/2023\/08\/chileentinieblas_cinematic_shot_2_groups_of_werewolves_fight_wi_c9b09d2c-a38a-459b-9fd8-7b31e980b47d-300x163.png 300w, https:\/\/chileentinieblas.cl\/wp-content\/uploads\/2023\/08\/chileentinieblas_cinematic_shot_2_groups_of_werewolves_fight_wi_c9b09d2c-a38a-459b-9fd8-7b31e980b47d-768x417.png 768w, https:\/\/chileentinieblas.cl\/wp-content\/uploads\/2023\/08\/chileentinieblas_cinematic_shot_2_groups_of_werewolves_fight_wi_c9b09d2c-a38a-459b-9fd8-7b31e980b47d.png 1472w\" sizes=\"(max-width: 1024px) 100vw, 1024px\" \/><\/figure>\n\n\n\n<hr class=\"wp-block-separator has-alpha-channel-opacity\" \/>\n\n\n\n<p class=\"wp-block-paragraph\"><em>* Im\u00e1genes hechas por Midjourney gracias al auspicio de Space Fantasy<\/em><\/p>","protected":false},"excerpt":{"rendered":"<p>Tercer relato del evento &#8220;El lamento de los dioses ca\u00eddos&#8221; de Hombrelobo el Apocalipsis<\/p>","protected":false},"author":8,"featured_media":4515,"comment_status":"open","ping_status":"open","sticky":false,"template":"","format":"standard","meta":{"_acf_changed":false,"inline_featured_image":false,"_monsterinsights_skip_tracking":false,"_jetpack_newsletter_access":"","_jetpack_dont_email_post_to_subs":false,"_jetpack_newsletter_tier_id":0,"_jetpack_memberships_contains_paywalled_content":false,"fifu_image_url":"","fifu_image_alt":"","_jetpack_feature_clip_id":0,"_jetpack_memberships_contains_paid_content":false,"footnotes":"","jetpack_post_was_ever_published":false},"categories":[134],"tags":[],"juego":[105],"class_list":["post-4498","post","type-post","status-publish","format-standard","has-post-thumbnail","hentry","category-historias","juego-hombre-lobo-el-apocalipsis"],"acf":[],"yoast_head":"<!-- This site is optimized with the Yoast SEO plugin v28.4 - https:\/\/yoast.com\/product\/yoast-seo-wordpress\/ -->\n<title>El lamento de los dioses ca\u00eddos, capitulo 3: Vidar - Chile en Tinieblas<\/title>\n<meta name=\"robots\" content=\"index, follow, max-snippet:-1, max-image-preview:large, max-video-preview:-1\" \/>\n<link rel=\"canonical\" href=\"https:\/\/chileentinieblas.cl\/en\/el-lamento-de-los-dioses-caidos-capitulo-3-vidar\/\" \/>\n<meta property=\"og:locale\" content=\"en_US\" \/>\n<meta property=\"og:type\" content=\"article\" \/>\n<meta property=\"og:title\" content=\"El lamento de los dioses ca\u00eddos, capitulo 3: Vidar - Chile en Tinieblas\" \/>\n<meta property=\"og:description\" content=\"Tercer relato del evento &quot;El lamento de los dioses ca\u00eddos&quot; de Hombrelobo el Apocalipsis\" \/>\n<meta property=\"og:url\" content=\"https:\/\/chileentinieblas.cl\/en\/el-lamento-de-los-dioses-caidos-capitulo-3-vidar\/\" \/>\n<meta property=\"og:site_name\" content=\"Chile en Tinieblas\" \/>\n<meta property=\"article:publisher\" content=\"https:\/\/www.facebook.com\/ChileenTinieblas\" \/>\n<meta property=\"article:published_time\" content=\"2023-08-31T23:11:54+00:00\" \/>\n<meta property=\"article:modified_time\" content=\"2023-09-02T02:50:12+00:00\" \/>\n<meta property=\"og:image\" content=\"https:\/\/chileentinieblas.cl\/wp-content\/uploads\/2023\/08\/Chile_en_Tinieblas_cinematic_shot_group_of_animal_shapeshifters_55e920d3-0312-4b41-8218-3a8c607097d0.png\" \/>\n\t<meta property=\"og:image:width\" content=\"1472\" \/>\n\t<meta property=\"og:image:height\" content=\"800\" \/>\n\t<meta property=\"og:image:type\" content=\"image\/png\" \/>\n<meta name=\"author\" content=\"Pedro Rojas\" \/>\n<meta name=\"twitter:card\" content=\"summary_large_image\" \/>\n<meta name=\"twitter:label1\" content=\"Written by\" \/>\n\t<meta name=\"twitter:data1\" content=\"Pedro Rojas\" \/>\n\t<meta name=\"twitter:label2\" content=\"Est. reading time\" \/>\n\t<meta name=\"twitter:data2\" content=\"5 minutes\" \/>\n<script type=\"application\/ld+json\" class=\"yoast-schema-graph\">{\"@context\":\"https:\\\/\\\/schema.org\",\"@graph\":[{\"@type\":\"Article\",\"@id\":\"https:\\\/\\\/chileentinieblas.cl\\\/el-lamento-de-los-dioses-caidos-capitulo-3-vidar\\\/#article\",\"isPartOf\":{\"@id\":\"https:\\\/\\\/chileentinieblas.cl\\\/el-lamento-de-los-dioses-caidos-capitulo-3-vidar\\\/\"},\"author\":{\"name\":\"Pedro Rojas\",\"@id\":\"https:\\\/\\\/chileentinieblas.cl\\\/#\\\/schema\\\/person\\\/c2dcddefd4c4d26cda7ed496e818ddd2\"},\"headline\":\"El lamento de los dioses ca\u00eddos, capitulo 3: Vidar\",\"datePublished\":\"2023-08-31T23:11:54+00:00\",\"dateModified\":\"2023-09-02T02:50:12+00:00\",\"mainEntityOfPage\":{\"@id\":\"https:\\\/\\\/chileentinieblas.cl\\\/el-lamento-de-los-dioses-caidos-capitulo-3-vidar\\\/\"},\"wordCount\":915,\"commentCount\":0,\"publisher\":{\"@id\":\"https:\\\/\\\/chileentinieblas.cl\\\/#organization\"},\"image\":{\"@id\":\"https:\\\/\\\/chileentinieblas.cl\\\/el-lamento-de-los-dioses-caidos-capitulo-3-vidar\\\/#primaryimage\"},\"thumbnailUrl\":\"https:\\\/\\\/chileentinieblas.cl\\\/wp-content\\\/uploads\\\/2023\\\/08\\\/Chile_en_Tinieblas_cinematic_shot_group_of_animal_shapeshifters_55e920d3-0312-4b41-8218-3a8c607097d0.png\",\"articleSection\":[\"Historias\"],\"inLanguage\":\"en-US\",\"potentialAction\":[{\"@type\":\"CommentAction\",\"name\":\"Comment\",\"target\":[\"https:\\\/\\\/chileentinieblas.cl\\\/el-lamento-de-los-dioses-caidos-capitulo-3-vidar\\\/#respond\"]}]},{\"@type\":\"WebPage\",\"@id\":\"https:\\\/\\\/chileentinieblas.cl\\\/el-lamento-de-los-dioses-caidos-capitulo-3-vidar\\\/\",\"url\":\"https:\\\/\\\/chileentinieblas.cl\\\/el-lamento-de-los-dioses-caidos-capitulo-3-vidar\\\/\",\"name\":\"El lamento de los dioses ca\u00eddos, capitulo 3: Vidar - Chile en Tinieblas\",\"isPartOf\":{\"@id\":\"https:\\\/\\\/chileentinieblas.cl\\\/#website\"},\"primaryImageOfPage\":{\"@id\":\"https:\\\/\\\/chileentinieblas.cl\\\/el-lamento-de-los-dioses-caidos-capitulo-3-vidar\\\/#primaryimage\"},\"image\":{\"@id\":\"https:\\\/\\\/chileentinieblas.cl\\\/el-lamento-de-los-dioses-caidos-capitulo-3-vidar\\\/#primaryimage\"},\"thumbnailUrl\":\"https:\\\/\\\/chileentinieblas.cl\\\/wp-content\\\/uploads\\\/2023\\\/08\\\/Chile_en_Tinieblas_cinematic_shot_group_of_animal_shapeshifters_55e920d3-0312-4b41-8218-3a8c607097d0.png\",\"datePublished\":\"2023-08-31T23:11:54+00:00\",\"dateModified\":\"2023-09-02T02:50:12+00:00\",\"breadcrumb\":{\"@id\":\"https:\\\/\\\/chileentinieblas.cl\\\/el-lamento-de-los-dioses-caidos-capitulo-3-vidar\\\/#breadcrumb\"},\"inLanguage\":\"en-US\",\"potentialAction\":[{\"@type\":\"ReadAction\",\"target\":[\"https:\\\/\\\/chileentinieblas.cl\\\/el-lamento-de-los-dioses-caidos-capitulo-3-vidar\\\/\"]}]},{\"@type\":\"ImageObject\",\"inLanguage\":\"en-US\",\"@id\":\"https:\\\/\\\/chileentinieblas.cl\\\/el-lamento-de-los-dioses-caidos-capitulo-3-vidar\\\/#primaryimage\",\"url\":\"https:\\\/\\\/chileentinieblas.cl\\\/wp-content\\\/uploads\\\/2023\\\/08\\\/Chile_en_Tinieblas_cinematic_shot_group_of_animal_shapeshifters_55e920d3-0312-4b41-8218-3a8c607097d0.png\",\"contentUrl\":\"https:\\\/\\\/chileentinieblas.cl\\\/wp-content\\\/uploads\\\/2023\\\/08\\\/Chile_en_Tinieblas_cinematic_shot_group_of_animal_shapeshifters_55e920d3-0312-4b41-8218-3a8c607097d0.png\",\"width\":1472,\"height\":800},{\"@type\":\"BreadcrumbList\",\"@id\":\"https:\\\/\\\/chileentinieblas.cl\\\/el-lamento-de-los-dioses-caidos-capitulo-3-vidar\\\/#breadcrumb\",\"itemListElement\":[{\"@type\":\"ListItem\",\"position\":1,\"name\":\"Portada\",\"item\":\"https:\\\/\\\/chileentinieblas.cl\\\/\"},{\"@type\":\"ListItem\",\"position\":2,\"name\":\"El lamento de los dioses ca\u00eddos, capitulo 3: Vidar\"}]},{\"@type\":\"WebSite\",\"@id\":\"https:\\\/\\\/chileentinieblas.cl\\\/#website\",\"url\":\"https:\\\/\\\/chileentinieblas.cl\\\/\",\"name\":\"Chile en Tinieblas\",\"description\":\"Un servidor con mesas de rol de Mundo de Tinieblas\",\"publisher\":{\"@id\":\"https:\\\/\\\/chileentinieblas.cl\\\/#organization\"},\"potentialAction\":[{\"@type\":\"SearchAction\",\"target\":{\"@type\":\"EntryPoint\",\"urlTemplate\":\"https:\\\/\\\/chileentinieblas.cl\\\/?s={search_term_string}\"},\"query-input\":{\"@type\":\"PropertyValueSpecification\",\"valueRequired\":true,\"valueName\":\"search_term_string\"}}],\"inLanguage\":\"en-US\"},{\"@type\":\"Organization\",\"@id\":\"https:\\\/\\\/chileentinieblas.cl\\\/#organization\",\"name\":\"Chile en Tinieblas\",\"url\":\"https:\\\/\\\/chileentinieblas.cl\\\/\",\"logo\":{\"@type\":\"ImageObject\",\"inLanguage\":\"en-US\",\"@id\":\"https:\\\/\\\/chileentinieblas.cl\\\/#\\\/schema\\\/logo\\\/image\\\/\",\"url\":\"https:\\\/\\\/chileentinieblas.cl\\\/wp-content\\\/uploads\\\/2021\\\/12\\\/logo-cet-claro.png\",\"contentUrl\":\"https:\\\/\\\/chileentinieblas.cl\\\/wp-content\\\/uploads\\\/2021\\\/12\\\/logo-cet-claro.png\",\"width\":1001,\"height\":1030,\"caption\":\"Chile en Tinieblas\"},\"image\":{\"@id\":\"https:\\\/\\\/chileentinieblas.cl\\\/#\\\/schema\\\/logo\\\/image\\\/\"},\"sameAs\":[\"https:\\\/\\\/www.facebook.com\\\/ChileenTinieblas\",\"https:\\\/\\\/www.instagram.com\\\/chileentinieblas\\\/\",\"https:\\\/\\\/www.youtube.com\\\/@chileentinieblas\",\"https:\\\/\\\/www.tiktok.com\\\/@chileentinieblas\"]},{\"@type\":\"Person\",\"@id\":\"https:\\\/\\\/chileentinieblas.cl\\\/#\\\/schema\\\/person\\\/c2dcddefd4c4d26cda7ed496e818ddd2\",\"name\":\"Pedro Rojas\",\"image\":{\"@type\":\"ImageObject\",\"inLanguage\":\"en-US\",\"@id\":\"https:\\\/\\\/secure.gravatar.com\\\/avatar\\\/4c6c6eb5737fc3d9ce7342c687c161dd784209b952525fb2d1c0bd3871e47229?s=96&d=mm&r=g\",\"url\":\"https:\\\/\\\/secure.gravatar.com\\\/avatar\\\/4c6c6eb5737fc3d9ce7342c687c161dd784209b952525fb2d1c0bd3871e47229?s=96&d=mm&r=g\",\"contentUrl\":\"https:\\\/\\\/secure.gravatar.com\\\/avatar\\\/4c6c6eb5737fc3d9ce7342c687c161dd784209b952525fb2d1c0bd3871e47229?s=96&d=mm&r=g\",\"caption\":\"Pedro Rojas\"},\"url\":\"https:\\\/\\\/chileentinieblas.cl\\\/en\\\/author\\\/gaia\\\/\"}]}<\/script>\n<!-- \/ Yoast SEO plugin. -->","yoast_head_json":{"title":"El lamento de los dioses ca\u00eddos, capitulo 3: Vidar - Chile en Tinieblas","robots":{"index":"index","follow":"follow","max-snippet":"max-snippet:-1","max-image-preview":"max-image-preview:large","max-video-preview":"max-video-preview:-1"},"canonical":"https:\/\/chileentinieblas.cl\/en\/el-lamento-de-los-dioses-caidos-capitulo-3-vidar\/","og_locale":"en_US","og_type":"article","og_title":"El lamento de los dioses ca\u00eddos, capitulo 3: Vidar - Chile en Tinieblas","og_description":"Tercer relato del evento \"El lamento de los dioses ca\u00eddos\" de Hombrelobo el Apocalipsis","og_url":"https:\/\/chileentinieblas.cl\/en\/el-lamento-de-los-dioses-caidos-capitulo-3-vidar\/","og_site_name":"Chile en Tinieblas","article_publisher":"https:\/\/www.facebook.com\/ChileenTinieblas","article_published_time":"2023-08-31T23:11:54+00:00","article_modified_time":"2023-09-02T02:50:12+00:00","og_image":[{"width":1472,"height":800,"url":"https:\/\/chileentinieblas.cl\/wp-content\/uploads\/2023\/08\/Chile_en_Tinieblas_cinematic_shot_group_of_animal_shapeshifters_55e920d3-0312-4b41-8218-3a8c607097d0.png","type":"image\/png"}],"author":"Pedro Rojas","twitter_card":"summary_large_image","twitter_misc":{"Written by":"Pedro Rojas","Est. reading time":"5 minutes"},"schema":{"@context":"https:\/\/schema.org","@graph":[{"@type":"Article","@id":"https:\/\/chileentinieblas.cl\/el-lamento-de-los-dioses-caidos-capitulo-3-vidar\/#article","isPartOf":{"@id":"https:\/\/chileentinieblas.cl\/el-lamento-de-los-dioses-caidos-capitulo-3-vidar\/"},"author":{"name":"Pedro Rojas","@id":"https:\/\/chileentinieblas.cl\/#\/schema\/person\/c2dcddefd4c4d26cda7ed496e818ddd2"},"headline":"El lamento de los dioses ca\u00eddos, capitulo 3: Vidar","datePublished":"2023-08-31T23:11:54+00:00","dateModified":"2023-09-02T02:50:12+00:00","mainEntityOfPage":{"@id":"https:\/\/chileentinieblas.cl\/el-lamento-de-los-dioses-caidos-capitulo-3-vidar\/"},"wordCount":915,"commentCount":0,"publisher":{"@id":"https:\/\/chileentinieblas.cl\/#organization"},"image":{"@id":"https:\/\/chileentinieblas.cl\/el-lamento-de-los-dioses-caidos-capitulo-3-vidar\/#primaryimage"},"thumbnailUrl":"https:\/\/chileentinieblas.cl\/wp-content\/uploads\/2023\/08\/Chile_en_Tinieblas_cinematic_shot_group_of_animal_shapeshifters_55e920d3-0312-4b41-8218-3a8c607097d0.png","articleSection":["Historias"],"inLanguage":"en-US","potentialAction":[{"@type":"CommentAction","name":"Comment","target":["https:\/\/chileentinieblas.cl\/el-lamento-de-los-dioses-caidos-capitulo-3-vidar\/#respond"]}]},{"@type":"WebPage","@id":"https:\/\/chileentinieblas.cl\/el-lamento-de-los-dioses-caidos-capitulo-3-vidar\/","url":"https:\/\/chileentinieblas.cl\/el-lamento-de-los-dioses-caidos-capitulo-3-vidar\/","name":"El lamento de los dioses ca\u00eddos, capitulo 3: Vidar - Chile en Tinieblas","isPartOf":{"@id":"https:\/\/chileentinieblas.cl\/#website"},"primaryImageOfPage":{"@id":"https:\/\/chileentinieblas.cl\/el-lamento-de-los-dioses-caidos-capitulo-3-vidar\/#primaryimage"},"image":{"@id":"https:\/\/chileentinieblas.cl\/el-lamento-de-los-dioses-caidos-capitulo-3-vidar\/#primaryimage"},"thumbnailUrl":"https:\/\/chileentinieblas.cl\/wp-content\/uploads\/2023\/08\/Chile_en_Tinieblas_cinematic_shot_group_of_animal_shapeshifters_55e920d3-0312-4b41-8218-3a8c607097d0.png","datePublished":"2023-08-31T23:11:54+00:00","dateModified":"2023-09-02T02:50:12+00:00","breadcrumb":{"@id":"https:\/\/chileentinieblas.cl\/el-lamento-de-los-dioses-caidos-capitulo-3-vidar\/#breadcrumb"},"inLanguage":"en-US","potentialAction":[{"@type":"ReadAction","target":["https:\/\/chileentinieblas.cl\/el-lamento-de-los-dioses-caidos-capitulo-3-vidar\/"]}]},{"@type":"ImageObject","inLanguage":"en-US","@id":"https:\/\/chileentinieblas.cl\/el-lamento-de-los-dioses-caidos-capitulo-3-vidar\/#primaryimage","url":"https:\/\/chileentinieblas.cl\/wp-content\/uploads\/2023\/08\/Chile_en_Tinieblas_cinematic_shot_group_of_animal_shapeshifters_55e920d3-0312-4b41-8218-3a8c607097d0.png","contentUrl":"https:\/\/chileentinieblas.cl\/wp-content\/uploads\/2023\/08\/Chile_en_Tinieblas_cinematic_shot_group_of_animal_shapeshifters_55e920d3-0312-4b41-8218-3a8c607097d0.png","width":1472,"height":800},{"@type":"BreadcrumbList","@id":"https:\/\/chileentinieblas.cl\/el-lamento-de-los-dioses-caidos-capitulo-3-vidar\/#breadcrumb","itemListElement":[{"@type":"ListItem","position":1,"name":"Portada","item":"https:\/\/chileentinieblas.cl\/"},{"@type":"ListItem","position":2,"name":"El lamento de los dioses ca\u00eddos, capitulo 3: Vidar"}]},{"@type":"WebSite","@id":"https:\/\/chileentinieblas.cl\/#website","url":"https:\/\/chileentinieblas.cl\/","name":"Chile en Tinieblas","description":"Un servidor con mesas de rol de Mundo de Tinieblas","publisher":{"@id":"https:\/\/chileentinieblas.cl\/#organization"},"potentialAction":[{"@type":"SearchAction","target":{"@type":"EntryPoint","urlTemplate":"https:\/\/chileentinieblas.cl\/?s={search_term_string}"},"query-input":{"@type":"PropertyValueSpecification","valueRequired":true,"valueName":"search_term_string"}}],"inLanguage":"en-US"},{"@type":"Organization","@id":"https:\/\/chileentinieblas.cl\/#organization","name":"Chile en Tinieblas","url":"https:\/\/chileentinieblas.cl\/","logo":{"@type":"ImageObject","inLanguage":"en-US","@id":"https:\/\/chileentinieblas.cl\/#\/schema\/logo\/image\/","url":"https:\/\/chileentinieblas.cl\/wp-content\/uploads\/2021\/12\/logo-cet-claro.png","contentUrl":"https:\/\/chileentinieblas.cl\/wp-content\/uploads\/2021\/12\/logo-cet-claro.png","width":1001,"height":1030,"caption":"Chile en Tinieblas"},"image":{"@id":"https:\/\/chileentinieblas.cl\/#\/schema\/logo\/image\/"},"sameAs":["https:\/\/www.facebook.com\/ChileenTinieblas","https:\/\/www.instagram.com\/chileentinieblas\/","https:\/\/www.youtube.com\/@chileentinieblas","https:\/\/www.tiktok.com\/@chileentinieblas"]},{"@type":"Person","@id":"https:\/\/chileentinieblas.cl\/#\/schema\/person\/c2dcddefd4c4d26cda7ed496e818ddd2","name":"Pedro Rojas","image":{"@type":"ImageObject","inLanguage":"en-US","@id":"https:\/\/secure.gravatar.com\/avatar\/4c6c6eb5737fc3d9ce7342c687c161dd784209b952525fb2d1c0bd3871e47229?s=96&d=mm&r=g","url":"https:\/\/secure.gravatar.com\/avatar\/4c6c6eb5737fc3d9ce7342c687c161dd784209b952525fb2d1c0bd3871e47229?s=96&d=mm&r=g","contentUrl":"https:\/\/secure.gravatar.com\/avatar\/4c6c6eb5737fc3d9ce7342c687c161dd784209b952525fb2d1c0bd3871e47229?s=96&d=mm&r=g","caption":"Pedro Rojas"},"url":"https:\/\/chileentinieblas.cl\/en\/author\/gaia\/"}]}},"jetpack_sharing_enabled":true,"jetpack_featured_media_url":"https:\/\/chileentinieblas.cl\/wp-content\/uploads\/2023\/08\/Chile_en_Tinieblas_cinematic_shot_group_of_animal_shapeshifters_55e920d3-0312-4b41-8218-3a8c607097d0.png","_links":{"self":[{"href":"https:\/\/chileentinieblas.cl\/en\/wp-json\/wp\/v2\/posts\/4498","targetHints":{"allow":["GET"]}}],"collection":[{"href":"https:\/\/chileentinieblas.cl\/en\/wp-json\/wp\/v2\/posts"}],"about":[{"href":"https:\/\/chileentinieblas.cl\/en\/wp-json\/wp\/v2\/types\/post"}],"author":[{"embeddable":true,"href":"https:\/\/chileentinieblas.cl\/en\/wp-json\/wp\/v2\/users\/8"}],"replies":[{"embeddable":true,"href":"https:\/\/chileentinieblas.cl\/en\/wp-json\/wp\/v2\/comments?post=4498"}],"version-history":[{"count":15,"href":"https:\/\/chileentinieblas.cl\/en\/wp-json\/wp\/v2\/posts\/4498\/revisions"}],"predecessor-version":[{"id":4550,"href":"https:\/\/chileentinieblas.cl\/en\/wp-json\/wp\/v2\/posts\/4498\/revisions\/4550"}],"wp:featuredmedia":[{"embeddable":true,"href":"https:\/\/chileentinieblas.cl\/en\/wp-json\/wp\/v2\/media\/4515"}],"wp:attachment":[{"href":"https:\/\/chileentinieblas.cl\/en\/wp-json\/wp\/v2\/media?parent=4498"}],"wp:term":[{"taxonomy":"category","embeddable":true,"href":"https:\/\/chileentinieblas.cl\/en\/wp-json\/wp\/v2\/categories?post=4498"},{"taxonomy":"post_tag","embeddable":true,"href":"https:\/\/chileentinieblas.cl\/en\/wp-json\/wp\/v2\/tags?post=4498"},{"taxonomy":"juego","embeddable":true,"href":"https:\/\/chileentinieblas.cl\/en\/wp-json\/wp\/v2\/juego?post=4498"}],"curies":[{"name":"wp","href":"https:\/\/api.w.org\/{rel}","templated":true}]}}