{"id":4425,"date":"2023-08-27T14:49:22","date_gmt":"2023-08-27T14:49:22","guid":{"rendered":"https:\/\/chileentinieblas.cl\/?p=4425"},"modified":"2023-08-28T17:25:50","modified_gmt":"2023-08-28T17:25:50","slug":"el-lamento-de-los-dioses-caidos-capitulo-2-freyr","status":"publish","type":"post","link":"https:\/\/chileentinieblas.cl\/en\/el-lamento-de-los-dioses-caidos-capitulo-2-freyr\/","title":{"rendered":"El lamento de los dioses ca\u00eddos, cap\u00edtulo 2: Freyr"},"content":{"rendered":"<h2 class=\"wp-block-heading\">La profec\u00eda final<\/h2>\n\n\n\n<figure class=\"wp-block-image alignleft\"><img fetchpriority=\"high\" decoding=\"async\" width=\"428\" height=\"428\" src=\"https:\/\/chileentinieblas.cl\/wp-content\/uploads\/2023\/08\/chileentinieblas_A_male_adult_elf_with_a_stern_gaze_long_blonde_25e08091-f248-4161-a452-013018c0d5a1.png\" alt=\"\" class=\"wp-image-4471\" srcset=\"https:\/\/chileentinieblas.cl\/wp-content\/uploads\/2023\/08\/chileentinieblas_A_male_adult_elf_with_a_stern_gaze_long_blonde_25e08091-f248-4161-a452-013018c0d5a1.png 428w, https:\/\/chileentinieblas.cl\/wp-content\/uploads\/2023\/08\/chileentinieblas_A_male_adult_elf_with_a_stern_gaze_long_blonde_25e08091-f248-4161-a452-013018c0d5a1-300x300.png 300w, https:\/\/chileentinieblas.cl\/wp-content\/uploads\/2023\/08\/chileentinieblas_A_male_adult_elf_with_a_stern_gaze_long_blonde_25e08091-f248-4161-a452-013018c0d5a1-150x150.png 150w\" sizes=\"(max-width: 428px) 100vw, 428px\" \/><figcaption class=\"wp-element-caption\">Ivan Espada Sagrada, Rey de Santiago<\/figcaption><\/figure>\n\n\n\n<p class=\"wp-block-paragraph\">En las m\u00edsticas tierras de Santiago, donde los Kithain danzan al ritmo de las hebras del destino, una profec\u00eda ominosa anunci\u00f3 el fat\u00eddico destino del noble Gwydion. Las enigm\u00e1ticas hebras predec\u00edan que alguien perjudicado por el rey Iv\u00e1n le arrebatar\u00eda la vida con una espada maldita, desatando una cadena de acontecimientos que el monarca buscaba evitar a toda costa.<\/p>\n\n\n\n<p class=\"wp-block-paragraph\">Convoc\u00f3, pues, un conclave de Kithain en la majestuosa Casa Daireann. Figuras destacadas de las nobles casas y distinguidos seres m\u00e1gicos se reunieron para resolver esta inminente amenaza. Las sospechas apuntaban a dos hadas: Roldan, noble Sidhe Arcadiano y regente del Nido de Ara\u00f1as, y Gwydion disidente, quien acusaba al rey de ser una farsa sedienta de poder y generadora de graves cr\u00edmenes contra el ensue\u00f1o. Otro nombre que surgi\u00f3 fue Brancos, el S\u00e1tiro, Ex Capit\u00e1n del tren Hurac\u00e1n, condenado por un geas de infortunio que lo condenaba al fracaso en toda empresa.<\/p>\n\n\n\n<p class=\"wp-block-paragraph\">En medio de la reuni\u00f3n, Iv\u00e1n acus\u00f3 directamente a Roldan en busca de justicia por parte de Gwydion. Sin embargo, la Casa Daireann, en un acto de hospitalidad, restringi\u00f3 el juicio, lo que llev\u00f3 a un acuerdo: si Rold\u00e1n demostraba su inocencia, ser\u00edan ellos quienes buscar\u00edan a Brancos para interceptar el fat\u00eddico destino.<\/p>\n\n\n\n<h2 class=\"wp-block-heading\">La Espada Sagrada<\/h2>\n\n\n\n<figure class=\"wp-block-image size-full is-resized\"><img decoding=\"async\" src=\"https:\/\/chileentinieblas.cl\/wp-content\/uploads\/2023\/08\/Captura-3.jpg\" alt=\"\" class=\"wp-image-4483\" style=\"width:836px;height:432px\" width=\"836\" height=\"432\" srcset=\"https:\/\/chileentinieblas.cl\/wp-content\/uploads\/2023\/08\/Captura-3.jpg 660w, https:\/\/chileentinieblas.cl\/wp-content\/uploads\/2023\/08\/Captura-3-300x155.jpg 300w\" sizes=\"(max-width: 836px) 100vw, 836px\" \/><\/figure>\n\n\n\n<p class=\"wp-block-paragraph\">Aquellos que se pusieron en marcha en busca de Brancos, un grupo compuesto por seis kithain, miembros clandestinos de la &#8220;Sociedad del Octubre Negro&#8221; (SON), ya estaban al tanto de esta profec\u00eda. Sin embargo, Ivan no anticipaba que ser\u00eda Alister, el Sluagh, quien llevar\u00eda a cabo el fatal acto utilizando la legendaria espada nacida del terror de la invasi\u00f3n espa\u00f1ola a los antiguos pueblos. En su traves\u00eda, se encuentran con Kath, quien les insta a contactar con Vladimir Carleone, un mago perteneciente a la Orden de Hermes y tambi\u00e9n miembro de la SON. El objetivo es que, una vez regresen con Brancos, desencadenen el siniestro destino del rey de Santiago, perforando su coraz\u00f3n con la espada.<\/p>\n\n\n\n<p class=\"wp-block-paragraph\">Este grupo se re\u00fane con Vladimir en el Parque Forestal, donde les entrega la espada, ya forjada. Es en este momento que Alister se ve consumido por el poder maldito del arma. Un asesinato se cierne en el horizonte.<\/p>\n\n\n\n<p class=\"wp-block-paragraph\">Posteriormente, el grupo se embarca en la b\u00fasqueda del S\u00e1tiro perdido. El desventurado Brancos se ocultaba bajo el Puente Cal y Canto, utilizando sus habilidades para mantenerse en la sombra. Consciente de que todo lo que toca se marchita, Brancos accede a rega\u00f1adientes despu\u00e9s de una intensa disputa, quien no est\u00e1 completamente convencido. Sin embargo, el capit\u00e1n considera que su intervenci\u00f3n podr\u00eda evitar la muerte de Ivan.<\/p>\n\n\n\n<h2 class=\"wp-block-heading\">El C\u00e1liz de las Pesadillas<\/h2>\n\n\n\n<figure class=\"wp-block-image aligncenter size-full is-resized\"><img decoding=\"async\" src=\"https:\/\/chileentinieblas.cl\/wp-content\/uploads\/2023\/08\/Captura-2.jpg\" alt=\"\" class=\"wp-image-4475\" style=\"width:815px;height:449px\" width=\"815\" height=\"449\" srcset=\"https:\/\/chileentinieblas.cl\/wp-content\/uploads\/2023\/08\/Captura-2.jpg 659w, https:\/\/chileentinieblas.cl\/wp-content\/uploads\/2023\/08\/Captura-2-300x165.jpg 300w\" sizes=\"(max-width: 815px) 100vw, 815px\" \/><\/figure>\n\n\n\n<p class=\"wp-block-paragraph\">Tras la reuni\u00f3n, Iv\u00e1n solicita a un grupo de Kithains provenientes de diferentes regiones que se queden, ya que al no pertenecer a la ciudad de Santiago, no han tenido relaci\u00f3n con los posibles culpables y, por ende, no se han visto influenciados por sus palabras. Les comenta que su rol consiste en proteger a la ciudad del aumento constante de la banalidad y que, si bien cualquiera podr\u00eda asumir esa tarea al principio, la carga es demasiada y no ser\u00eda justo de su parte abandonar a su comunidad, seguidores y so\u00f1adores por un mero capricho del destino o por deshacerse de un problema para \u00e9l. Est\u00e1 dispuesto a cumplir el rol de un villano para que nadie m\u00e1s tenga que soportar ese peso en sus hombros.<\/p>\n\n\n\n<p class=\"wp-block-paragraph\">Al principio, los Kithains no le creen mucho, pero despu\u00e9s de analizar sus palabras, gestos e intenciones, se dan cuenta de que son verdaderas asi que le preguntan c\u00f3mo pueden ayudar. Iv\u00e1n toma un libro muy especial, uno que muestra la ubicaci\u00f3n del c\u00e1liz, y el grupo llega a la conclusi\u00f3n de que se encuentra en el pueblo de Pomaire, a las afueras de Santiago, mientras Eine entrega un preciado tesoro para la casa Eiluned: unas clavas pertenecientes a un querido miembro de su casa que sufri\u00f3 un fatal destino. Iv\u00e1n les entrega una carta escrita de su pu\u00f1o y letra, para que puedan demostrar la importancia de su misi\u00f3n.<\/p>\n\n\n\n<p class=\"wp-block-paragraph\">El camino en s\u00ed no era complicado, sin embargo, se ven obligados a utilizar medios de transporte como el metro y la locomoci\u00f3n interurbana, comprobando la excesiva banalidad que se encuentra en cada lugar por donde se desplazan, incluso llegando a casi abandonar la misi\u00f3n. Tras enfrentarse a situaciones cotidianas de los santiaguinos, logran sobrevivir al viaje en el metro.<\/p>\n\n\n\n<p class=\"wp-block-paragraph\">Luego, por medios algo dudosos y poco convencionales, logran sobrevivir al viaje en la micro que los llevar\u00eda a su destino. Al llegar a Pomaire, se encuentran con Don Salvador, un anciano artesano de greda en la entrada del pueblo. Sin embargo, mientras intentan obtener informaci\u00f3n, descubren que todo lo relacionado con el poderoso c\u00e1liz ha sido borrado de su memoria. En ese mismo lugar, conocen a Nacho, un Inanimae que produce la cerveza artesanal local, quien los gu\u00eda y acompa\u00f1a hacia el feudo local, el Taller de la Greda, perteneciente a la casa Dougal.<\/p>\n\n\n\n<p class=\"wp-block-paragraph\">Este lugar del ensue\u00f1o parece ser una sala de ventas con un taller para diferentes creaciones artesanales, y son recibidos por Nerissa, una simp\u00e1tica Piskie que les comenta que el c\u00e1liz no est\u00e1 en poder de la casa. De hecho, la \u00faltima vez que lo vieron fue hace unos meses, pero probablemente Terrabrisa, otra Inanimae que custodia el claro local, podr\u00eda tener informaci\u00f3n sobre su paradero. Debido al poder que representa este objeto, buscan a Dorian, el Nocker del Feudo, para que confeccione un recipiente para su traslado, sin considerar el car\u00e1cter del Kithain, quien, como de costumbre, se encontraba discutiendo con otro Inanimae, culp\u00e1ndolo de todos sus males.<\/p>\n\n\n\n<p class=\"wp-block-paragraph\">Despu\u00e9s de varias negativas, Dorian accede finalmente a crear y entregarles una caja de transporte, y el grupo se dirige al Claro. Terrabrisa los recibe muy cort\u00e9smente y les ofrece ingresar a su ancla, pregunt\u00e1ndoles para qu\u00e9 desean el c\u00e1liz, ya que es un objeto extremadamente peligroso que hab\u00eda ca\u00eddo en malas manos anteriormente, y no estaba de acuerdo con entregar algo de tal magnitud sin m\u00e1s. Sin embargo, cuando el grupo menciona que vienen de parte de Iv\u00e1n Espadasagrada, el Rey de Santiago, ella se muestra m\u00e1s dispuesta a negociar, toma la carta emitida por Iv\u00e1n y la fusiona con el poderoso objeto, asegur\u00e1ndose de que el c\u00e1liz llegue a las manos del regente.<\/p>\n\n\n\n<p class=\"wp-block-paragraph\">El grupo agradece a la Inanimae y regresa a la casa Daireann para entregar lo que se les hab\u00eda encomendado al rey.<\/p>\n\n\n\n<h2 class=\"wp-block-heading\">La Espada Sagrada vs El C\u00e1liz de las Pesadillas<\/h2>\n\n\n\n<p class=\"wp-block-paragraph\">Una vez m\u00e1s, los protagonistas se re\u00fanen en la morada de Daireann. En esta ocasi\u00f3n, los defensores del rey, confundidos y perplejos, presencian c\u00f3mo Ivan rompe el juramento de hospitalidad, invocando el poder del c\u00e1liz para maldecir a Rold\u00e1n y as\u00ed poner fin a la amenaza que representa. Con el fin de detener el asedio de los miembros de la SON, Ivan recurre a un acto dr\u00e1stico: utiliza a la hija de Rold\u00e1n para doblegarlo y someterlo a su voluntad en medio del enfrentamiento.<\/p>\n\n\n\n<p class=\"wp-block-paragraph\">En una jugada audaz y definitiva, Rold\u00e1n presenta un tesoro conocido como la <strong>Gema Escarcha<\/strong>, la cual emplea para intervenir en la tragedia que amenaza la vida de su hija. En este acto, pronuncia un juramento de exilio, comprometi\u00e9ndose a retirarse a los abismos del ensue\u00f1o m\u00e1s profundo.<\/p>\n\n\n\n<p class=\"wp-block-paragraph\">Mientras tanto, el grupo encargado de proteger a Ivan emprende una b\u00fasqueda deliberada de los tesoros oscuros, <strong>la Espada y el C\u00e1liz<\/strong>, invocando el poder del ensue\u00f1o para controlar la situaci\u00f3n. Sin embargo, subestiman la insidiosa naturaleza de estos tesoros, ya que su posesi\u00f3n conlleva un alto precio.<\/p>\n\n\n\n<p class=\"wp-block-paragraph\">El destino de la espada y el c\u00e1liz queda entregado al azar. En una acci\u00f3n conjunta, Alister y su compa\u00f1era Valikaru evocan el mism\u00edsimo ensue\u00f1o para materializar el fat\u00eddico desenlace: Ivan cae v\u00edctima del arma maldita, empalado por ella.<\/p>\n\n\n\n<h2 class=\"wp-block-heading\">El Glamour se desvanece<\/h2>\n\n\n\n<figure class=\"wp-block-image size-full is-resized\"><img loading=\"lazy\" decoding=\"async\" src=\"https:\/\/chileentinieblas.cl\/wp-content\/uploads\/2023\/08\/Captura-5.jpg\" alt=\"\" class=\"wp-image-4488\" style=\"width:840px;height:270px\" width=\"840\" height=\"270\" \/><\/figure>\n\n\n\n<p class=\"wp-block-paragraph\">Aquellos Kithain que lograron recuperar el c\u00e1liz abren un portal que los transporta a Iquique, habiendo adquirido control sobre \u00e9l. Utilizando sus asombrosas habilidades, se desvinculan de la situaci\u00f3n, dejando el c\u00e1liz en Iquique y alej\u00e1ndose de los problemas. El reinado del rey en Santiago ha llegado a su fin, pero los sue\u00f1os persisten.<\/p>\n\n\n\n<p class=\"wp-block-paragraph\">Paralelamente, los responsables de la muerte del rey de Santiago son condenados por la casa Daireann, vetados de por vida y acusados de traici\u00f3n por haber atentado contra la hija de Rold\u00e1n. Como muestra de apoyo a Sof\u00eda, la joven heredera, le ofrecen una flor impregnada de glamour, obtenida de los abismos del ensue\u00f1o profundo.<\/p>\n\n\n\n<p class=\"wp-block-paragraph\">El saldo para la SON es agridulce: si bien lograron eliminar al rey, perdieron la Gema Escarcha; si bien deshicieron a Rold\u00e1n, consiguieron sembrar la discordia en la ciudad, provocando el caos necesario para alg\u00fan prop\u00f3sito mayor.<\/p>\n\n\n\n<p class=\"wp-block-paragraph\">En el reino de las hadas, <strong>se avecinan tiempos turbulentos<\/strong>.<\/p>\n\n\n\n<p class=\"wp-block-paragraph\"><\/p>\n\n\n\n<hr class=\"wp-block-separator has-alpha-channel-opacity\" \/>\n\n\n\n<p class=\"wp-block-paragraph\"><\/p>\n\n\n\n<p class=\"wp-block-paragraph\"><\/p>\n\n\n\n<p class=\"wp-block-paragraph\"><em>* Im\u00e1genes hechas por Midjourney gracias al auspicio de Space Fantasy<\/em><\/p>","protected":false},"excerpt":{"rendered":"<p>Segundo relato del evento &#8220;El lamento de los dioses ca\u00eddos&#8221; de Changeling el Ensue\u00f1o<\/p>","protected":false},"author":20,"featured_media":4427,"comment_status":"open","ping_status":"open","sticky":false,"template":"","format":"standard","meta":{"_acf_changed":false,"inline_featured_image":false,"_monsterinsights_skip_tracking":false,"_jetpack_newsletter_access":"","_jetpack_dont_email_post_to_subs":false,"_jetpack_newsletter_tier_id":0,"_jetpack_memberships_contains_paywalled_content":false,"fifu_image_url":"","fifu_image_alt":"","_jetpack_feature_clip_id":0,"_jetpack_memberships_contains_paid_content":false,"footnotes":"","jetpack_post_was_ever_published":false},"categories":[134],"tags":[],"juego":[131],"class_list":["post-4425","post","type-post","status-publish","format-standard","has-post-thumbnail","hentry","category-historias","juego-changeling-el-ensueno"],"acf":[],"yoast_head":"<!-- This site is optimized with the Yoast SEO plugin v28.4 - https:\/\/yoast.com\/product\/yoast-seo-wordpress\/ -->\n<title>El lamento de los dioses ca\u00eddos, cap\u00edtulo 2: Freyr - Chile en Tinieblas<\/title>\n<meta name=\"robots\" content=\"index, follow, max-snippet:-1, max-image-preview:large, max-video-preview:-1\" \/>\n<link rel=\"canonical\" href=\"https:\/\/chileentinieblas.cl\/en\/el-lamento-de-los-dioses-caidos-capitulo-2-freyr\/\" \/>\n<meta property=\"og:locale\" content=\"en_US\" \/>\n<meta property=\"og:type\" content=\"article\" \/>\n<meta property=\"og:title\" content=\"El lamento de los dioses ca\u00eddos, cap\u00edtulo 2: Freyr - Chile en Tinieblas\" \/>\n<meta property=\"og:description\" content=\"Segundo relato del evento &quot;El lamento de los dioses ca\u00eddos&quot; de Changeling el Ensue\u00f1o\" \/>\n<meta property=\"og:url\" content=\"https:\/\/chileentinieblas.cl\/en\/el-lamento-de-los-dioses-caidos-capitulo-2-freyr\/\" \/>\n<meta property=\"og:site_name\" content=\"Chile en Tinieblas\" \/>\n<meta property=\"article:publisher\" content=\"https:\/\/www.facebook.com\/ChileenTinieblas\" \/>\n<meta property=\"article:published_time\" content=\"2023-08-27T14:49:22+00:00\" \/>\n<meta property=\"article:modified_time\" content=\"2023-08-28T17:25:50+00:00\" \/>\n<meta property=\"og:image\" content=\"https:\/\/chileentinieblas.cl\/wp-content\/uploads\/2023\/08\/Tainted-Grail-Site-pagina-do-jogo-1024x432.png\" \/>\n\t<meta property=\"og:image:width\" content=\"1024\" \/>\n\t<meta property=\"og:image:height\" content=\"432\" \/>\n\t<meta property=\"og:image:type\" content=\"image\/png\" \/>\n<meta name=\"author\" content=\"Tom\u00e1s Merino\" \/>\n<meta name=\"twitter:card\" content=\"summary_large_image\" \/>\n<meta name=\"twitter:label1\" content=\"Written by\" \/>\n\t<meta name=\"twitter:data1\" content=\"Tom\u00e1s Merino\" \/>\n\t<meta name=\"twitter:label2\" content=\"Est. reading time\" \/>\n\t<meta name=\"twitter:data2\" content=\"8 minutes\" \/>\n<script type=\"application\/ld+json\" class=\"yoast-schema-graph\">{\"@context\":\"https:\\\/\\\/schema.org\",\"@graph\":[{\"@type\":\"Article\",\"@id\":\"https:\\\/\\\/chileentinieblas.cl\\\/el-lamento-de-los-dioses-caidos-capitulo-2-freyr\\\/#article\",\"isPartOf\":{\"@id\":\"https:\\\/\\\/chileentinieblas.cl\\\/el-lamento-de-los-dioses-caidos-capitulo-2-freyr\\\/\"},\"author\":{\"name\":\"Tom\u00e1s Merino\",\"@id\":\"https:\\\/\\\/chileentinieblas.cl\\\/#\\\/schema\\\/person\\\/f44a2cf8a042bfe48da2691e64b76c6b\"},\"headline\":\"El lamento de los dioses ca\u00eddos, cap\u00edtulo 2: Freyr\",\"datePublished\":\"2023-08-27T14:49:22+00:00\",\"dateModified\":\"2023-08-28T17:25:50+00:00\",\"mainEntityOfPage\":{\"@id\":\"https:\\\/\\\/chileentinieblas.cl\\\/el-lamento-de-los-dioses-caidos-capitulo-2-freyr\\\/\"},\"wordCount\":1609,\"commentCount\":1,\"publisher\":{\"@id\":\"https:\\\/\\\/chileentinieblas.cl\\\/#organization\"},\"image\":{\"@id\":\"https:\\\/\\\/chileentinieblas.cl\\\/el-lamento-de-los-dioses-caidos-capitulo-2-freyr\\\/#primaryimage\"},\"thumbnailUrl\":\"https:\\\/\\\/chileentinieblas.cl\\\/wp-content\\\/uploads\\\/2023\\\/08\\\/Tainted-Grail-Site-pagina-do-jogo.png\",\"articleSection\":[\"Historias\"],\"inLanguage\":\"en-US\",\"potentialAction\":[{\"@type\":\"CommentAction\",\"name\":\"Comment\",\"target\":[\"https:\\\/\\\/chileentinieblas.cl\\\/el-lamento-de-los-dioses-caidos-capitulo-2-freyr\\\/#respond\"]}]},{\"@type\":\"WebPage\",\"@id\":\"https:\\\/\\\/chileentinieblas.cl\\\/el-lamento-de-los-dioses-caidos-capitulo-2-freyr\\\/\",\"url\":\"https:\\\/\\\/chileentinieblas.cl\\\/el-lamento-de-los-dioses-caidos-capitulo-2-freyr\\\/\",\"name\":\"El lamento de los dioses ca\u00eddos, cap\u00edtulo 2: Freyr - Chile en Tinieblas\",\"isPartOf\":{\"@id\":\"https:\\\/\\\/chileentinieblas.cl\\\/#website\"},\"primaryImageOfPage\":{\"@id\":\"https:\\\/\\\/chileentinieblas.cl\\\/el-lamento-de-los-dioses-caidos-capitulo-2-freyr\\\/#primaryimage\"},\"image\":{\"@id\":\"https:\\\/\\\/chileentinieblas.cl\\\/el-lamento-de-los-dioses-caidos-capitulo-2-freyr\\\/#primaryimage\"},\"thumbnailUrl\":\"https:\\\/\\\/chileentinieblas.cl\\\/wp-content\\\/uploads\\\/2023\\\/08\\\/Tainted-Grail-Site-pagina-do-jogo.png\",\"datePublished\":\"2023-08-27T14:49:22+00:00\",\"dateModified\":\"2023-08-28T17:25:50+00:00\",\"breadcrumb\":{\"@id\":\"https:\\\/\\\/chileentinieblas.cl\\\/el-lamento-de-los-dioses-caidos-capitulo-2-freyr\\\/#breadcrumb\"},\"inLanguage\":\"en-US\",\"potentialAction\":[{\"@type\":\"ReadAction\",\"target\":[\"https:\\\/\\\/chileentinieblas.cl\\\/el-lamento-de-los-dioses-caidos-capitulo-2-freyr\\\/\"]}]},{\"@type\":\"ImageObject\",\"inLanguage\":\"en-US\",\"@id\":\"https:\\\/\\\/chileentinieblas.cl\\\/el-lamento-de-los-dioses-caidos-capitulo-2-freyr\\\/#primaryimage\",\"url\":\"https:\\\/\\\/chileentinieblas.cl\\\/wp-content\\\/uploads\\\/2023\\\/08\\\/Tainted-Grail-Site-pagina-do-jogo.png\",\"contentUrl\":\"https:\\\/\\\/chileentinieblas.cl\\\/wp-content\\\/uploads\\\/2023\\\/08\\\/Tainted-Grail-Site-pagina-do-jogo.png\",\"width\":1921,\"height\":810},{\"@type\":\"BreadcrumbList\",\"@id\":\"https:\\\/\\\/chileentinieblas.cl\\\/el-lamento-de-los-dioses-caidos-capitulo-2-freyr\\\/#breadcrumb\",\"itemListElement\":[{\"@type\":\"ListItem\",\"position\":1,\"name\":\"Portada\",\"item\":\"https:\\\/\\\/chileentinieblas.cl\\\/\"},{\"@type\":\"ListItem\",\"position\":2,\"name\":\"El lamento de los dioses ca\u00eddos, cap\u00edtulo 2: Freyr\"}]},{\"@type\":\"WebSite\",\"@id\":\"https:\\\/\\\/chileentinieblas.cl\\\/#website\",\"url\":\"https:\\\/\\\/chileentinieblas.cl\\\/\",\"name\":\"Chile en Tinieblas\",\"description\":\"Un servidor con mesas de rol de Mundo de Tinieblas\",\"publisher\":{\"@id\":\"https:\\\/\\\/chileentinieblas.cl\\\/#organization\"},\"potentialAction\":[{\"@type\":\"SearchAction\",\"target\":{\"@type\":\"EntryPoint\",\"urlTemplate\":\"https:\\\/\\\/chileentinieblas.cl\\\/?s={search_term_string}\"},\"query-input\":{\"@type\":\"PropertyValueSpecification\",\"valueRequired\":true,\"valueName\":\"search_term_string\"}}],\"inLanguage\":\"en-US\"},{\"@type\":\"Organization\",\"@id\":\"https:\\\/\\\/chileentinieblas.cl\\\/#organization\",\"name\":\"Chile en Tinieblas\",\"url\":\"https:\\\/\\\/chileentinieblas.cl\\\/\",\"logo\":{\"@type\":\"ImageObject\",\"inLanguage\":\"en-US\",\"@id\":\"https:\\\/\\\/chileentinieblas.cl\\\/#\\\/schema\\\/logo\\\/image\\\/\",\"url\":\"https:\\\/\\\/chileentinieblas.cl\\\/wp-content\\\/uploads\\\/2021\\\/12\\\/logo-cet-claro.png\",\"contentUrl\":\"https:\\\/\\\/chileentinieblas.cl\\\/wp-content\\\/uploads\\\/2021\\\/12\\\/logo-cet-claro.png\",\"width\":1001,\"height\":1030,\"caption\":\"Chile en Tinieblas\"},\"image\":{\"@id\":\"https:\\\/\\\/chileentinieblas.cl\\\/#\\\/schema\\\/logo\\\/image\\\/\"},\"sameAs\":[\"https:\\\/\\\/www.facebook.com\\\/ChileenTinieblas\",\"https:\\\/\\\/www.instagram.com\\\/chileentinieblas\\\/\",\"https:\\\/\\\/www.youtube.com\\\/@chileentinieblas\",\"https:\\\/\\\/www.tiktok.com\\\/@chileentinieblas\"]},{\"@type\":\"Person\",\"@id\":\"https:\\\/\\\/chileentinieblas.cl\\\/#\\\/schema\\\/person\\\/f44a2cf8a042bfe48da2691e64b76c6b\",\"name\":\"Tom\u00e1s Merino\",\"image\":{\"@type\":\"ImageObject\",\"inLanguage\":\"en-US\",\"@id\":\"https:\\\/\\\/secure.gravatar.com\\\/avatar\\\/0bc7bf32b29902b661b19394d330baa28ff321960c04804e514cc387ccc29d4c?s=96&d=mm&r=g\",\"url\":\"https:\\\/\\\/secure.gravatar.com\\\/avatar\\\/0bc7bf32b29902b661b19394d330baa28ff321960c04804e514cc387ccc29d4c?s=96&d=mm&r=g\",\"contentUrl\":\"https:\\\/\\\/secure.gravatar.com\\\/avatar\\\/0bc7bf32b29902b661b19394d330baa28ff321960c04804e514cc387ccc29d4c?s=96&d=mm&r=g\",\"caption\":\"Tom\u00e1s Merino\"},\"sameAs\":[\"https:\\\/\\\/en.gravatar.com\\\/profiles\\\/edit#your-links\"],\"url\":\"https:\\\/\\\/chileentinieblas.cl\\\/en\\\/author\\\/tmerino\\\/\"}]}<\/script>\n<!-- \/ Yoast SEO plugin. -->","yoast_head_json":{"title":"El lamento de los dioses ca\u00eddos, cap\u00edtulo 2: Freyr - Chile en Tinieblas","robots":{"index":"index","follow":"follow","max-snippet":"max-snippet:-1","max-image-preview":"max-image-preview:large","max-video-preview":"max-video-preview:-1"},"canonical":"https:\/\/chileentinieblas.cl\/en\/el-lamento-de-los-dioses-caidos-capitulo-2-freyr\/","og_locale":"en_US","og_type":"article","og_title":"El lamento de los dioses ca\u00eddos, cap\u00edtulo 2: Freyr - Chile en Tinieblas","og_description":"Segundo relato del evento \"El lamento de los dioses ca\u00eddos\" de Changeling el Ensue\u00f1o","og_url":"https:\/\/chileentinieblas.cl\/en\/el-lamento-de-los-dioses-caidos-capitulo-2-freyr\/","og_site_name":"Chile en Tinieblas","article_publisher":"https:\/\/www.facebook.com\/ChileenTinieblas","article_published_time":"2023-08-27T14:49:22+00:00","article_modified_time":"2023-08-28T17:25:50+00:00","og_image":[{"width":1024,"height":432,"url":"https:\/\/chileentinieblas.cl\/wp-content\/uploads\/2023\/08\/Tainted-Grail-Site-pagina-do-jogo-1024x432.png","type":"image\/png"}],"author":"Tom\u00e1s Merino","twitter_card":"summary_large_image","twitter_misc":{"Written by":"Tom\u00e1s Merino","Est. reading time":"8 minutes"},"schema":{"@context":"https:\/\/schema.org","@graph":[{"@type":"Article","@id":"https:\/\/chileentinieblas.cl\/el-lamento-de-los-dioses-caidos-capitulo-2-freyr\/#article","isPartOf":{"@id":"https:\/\/chileentinieblas.cl\/el-lamento-de-los-dioses-caidos-capitulo-2-freyr\/"},"author":{"name":"Tom\u00e1s Merino","@id":"https:\/\/chileentinieblas.cl\/#\/schema\/person\/f44a2cf8a042bfe48da2691e64b76c6b"},"headline":"El lamento de los dioses ca\u00eddos, cap\u00edtulo 2: Freyr","datePublished":"2023-08-27T14:49:22+00:00","dateModified":"2023-08-28T17:25:50+00:00","mainEntityOfPage":{"@id":"https:\/\/chileentinieblas.cl\/el-lamento-de-los-dioses-caidos-capitulo-2-freyr\/"},"wordCount":1609,"commentCount":1,"publisher":{"@id":"https:\/\/chileentinieblas.cl\/#organization"},"image":{"@id":"https:\/\/chileentinieblas.cl\/el-lamento-de-los-dioses-caidos-capitulo-2-freyr\/#primaryimage"},"thumbnailUrl":"https:\/\/chileentinieblas.cl\/wp-content\/uploads\/2023\/08\/Tainted-Grail-Site-pagina-do-jogo.png","articleSection":["Historias"],"inLanguage":"en-US","potentialAction":[{"@type":"CommentAction","name":"Comment","target":["https:\/\/chileentinieblas.cl\/el-lamento-de-los-dioses-caidos-capitulo-2-freyr\/#respond"]}]},{"@type":"WebPage","@id":"https:\/\/chileentinieblas.cl\/el-lamento-de-los-dioses-caidos-capitulo-2-freyr\/","url":"https:\/\/chileentinieblas.cl\/el-lamento-de-los-dioses-caidos-capitulo-2-freyr\/","name":"El lamento de los dioses ca\u00eddos, cap\u00edtulo 2: Freyr - Chile en Tinieblas","isPartOf":{"@id":"https:\/\/chileentinieblas.cl\/#website"},"primaryImageOfPage":{"@id":"https:\/\/chileentinieblas.cl\/el-lamento-de-los-dioses-caidos-capitulo-2-freyr\/#primaryimage"},"image":{"@id":"https:\/\/chileentinieblas.cl\/el-lamento-de-los-dioses-caidos-capitulo-2-freyr\/#primaryimage"},"thumbnailUrl":"https:\/\/chileentinieblas.cl\/wp-content\/uploads\/2023\/08\/Tainted-Grail-Site-pagina-do-jogo.png","datePublished":"2023-08-27T14:49:22+00:00","dateModified":"2023-08-28T17:25:50+00:00","breadcrumb":{"@id":"https:\/\/chileentinieblas.cl\/el-lamento-de-los-dioses-caidos-capitulo-2-freyr\/#breadcrumb"},"inLanguage":"en-US","potentialAction":[{"@type":"ReadAction","target":["https:\/\/chileentinieblas.cl\/el-lamento-de-los-dioses-caidos-capitulo-2-freyr\/"]}]},{"@type":"ImageObject","inLanguage":"en-US","@id":"https:\/\/chileentinieblas.cl\/el-lamento-de-los-dioses-caidos-capitulo-2-freyr\/#primaryimage","url":"https:\/\/chileentinieblas.cl\/wp-content\/uploads\/2023\/08\/Tainted-Grail-Site-pagina-do-jogo.png","contentUrl":"https:\/\/chileentinieblas.cl\/wp-content\/uploads\/2023\/08\/Tainted-Grail-Site-pagina-do-jogo.png","width":1921,"height":810},{"@type":"BreadcrumbList","@id":"https:\/\/chileentinieblas.cl\/el-lamento-de-los-dioses-caidos-capitulo-2-freyr\/#breadcrumb","itemListElement":[{"@type":"ListItem","position":1,"name":"Portada","item":"https:\/\/chileentinieblas.cl\/"},{"@type":"ListItem","position":2,"name":"El lamento de los dioses ca\u00eddos, cap\u00edtulo 2: Freyr"}]},{"@type":"WebSite","@id":"https:\/\/chileentinieblas.cl\/#website","url":"https:\/\/chileentinieblas.cl\/","name":"Chile en Tinieblas","description":"Un servidor con mesas de rol de Mundo de Tinieblas","publisher":{"@id":"https:\/\/chileentinieblas.cl\/#organization"},"potentialAction":[{"@type":"SearchAction","target":{"@type":"EntryPoint","urlTemplate":"https:\/\/chileentinieblas.cl\/?s={search_term_string}"},"query-input":{"@type":"PropertyValueSpecification","valueRequired":true,"valueName":"search_term_string"}}],"inLanguage":"en-US"},{"@type":"Organization","@id":"https:\/\/chileentinieblas.cl\/#organization","name":"Chile en Tinieblas","url":"https:\/\/chileentinieblas.cl\/","logo":{"@type":"ImageObject","inLanguage":"en-US","@id":"https:\/\/chileentinieblas.cl\/#\/schema\/logo\/image\/","url":"https:\/\/chileentinieblas.cl\/wp-content\/uploads\/2021\/12\/logo-cet-claro.png","contentUrl":"https:\/\/chileentinieblas.cl\/wp-content\/uploads\/2021\/12\/logo-cet-claro.png","width":1001,"height":1030,"caption":"Chile en Tinieblas"},"image":{"@id":"https:\/\/chileentinieblas.cl\/#\/schema\/logo\/image\/"},"sameAs":["https:\/\/www.facebook.com\/ChileenTinieblas","https:\/\/www.instagram.com\/chileentinieblas\/","https:\/\/www.youtube.com\/@chileentinieblas","https:\/\/www.tiktok.com\/@chileentinieblas"]},{"@type":"Person","@id":"https:\/\/chileentinieblas.cl\/#\/schema\/person\/f44a2cf8a042bfe48da2691e64b76c6b","name":"Tom\u00e1s Merino","image":{"@type":"ImageObject","inLanguage":"en-US","@id":"https:\/\/secure.gravatar.com\/avatar\/0bc7bf32b29902b661b19394d330baa28ff321960c04804e514cc387ccc29d4c?s=96&d=mm&r=g","url":"https:\/\/secure.gravatar.com\/avatar\/0bc7bf32b29902b661b19394d330baa28ff321960c04804e514cc387ccc29d4c?s=96&d=mm&r=g","contentUrl":"https:\/\/secure.gravatar.com\/avatar\/0bc7bf32b29902b661b19394d330baa28ff321960c04804e514cc387ccc29d4c?s=96&d=mm&r=g","caption":"Tom\u00e1s Merino"},"sameAs":["https:\/\/en.gravatar.com\/profiles\/edit#your-links"],"url":"https:\/\/chileentinieblas.cl\/en\/author\/tmerino\/"}]}},"jetpack_sharing_enabled":true,"jetpack_featured_media_url":"https:\/\/chileentinieblas.cl\/wp-content\/uploads\/2023\/08\/Tainted-Grail-Site-pagina-do-jogo.png","_links":{"self":[{"href":"https:\/\/chileentinieblas.cl\/en\/wp-json\/wp\/v2\/posts\/4425","targetHints":{"allow":["GET"]}}],"collection":[{"href":"https:\/\/chileentinieblas.cl\/en\/wp-json\/wp\/v2\/posts"}],"about":[{"href":"https:\/\/chileentinieblas.cl\/en\/wp-json\/wp\/v2\/types\/post"}],"author":[{"embeddable":true,"href":"https:\/\/chileentinieblas.cl\/en\/wp-json\/wp\/v2\/users\/20"}],"replies":[{"embeddable":true,"href":"https:\/\/chileentinieblas.cl\/en\/wp-json\/wp\/v2\/comments?post=4425"}],"version-history":[{"count":24,"href":"https:\/\/chileentinieblas.cl\/en\/wp-json\/wp\/v2\/posts\/4425\/revisions"}],"predecessor-version":[{"id":4551,"href":"https:\/\/chileentinieblas.cl\/en\/wp-json\/wp\/v2\/posts\/4425\/revisions\/4551"}],"wp:featuredmedia":[{"embeddable":true,"href":"https:\/\/chileentinieblas.cl\/en\/wp-json\/wp\/v2\/media\/4427"}],"wp:attachment":[{"href":"https:\/\/chileentinieblas.cl\/en\/wp-json\/wp\/v2\/media?parent=4425"}],"wp:term":[{"taxonomy":"category","embeddable":true,"href":"https:\/\/chileentinieblas.cl\/en\/wp-json\/wp\/v2\/categories?post=4425"},{"taxonomy":"post_tag","embeddable":true,"href":"https:\/\/chileentinieblas.cl\/en\/wp-json\/wp\/v2\/tags?post=4425"},{"taxonomy":"juego","embeddable":true,"href":"https:\/\/chileentinieblas.cl\/en\/wp-json\/wp\/v2\/juego?post=4425"}],"curies":[{"name":"wp","href":"https:\/\/api.w.org\/{rel}","templated":true}]}}