{"id":4166,"date":"2023-06-07T20:39:41","date_gmt":"2023-06-07T20:39:41","guid":{"rendered":"https:\/\/chileentinieblas.cl\/?p=4166"},"modified":"2025-10-29T18:45:13","modified_gmt":"2025-10-29T18:45:13","slug":"sobre-la-guerra-contra-los-cuerpos-nueutros","status":"publish","type":"post","link":"https:\/\/chileentinieblas.cl\/en\/sobre-la-guerra-contra-los-cuerpos-nueutros\/","title":{"rendered":"Sobre la guerra contra los cuerpos neutros"},"content":{"rendered":"<h3 class=\"wp-block-heading\">2019<\/h3>\n\n\n\n<p class=\"wp-block-paragraph\">Estamos en un entorno de misterio y peligro inminente, donde los secretos se mantienen a resguardo detr\u00e1s de paredes de silencio. De alguna manera, he logrado infiltrarme en este mundo oscuro para narrarles una historia de lucha, poder y miedo. Soy Bruno Mancera, Prefecto de operaciones especiales de la PDI, y esto, mis queridos oyentes, es el caso de la Coalici\u00f3n.<\/p>\n\n\n\n<p class=\"wp-block-paragraph\">Santiago, 7 de enero del 2019. Hemos comenzado a descubrir conversaciones codificadas que hablan de dos figuras misteriosas, conocidas solo como &#8220;los maestros&#8221;. Aparentemente, dan informaci\u00f3n valiosa sobre dep\u00f3sitos de coca\u00edna, pero la realidad es mucho m\u00e1s oscura. Aquellos que intervienen en estos casos comienzan a mostrar signos de enfermedad mental &#8211; p\u00e9rdida de memoria, estr\u00e9s post traum\u00e1tico, crisis de p\u00e1nico, depresi\u00f3n. Algunos incluso han sido encontrados muertos, con marcas de mordidas en sus cuerpos.<\/p>\n\n\n\n<p class=\"wp-block-paragraph\">Uno de estos &#8220;maestros&#8221; ha sido identificado como Dominic Scheck, tambi\u00e9n conocido como &#8220;el ventro&#8221;. Este hombre es un enigma, pareciendo no generar calor y rodeado por una guardia personal compuesta por personas igualmente p\u00e1lidas y fr\u00edas. \u00bfQu\u00e9 es lo que realmente est\u00e1 sucediendo aqu\u00ed?<\/p>\n\n\n\n<p class=\"wp-block-paragraph\">M\u00e1s tarde, el 28 de enero, recibimos una carta de un tal Padre Adriano Manccini. Seg\u00fan \u00e9l, estamos tratando con vampiros. Sin embargo, en la agencia creemos que es m\u00e1s probable que estemos enfrentando a un arma biol\u00f3gica desarrollada por anarquistas radicales. Este caso est\u00e1 lejos de ser ordinario, y la verdad es tan escurridiza como un rayo de luna en una noche de niebla.<\/p>\n\n\n\n<p class=\"wp-block-paragraph\">El 5 de febrero nos enteramos de la existencia de los &#8220;cuerpos neutros&#8221;, seres supuestamente peligrosos con habilidades sobrenaturales. Gracias al Padre Adriano, hemos dise\u00f1ado una serie de t\u00e1cticas para combatir estas amenazas, pero su eficacia a\u00fan est\u00e1 por verse. Para nosotros, estas criaturas son una amenaza para el Estado y la seguridad del pa\u00eds.<\/p>\n\n\n\n<p class=\"wp-block-paragraph\">El 9 de marzo, despu\u00e9s de mucha investigaci\u00f3n y paciencia, finalmente logramos infiltrarnos en uno de estos nidos de criaturas. La entrevista resultante es tan desconcertante como esper\u00e1bamos. A pesar de nuestras t\u00e9cnicas de interrogatorio, el sujeto se niega a colaborar, resistiendo incluso a nuestras drogas de interrogaci\u00f3n.<\/p>\n\n\n\n<p class=\"wp-block-paragraph\">Esto, amigos m\u00edos, es solo el comienzo. La verdad sobre los &#8220;cuerpos neutros&#8221; todav\u00eda est\u00e1 por descubrirse. \u00bfSon vampiros, como sugiere el Padre Adriano, o algo completamente distinto? \u00bfSon un arma de destrucci\u00f3n masiva en manos de anarquistas, o simplemente un mito creado para sembrar miedo?<\/p>\n\n\n\n<p class=\"wp-block-paragraph\">El 9 de marzo del 2019, intentamos interrogar a uno de estos seres, pero las cosas se volvieron violentas r\u00e1pidamente. El sujeto se liber\u00f3 y se volvi\u00f3 agresivo, sin embargo, antes de que pudi\u00e9ramos intervenir, el padre Adriano lo redujo a cenizas con fuego. Aunque esta acci\u00f3n nos priv\u00f3 de un sujeto de prueba, tambi\u00e9n demostr\u00f3 la mortalidad de estas criaturas.<\/p>\n\n\n\n<p class=\"wp-block-paragraph\">Santiago, 10 de agosto del 2019. La situaci\u00f3n ha empeorado. Los registros digitales de nuestras investigaciones han sido borrados, y el padre Adriano ha sido asesinado. Solo quedan los informes que conservo en mi m\u00e1quina de escribir, como si estuvi\u00e9semos en alg\u00fan relato de esp\u00edas de la Guerra Fr\u00eda. Hemos sido atacados por m\u00faltiples &#8220;cuerpos neutros&#8221;, y nuestras fuerzas se ven disminuidas. Nuestras armas y estrategias no han sido suficientes, y estamos en peligro.<\/p>\n\n\n\n<p class=\"wp-block-paragraph\">En este momento de desesperaci\u00f3n, he pedido ayuda a una organizaci\u00f3n internacional conocida como &#8220;Firstlight&#8221;. Mientras tanto, las ciudades de Valpara\u00edso, Temuco y Puerto Montt est\u00e1n continuando con las investigaciones de forma aut\u00f3noma. Pronto, Firstlight enviar\u00e1 expertos para ayudarnos a enfrentar esta amenaza y, esperamos, convencer al gobierno para que nos brinde el apoyo necesario. FAST no puede desaparecer. Estas criaturas son una amenaza real.<\/p>\n\n\n\n<h3 class=\"wp-block-heading\">2020<\/h3>\n\n\n\n<p class=\"wp-block-paragraph\">Enero de 2020 trajo consigo el regreso a mi antiguo cargo como prefecto con el establecimiento del Consejo Nacional de Seguridad. Comenzamos a enfrentar un enemigo secreto con recursos ahora respaldados por Arcanum, BOES, y la Sociedad de Leopoldo, marcando el inicio de la Coalici\u00f3n.<\/p>\n\n\n\n<p class=\"wp-block-paragraph\">Febrero se centr\u00f3 en nuestra investigaci\u00f3n de una droga desconocida relacionada con los cuerpos neutros, lo que nos llev\u00f3 al grupo demon\u00edaco &#8220;Baharis&#8221; en Maip\u00fa. Simult\u00e1neamente, empezamos a vigilar al hechicero cuerpo neutro, Adolfo Bratovich. Sin embargo, nuestro primer intento de captura en el Parque de las Esculturas en marzo fracas\u00f3, haciendo que muchos cuestionaran mi capacidad para liderar.<\/p>\n\n\n\n<p class=\"wp-block-paragraph\">En mayo, descubrimos panfletos que acusaban al empresario Bradford Thiel de ser un vampiro. Aunque \u00e9l rechaz\u00f3 vehementemente las acusaciones, empec\u00e9 a investigar y pronto encontr\u00e9 una conexi\u00f3n entre \u00e9l y Bratovich. Para aumentar nuestras operaciones, solicitamos m\u00e1s poder para FAST a trav\u00e9s del requerimiento 45, que fue aprobado durante la cuarentena. A partir de entonces, FAST comenz\u00f3 a operar con mayor libertad y eficacia, eliminando un nido de cuerpos neutros en t\u00faneles cerca del Servicio M\u00e9dico Legal y realizando una operaci\u00f3n exitosa en Las Vizcachas.<\/p>\n\n\n\n<p class=\"wp-block-paragraph\">A finales de mayo, tomamos la decisi\u00f3n de intentar aprehender a un cuerpo neutro de alto nivel. Despu\u00e9s de vigilar el restaurante MISKY MIU, detuvimos a Nikolas Sekul. Bajo tortura, revel\u00f3 que Bradford era conocido como el pr\u00edncipe de una organizaci\u00f3n llamada La Torre de Marfil. Desafortunadamente, Sekul logr\u00f3 escapar en medio de otro interrogatorio en junio.<\/p>\n\n\n\n<p class=\"wp-block-paragraph\">En junio, gracias a la informaci\u00f3n de Fabiana Otello, FAST lanz\u00f3 un operativo para desmantelar a los Bahari en Maip\u00fa. A pesar de haber capturado a dos cuerpos neutros, la mayor\u00eda de nuestro equipo muri\u00f3 en el proceso. Los sobrevivientes informaron de la presencia de personas con habilidades similares a las de la Sociedad de Leopoldo, pero que no parec\u00edan ser cuerpos neutros. Este incidente y mis sue\u00f1os premonitorios empezaron a plantear dudas sobre si estos poderes desconocidos realmente estaban al servicio de la humanidad.<\/p>\n\n\n\n<p class=\"wp-block-paragraph\">La tensi\u00f3n aument\u00f3 cuando Comodoro Escobar inici\u00f3 una operaci\u00f3n encubierta para congelar los fondos de Bradford Thiel. Aunque inicialmente tuvo \u00e9xito, pronto nos vimos obligados a liberarlos. Fui reprendido por Marcelo Marcel del Banco Central y Leonel Fuentes de la Direcci\u00f3n de Delitos Econ\u00f3micos, lo que hizo que cuestionara a Escobar.<\/p>\n\n\n\n<p class=\"wp-block-paragraph\">Las presiones de la persecuci\u00f3n de Bradford y la muerte inesperada de este en agosto por un disparo en la cabeza durante una conferencia en el Parque Bicentenario, provocaron tensiones internas en FAST. Mis dudas sobre Altamirano y Comodoro Escobar crecieron, especialmente despu\u00e9s de que un operativo para trasladar a los cuerpos neutros capturados result\u00f3 en un ataque y la liberaci\u00f3n de los prisioneros. Adem\u00e1s, el sorprendente comportamiento de unos nuevos cuerpos neutros que afirmaron ser &#8220;momias&#8221;, y la decisi\u00f3n de Altamirano de fusilarlos sin mi consentimiento, provoc\u00f3 un cisma en FAST.<\/p>\n\n\n\n<p class=\"wp-block-paragraph\">En medio de estas tensiones, se present\u00f3 un nuevo agente de alto nivel recomendado por la PDI, y aunque su presencia gener\u00f3 incomodidad entre los veteranos de FAST, lo acept\u00e9 debido a sus habilidades para matar cuerpos neutros.<\/p>\n\n\n\n<p class=\"wp-block-paragraph\">Noviembre estuvo lleno de informes sobre actividad sobrenatural extradimensional, lo que alivi\u00f3 en cierta medida las tensiones internas, ya que todos coincidimos en que estos eventos no eran una amenaza. Pero, a pesar de nuestras sospechas sobre Bradford, seguimos sin poder localizarlo. En diciembre, un grupo de seguimiento lo rastre\u00f3 hasta el Club Militar de Lo Curro, pero un incendio en el lugar antes de nuestra intervenci\u00f3n nos dej\u00f3 sin pistas.<\/p>\n\n\n\n<p class=\"wp-block-paragraph\">El 2020 fue un a\u00f1o lleno de desaf\u00edos y conflictos. Mis sospechas de que existen poderes que est\u00e1n m\u00e1s all\u00e1 de nuestro entendimiento se intensificaron, y la lucha contra las amenazas sobrenaturales se volvi\u00f3 cada vez m\u00e1s dif\u00edcil. Pero estoy decidido a seguir adelante, a pesar de todo.<\/p>\n\n\n\n<h3 class=\"wp-block-heading\">2021<\/h3>\n\n\n\n<p class=\"wp-block-paragraph\">A medida que se desplegaba el 2021, me encontraba agotado, con la sensaci\u00f3n constante de miradas inquisidoras acechando desde las sombras y el fr\u00edo filo de la traici\u00f3n acariciando mi est\u00f3mago. Empec\u00e9 a contemplar la idea de intervenir personalmente en la b\u00fasqueda de Bradford. Sin embargo, en medio todo esto, decid\u00ed continuar con mis investigaciones y que Samuel, mi lider de inteligencia continuara con la investigaci\u00f3n de la PDI. Nos encargo investigar un caso perturbador de tr\u00e1fico de armas y drogas en Puente Alto.<\/p>\n\n\n\n<p class=\"wp-block-paragraph\">Los informes de los agentes de polic\u00eda que hab\u00edan intentado registrar el lugar resultaban inquietantes. Hablaron de individuos poseedores de una velocidad y fuerza sobrehumanas, protegiendo el lugar como una fortaleza inexpugnable. La magnitud de su poder qued\u00f3 tr\u00e1gicamente clara cuando uno de los nuestros fue desmembrado en la refriega. Las implicaciones eran aterradoras, apuntando una vez m\u00e1s hacia el coraz\u00f3n de la clandestinidad sobrenatural que se cern\u00eda sobre Santiago.<\/p>","protected":false},"excerpt":{"rendered":"<p>Una descripci\u00f3n de el l\u00edder de Fast sobre la guerra contra los vampiros<\/p>","protected":false},"author":9,"featured_media":4162,"comment_status":"open","ping_status":"open","sticky":false,"template":"","format":"standard","meta":{"_acf_changed":false,"inline_featured_image":false,"_monsterinsights_skip_tracking":false,"_jetpack_newsletter_access":"","_jetpack_dont_email_post_to_subs":false,"_jetpack_newsletter_tier_id":0,"_jetpack_memberships_contains_paywalled_content":false,"fifu_image_url":"","fifu_image_alt":"","_jetpack_feature_clip_id":0,"_jetpack_memberships_contains_paid_content":false,"footnotes":"","jetpack_post_was_ever_published":false},"categories":[134],"tags":[99],"juego":[84],"class_list":["post-4166","post","type-post","status-publish","format-standard","has-post-thumbnail","hentry","category-historias","tag-vampiro-la-mascarada","juego-vampiro-la-mascarada"],"acf":[],"yoast_head":"<!-- This site is optimized with the Yoast SEO plugin v28.4 - https:\/\/yoast.com\/product\/yoast-seo-wordpress\/ -->\n<title>Sobre la guerra contra los cuerpos neutros - Chile en Tinieblas<\/title>\n<meta name=\"robots\" content=\"index, follow, max-snippet:-1, max-image-preview:large, max-video-preview:-1\" \/>\n<link rel=\"canonical\" href=\"https:\/\/chileentinieblas.cl\/en\/sobre-la-guerra-contra-los-cuerpos-nueutros\/\" \/>\n<meta property=\"og:locale\" content=\"en_US\" \/>\n<meta property=\"og:type\" content=\"article\" \/>\n<meta property=\"og:title\" content=\"Sobre la guerra contra los cuerpos neutros - Chile en Tinieblas\" \/>\n<meta property=\"og:description\" content=\"Una descripci\u00f3n de el l\u00edder de Fast sobre la guerra contra los vampiros\" \/>\n<meta property=\"og:url\" content=\"https:\/\/chileentinieblas.cl\/en\/sobre-la-guerra-contra-los-cuerpos-nueutros\/\" \/>\n<meta property=\"og:site_name\" content=\"Chile en Tinieblas\" \/>\n<meta property=\"article:publisher\" content=\"https:\/\/www.facebook.com\/ChileenTinieblas\" \/>\n<meta property=\"article:published_time\" content=\"2023-06-07T20:39:41+00:00\" \/>\n<meta property=\"article:modified_time\" content=\"2025-10-29T18:45:13+00:00\" \/>\n<meta property=\"og:image\" content=\"https:\/\/chileentinieblas.cl\/wp-content\/uploads\/2023\/06\/chile_en_tinieblas_a_special_force_hunting_vampire_in_a_dark_ci_42b8ea9e-8d9b-42a7-a4e4-68eee423ef00-e1761763505311.png\" \/>\n\t<meta property=\"og:image:width\" content=\"1024\" \/>\n\t<meta property=\"og:image:height\" content=\"680\" \/>\n\t<meta property=\"og:image:type\" content=\"image\/png\" \/>\n<meta name=\"author\" content=\"Claudio Artigas\" \/>\n<meta name=\"twitter:card\" content=\"summary_large_image\" \/>\n<meta name=\"twitter:label1\" content=\"Written by\" \/>\n\t<meta name=\"twitter:data1\" content=\"Claudio Artigas\" \/>\n\t<meta name=\"twitter:label2\" content=\"Est. reading time\" \/>\n\t<meta name=\"twitter:data2\" content=\"7 minutes\" \/>\n<script type=\"application\/ld+json\" class=\"yoast-schema-graph\">{\"@context\":\"https:\\\/\\\/schema.org\",\"@graph\":[{\"@type\":\"Article\",\"@id\":\"https:\\\/\\\/chileentinieblas.cl\\\/sobre-la-guerra-contra-los-cuerpos-nueutros\\\/#article\",\"isPartOf\":{\"@id\":\"https:\\\/\\\/chileentinieblas.cl\\\/sobre-la-guerra-contra-los-cuerpos-nueutros\\\/\"},\"author\":{\"name\":\"Claudio Artigas\",\"@id\":\"https:\\\/\\\/chileentinieblas.cl\\\/#\\\/schema\\\/person\\\/ba6380868b67fe6c1d4aa00ea4776b91\"},\"headline\":\"Sobre la guerra contra los cuerpos neutros\",\"datePublished\":\"2023-06-07T20:39:41+00:00\",\"dateModified\":\"2025-10-29T18:45:13+00:00\",\"mainEntityOfPage\":{\"@id\":\"https:\\\/\\\/chileentinieblas.cl\\\/sobre-la-guerra-contra-los-cuerpos-nueutros\\\/\"},\"wordCount\":1468,\"commentCount\":0,\"publisher\":{\"@id\":\"https:\\\/\\\/chileentinieblas.cl\\\/#organization\"},\"image\":{\"@id\":\"https:\\\/\\\/chileentinieblas.cl\\\/sobre-la-guerra-contra-los-cuerpos-nueutros\\\/#primaryimage\"},\"thumbnailUrl\":\"https:\\\/\\\/chileentinieblas.cl\\\/wp-content\\\/uploads\\\/2023\\\/06\\\/chile_en_tinieblas_a_special_force_hunting_vampire_in_a_dark_ci_42b8ea9e-8d9b-42a7-a4e4-68eee423ef00-e1761763505311.png\",\"keywords\":[\"vampiro la mascarada\"],\"articleSection\":[\"Historias\"],\"inLanguage\":\"en-US\",\"potentialAction\":[{\"@type\":\"CommentAction\",\"name\":\"Comment\",\"target\":[\"https:\\\/\\\/chileentinieblas.cl\\\/sobre-la-guerra-contra-los-cuerpos-nueutros\\\/#respond\"]}]},{\"@type\":\"WebPage\",\"@id\":\"https:\\\/\\\/chileentinieblas.cl\\\/sobre-la-guerra-contra-los-cuerpos-nueutros\\\/\",\"url\":\"https:\\\/\\\/chileentinieblas.cl\\\/sobre-la-guerra-contra-los-cuerpos-nueutros\\\/\",\"name\":\"Sobre la guerra contra los cuerpos neutros - Chile en Tinieblas\",\"isPartOf\":{\"@id\":\"https:\\\/\\\/chileentinieblas.cl\\\/#website\"},\"primaryImageOfPage\":{\"@id\":\"https:\\\/\\\/chileentinieblas.cl\\\/sobre-la-guerra-contra-los-cuerpos-nueutros\\\/#primaryimage\"},\"image\":{\"@id\":\"https:\\\/\\\/chileentinieblas.cl\\\/sobre-la-guerra-contra-los-cuerpos-nueutros\\\/#primaryimage\"},\"thumbnailUrl\":\"https:\\\/\\\/chileentinieblas.cl\\\/wp-content\\\/uploads\\\/2023\\\/06\\\/chile_en_tinieblas_a_special_force_hunting_vampire_in_a_dark_ci_42b8ea9e-8d9b-42a7-a4e4-68eee423ef00-e1761763505311.png\",\"datePublished\":\"2023-06-07T20:39:41+00:00\",\"dateModified\":\"2025-10-29T18:45:13+00:00\",\"breadcrumb\":{\"@id\":\"https:\\\/\\\/chileentinieblas.cl\\\/sobre-la-guerra-contra-los-cuerpos-nueutros\\\/#breadcrumb\"},\"inLanguage\":\"en-US\",\"potentialAction\":[{\"@type\":\"ReadAction\",\"target\":[\"https:\\\/\\\/chileentinieblas.cl\\\/sobre-la-guerra-contra-los-cuerpos-nueutros\\\/\"]}]},{\"@type\":\"ImageObject\",\"inLanguage\":\"en-US\",\"@id\":\"https:\\\/\\\/chileentinieblas.cl\\\/sobre-la-guerra-contra-los-cuerpos-nueutros\\\/#primaryimage\",\"url\":\"https:\\\/\\\/chileentinieblas.cl\\\/wp-content\\\/uploads\\\/2023\\\/06\\\/chile_en_tinieblas_a_special_force_hunting_vampire_in_a_dark_ci_42b8ea9e-8d9b-42a7-a4e4-68eee423ef00-e1761763505311.png\",\"contentUrl\":\"https:\\\/\\\/chileentinieblas.cl\\\/wp-content\\\/uploads\\\/2023\\\/06\\\/chile_en_tinieblas_a_special_force_hunting_vampire_in_a_dark_ci_42b8ea9e-8d9b-42a7-a4e4-68eee423ef00-e1761763505311.png\",\"width\":1024,\"height\":680},{\"@type\":\"BreadcrumbList\",\"@id\":\"https:\\\/\\\/chileentinieblas.cl\\\/sobre-la-guerra-contra-los-cuerpos-nueutros\\\/#breadcrumb\",\"itemListElement\":[{\"@type\":\"ListItem\",\"position\":1,\"name\":\"Portada\",\"item\":\"https:\\\/\\\/chileentinieblas.cl\\\/\"},{\"@type\":\"ListItem\",\"position\":2,\"name\":\"Sobre la guerra contra los cuerpos neutros\"}]},{\"@type\":\"WebSite\",\"@id\":\"https:\\\/\\\/chileentinieblas.cl\\\/#website\",\"url\":\"https:\\\/\\\/chileentinieblas.cl\\\/\",\"name\":\"Chile en Tinieblas\",\"description\":\"Un servidor con mesas de rol de Mundo de Tinieblas\",\"publisher\":{\"@id\":\"https:\\\/\\\/chileentinieblas.cl\\\/#organization\"},\"potentialAction\":[{\"@type\":\"SearchAction\",\"target\":{\"@type\":\"EntryPoint\",\"urlTemplate\":\"https:\\\/\\\/chileentinieblas.cl\\\/?s={search_term_string}\"},\"query-input\":{\"@type\":\"PropertyValueSpecification\",\"valueRequired\":true,\"valueName\":\"search_term_string\"}}],\"inLanguage\":\"en-US\"},{\"@type\":\"Organization\",\"@id\":\"https:\\\/\\\/chileentinieblas.cl\\\/#organization\",\"name\":\"Chile en Tinieblas\",\"url\":\"https:\\\/\\\/chileentinieblas.cl\\\/\",\"logo\":{\"@type\":\"ImageObject\",\"inLanguage\":\"en-US\",\"@id\":\"https:\\\/\\\/chileentinieblas.cl\\\/#\\\/schema\\\/logo\\\/image\\\/\",\"url\":\"https:\\\/\\\/chileentinieblas.cl\\\/wp-content\\\/uploads\\\/2021\\\/12\\\/logo-cet-claro.png\",\"contentUrl\":\"https:\\\/\\\/chileentinieblas.cl\\\/wp-content\\\/uploads\\\/2021\\\/12\\\/logo-cet-claro.png\",\"width\":1001,\"height\":1030,\"caption\":\"Chile en Tinieblas\"},\"image\":{\"@id\":\"https:\\\/\\\/chileentinieblas.cl\\\/#\\\/schema\\\/logo\\\/image\\\/\"},\"sameAs\":[\"https:\\\/\\\/www.facebook.com\\\/ChileenTinieblas\",\"https:\\\/\\\/www.instagram.com\\\/chileentinieblas\\\/\",\"https:\\\/\\\/www.youtube.com\\\/@chileentinieblas\",\"https:\\\/\\\/www.tiktok.com\\\/@chileentinieblas\"]},{\"@type\":\"Person\",\"@id\":\"https:\\\/\\\/chileentinieblas.cl\\\/#\\\/schema\\\/person\\\/ba6380868b67fe6c1d4aa00ea4776b91\",\"name\":\"Claudio Artigas\",\"image\":{\"@type\":\"ImageObject\",\"inLanguage\":\"en-US\",\"@id\":\"https:\\\/\\\/secure.gravatar.com\\\/avatar\\\/c0c0b648f4e68bcbabf574c3421c3d006d89eff763ef61087c78507b9cc58be5?s=96&d=mm&r=g\",\"url\":\"https:\\\/\\\/secure.gravatar.com\\\/avatar\\\/c0c0b648f4e68bcbabf574c3421c3d006d89eff763ef61087c78507b9cc58be5?s=96&d=mm&r=g\",\"contentUrl\":\"https:\\\/\\\/secure.gravatar.com\\\/avatar\\\/c0c0b648f4e68bcbabf574c3421c3d006d89eff763ef61087c78507b9cc58be5?s=96&d=mm&r=g\",\"caption\":\"Claudio Artigas\"},\"url\":\"https:\\\/\\\/chileentinieblas.cl\\\/en\\\/author\\\/francodibrotsy\\\/\"}]}<\/script>\n<!-- \/ Yoast SEO plugin. -->","yoast_head_json":{"title":"Sobre la guerra contra los cuerpos neutros - Chile en Tinieblas","robots":{"index":"index","follow":"follow","max-snippet":"max-snippet:-1","max-image-preview":"max-image-preview:large","max-video-preview":"max-video-preview:-1"},"canonical":"https:\/\/chileentinieblas.cl\/en\/sobre-la-guerra-contra-los-cuerpos-nueutros\/","og_locale":"en_US","og_type":"article","og_title":"Sobre la guerra contra los cuerpos neutros - Chile en Tinieblas","og_description":"Una descripci\u00f3n de el l\u00edder de Fast sobre la guerra contra los vampiros","og_url":"https:\/\/chileentinieblas.cl\/en\/sobre-la-guerra-contra-los-cuerpos-nueutros\/","og_site_name":"Chile en Tinieblas","article_publisher":"https:\/\/www.facebook.com\/ChileenTinieblas","article_published_time":"2023-06-07T20:39:41+00:00","article_modified_time":"2025-10-29T18:45:13+00:00","og_image":[{"width":1024,"height":680,"url":"https:\/\/chileentinieblas.cl\/wp-content\/uploads\/2023\/06\/chile_en_tinieblas_a_special_force_hunting_vampire_in_a_dark_ci_42b8ea9e-8d9b-42a7-a4e4-68eee423ef00-e1761763505311.png","type":"image\/png"}],"author":"Claudio Artigas","twitter_card":"summary_large_image","twitter_misc":{"Written by":"Claudio Artigas","Est. reading time":"7 minutes"},"schema":{"@context":"https:\/\/schema.org","@graph":[{"@type":"Article","@id":"https:\/\/chileentinieblas.cl\/sobre-la-guerra-contra-los-cuerpos-nueutros\/#article","isPartOf":{"@id":"https:\/\/chileentinieblas.cl\/sobre-la-guerra-contra-los-cuerpos-nueutros\/"},"author":{"name":"Claudio Artigas","@id":"https:\/\/chileentinieblas.cl\/#\/schema\/person\/ba6380868b67fe6c1d4aa00ea4776b91"},"headline":"Sobre la guerra contra los cuerpos neutros","datePublished":"2023-06-07T20:39:41+00:00","dateModified":"2025-10-29T18:45:13+00:00","mainEntityOfPage":{"@id":"https:\/\/chileentinieblas.cl\/sobre-la-guerra-contra-los-cuerpos-nueutros\/"},"wordCount":1468,"commentCount":0,"publisher":{"@id":"https:\/\/chileentinieblas.cl\/#organization"},"image":{"@id":"https:\/\/chileentinieblas.cl\/sobre-la-guerra-contra-los-cuerpos-nueutros\/#primaryimage"},"thumbnailUrl":"https:\/\/chileentinieblas.cl\/wp-content\/uploads\/2023\/06\/chile_en_tinieblas_a_special_force_hunting_vampire_in_a_dark_ci_42b8ea9e-8d9b-42a7-a4e4-68eee423ef00-e1761763505311.png","keywords":["vampiro la mascarada"],"articleSection":["Historias"],"inLanguage":"en-US","potentialAction":[{"@type":"CommentAction","name":"Comment","target":["https:\/\/chileentinieblas.cl\/sobre-la-guerra-contra-los-cuerpos-nueutros\/#respond"]}]},{"@type":"WebPage","@id":"https:\/\/chileentinieblas.cl\/sobre-la-guerra-contra-los-cuerpos-nueutros\/","url":"https:\/\/chileentinieblas.cl\/sobre-la-guerra-contra-los-cuerpos-nueutros\/","name":"Sobre la guerra contra los cuerpos neutros - Chile en Tinieblas","isPartOf":{"@id":"https:\/\/chileentinieblas.cl\/#website"},"primaryImageOfPage":{"@id":"https:\/\/chileentinieblas.cl\/sobre-la-guerra-contra-los-cuerpos-nueutros\/#primaryimage"},"image":{"@id":"https:\/\/chileentinieblas.cl\/sobre-la-guerra-contra-los-cuerpos-nueutros\/#primaryimage"},"thumbnailUrl":"https:\/\/chileentinieblas.cl\/wp-content\/uploads\/2023\/06\/chile_en_tinieblas_a_special_force_hunting_vampire_in_a_dark_ci_42b8ea9e-8d9b-42a7-a4e4-68eee423ef00-e1761763505311.png","datePublished":"2023-06-07T20:39:41+00:00","dateModified":"2025-10-29T18:45:13+00:00","breadcrumb":{"@id":"https:\/\/chileentinieblas.cl\/sobre-la-guerra-contra-los-cuerpos-nueutros\/#breadcrumb"},"inLanguage":"en-US","potentialAction":[{"@type":"ReadAction","target":["https:\/\/chileentinieblas.cl\/sobre-la-guerra-contra-los-cuerpos-nueutros\/"]}]},{"@type":"ImageObject","inLanguage":"en-US","@id":"https:\/\/chileentinieblas.cl\/sobre-la-guerra-contra-los-cuerpos-nueutros\/#primaryimage","url":"https:\/\/chileentinieblas.cl\/wp-content\/uploads\/2023\/06\/chile_en_tinieblas_a_special_force_hunting_vampire_in_a_dark_ci_42b8ea9e-8d9b-42a7-a4e4-68eee423ef00-e1761763505311.png","contentUrl":"https:\/\/chileentinieblas.cl\/wp-content\/uploads\/2023\/06\/chile_en_tinieblas_a_special_force_hunting_vampire_in_a_dark_ci_42b8ea9e-8d9b-42a7-a4e4-68eee423ef00-e1761763505311.png","width":1024,"height":680},{"@type":"BreadcrumbList","@id":"https:\/\/chileentinieblas.cl\/sobre-la-guerra-contra-los-cuerpos-nueutros\/#breadcrumb","itemListElement":[{"@type":"ListItem","position":1,"name":"Portada","item":"https:\/\/chileentinieblas.cl\/"},{"@type":"ListItem","position":2,"name":"Sobre la guerra contra los cuerpos neutros"}]},{"@type":"WebSite","@id":"https:\/\/chileentinieblas.cl\/#website","url":"https:\/\/chileentinieblas.cl\/","name":"Chile en Tinieblas","description":"Un servidor con mesas de rol de Mundo de Tinieblas","publisher":{"@id":"https:\/\/chileentinieblas.cl\/#organization"},"potentialAction":[{"@type":"SearchAction","target":{"@type":"EntryPoint","urlTemplate":"https:\/\/chileentinieblas.cl\/?s={search_term_string}"},"query-input":{"@type":"PropertyValueSpecification","valueRequired":true,"valueName":"search_term_string"}}],"inLanguage":"en-US"},{"@type":"Organization","@id":"https:\/\/chileentinieblas.cl\/#organization","name":"Chile en Tinieblas","url":"https:\/\/chileentinieblas.cl\/","logo":{"@type":"ImageObject","inLanguage":"en-US","@id":"https:\/\/chileentinieblas.cl\/#\/schema\/logo\/image\/","url":"https:\/\/chileentinieblas.cl\/wp-content\/uploads\/2021\/12\/logo-cet-claro.png","contentUrl":"https:\/\/chileentinieblas.cl\/wp-content\/uploads\/2021\/12\/logo-cet-claro.png","width":1001,"height":1030,"caption":"Chile en Tinieblas"},"image":{"@id":"https:\/\/chileentinieblas.cl\/#\/schema\/logo\/image\/"},"sameAs":["https:\/\/www.facebook.com\/ChileenTinieblas","https:\/\/www.instagram.com\/chileentinieblas\/","https:\/\/www.youtube.com\/@chileentinieblas","https:\/\/www.tiktok.com\/@chileentinieblas"]},{"@type":"Person","@id":"https:\/\/chileentinieblas.cl\/#\/schema\/person\/ba6380868b67fe6c1d4aa00ea4776b91","name":"Claudio Artigas","image":{"@type":"ImageObject","inLanguage":"en-US","@id":"https:\/\/secure.gravatar.com\/avatar\/c0c0b648f4e68bcbabf574c3421c3d006d89eff763ef61087c78507b9cc58be5?s=96&d=mm&r=g","url":"https:\/\/secure.gravatar.com\/avatar\/c0c0b648f4e68bcbabf574c3421c3d006d89eff763ef61087c78507b9cc58be5?s=96&d=mm&r=g","contentUrl":"https:\/\/secure.gravatar.com\/avatar\/c0c0b648f4e68bcbabf574c3421c3d006d89eff763ef61087c78507b9cc58be5?s=96&d=mm&r=g","caption":"Claudio Artigas"},"url":"https:\/\/chileentinieblas.cl\/en\/author\/francodibrotsy\/"}]}},"jetpack_sharing_enabled":true,"jetpack_featured_media_url":"https:\/\/chileentinieblas.cl\/wp-content\/uploads\/2023\/06\/chile_en_tinieblas_a_special_force_hunting_vampire_in_a_dark_ci_42b8ea9e-8d9b-42a7-a4e4-68eee423ef00-e1761763505311.png","_links":{"self":[{"href":"https:\/\/chileentinieblas.cl\/en\/wp-json\/wp\/v2\/posts\/4166","targetHints":{"allow":["GET"]}}],"collection":[{"href":"https:\/\/chileentinieblas.cl\/en\/wp-json\/wp\/v2\/posts"}],"about":[{"href":"https:\/\/chileentinieblas.cl\/en\/wp-json\/wp\/v2\/types\/post"}],"author":[{"embeddable":true,"href":"https:\/\/chileentinieblas.cl\/en\/wp-json\/wp\/v2\/users\/9"}],"replies":[{"embeddable":true,"href":"https:\/\/chileentinieblas.cl\/en\/wp-json\/wp\/v2\/comments?post=4166"}],"version-history":[{"count":8,"href":"https:\/\/chileentinieblas.cl\/en\/wp-json\/wp\/v2\/posts\/4166\/revisions"}],"predecessor-version":[{"id":7121,"href":"https:\/\/chileentinieblas.cl\/en\/wp-json\/wp\/v2\/posts\/4166\/revisions\/7121"}],"wp:featuredmedia":[{"embeddable":true,"href":"https:\/\/chileentinieblas.cl\/en\/wp-json\/wp\/v2\/media\/4162"}],"wp:attachment":[{"href":"https:\/\/chileentinieblas.cl\/en\/wp-json\/wp\/v2\/media?parent=4166"}],"wp:term":[{"taxonomy":"category","embeddable":true,"href":"https:\/\/chileentinieblas.cl\/en\/wp-json\/wp\/v2\/categories?post=4166"},{"taxonomy":"post_tag","embeddable":true,"href":"https:\/\/chileentinieblas.cl\/en\/wp-json\/wp\/v2\/tags?post=4166"},{"taxonomy":"juego","embeddable":true,"href":"https:\/\/chileentinieblas.cl\/en\/wp-json\/wp\/v2\/juego?post=4166"}],"curies":[{"name":"wp","href":"https:\/\/api.w.org\/{rel}","templated":true}]}}