{"id":4094,"date":"2023-06-01T01:39:54","date_gmt":"2023-06-01T01:39:54","guid":{"rendered":"https:\/\/chileentinieblas.cl\/?p=4094"},"modified":"2023-06-27T21:47:27","modified_gmt":"2023-06-27T21:47:27","slug":"evento-el-lamento-de-los-dioses-caidos","status":"publish","type":"post","link":"https:\/\/chileentinieblas.cl\/en\/evento-el-lamento-de-los-dioses-caidos\/","title":{"rendered":"Evento &#8220;El lamento de los dioses ca\u00eddos&#8221;"},"content":{"rendered":"<figure class=\"wp-block-post-featured-image\"><img fetchpriority=\"high\" decoding=\"async\" width=\"1500\" height=\"500\" src=\"https:\/\/chileentinieblas.cl\/wp-content\/uploads\/2023\/06\/Dioses-caidos-portada.jpg\" class=\"attachment-post-thumbnail size-post-thumbnail wp-post-image\" alt=\"Evento &#8220;El lamento de los dioses ca\u00eddos&#8221;\" title=\"Evento &#8220;El lamento de los dioses ca\u00eddos&#8221;\" style=\"object-fit:cover;\" srcset=\"https:\/\/chileentinieblas.cl\/wp-content\/uploads\/2023\/06\/Dioses-caidos-portada.jpg 1500w, https:\/\/chileentinieblas.cl\/wp-content\/uploads\/2023\/06\/Dioses-caidos-portada-300x100.jpg 300w, https:\/\/chileentinieblas.cl\/wp-content\/uploads\/2023\/06\/Dioses-caidos-portada-1024x341.jpg 1024w, https:\/\/chileentinieblas.cl\/wp-content\/uploads\/2023\/06\/Dioses-caidos-portada-768x256.jpg 768w\" sizes=\"(max-width: 1500px) 100vw, 1500px\" \/><\/figure>\n\n\n<p class=\"wp-block-paragraph\"><em>&#8220;El pa\u00eds, desgastado por un estallido social, una pandemia global y secretos a\u00fan m\u00e1s oscuros, nuevamente se enfrenta a diversos conflictos donde las autoridades hacen lo imposible para mantener la calma usando todos los medios necesarios. Entre tanta agitaci\u00f3n, las criaturas de la noche tendr\u00e1n la oportunidad perfecta para acabar finalmente con aquellos que someten a su gente y controlan el poder, pero \u00bfcu\u00e1l ser\u00e1 el costo para lograrlo, y qu\u00e9 suceder\u00e1 una vez hayan alcanzado ese objetivo?<\/em><\/p>\n\n\n\n<p class=\"wp-block-paragraph\"><em>Solo t\u00fa podr\u00e1s responder esas preguntas.&#8221;<\/em><\/p>\n\n\n\n<p class=\"wp-block-paragraph\">Edit: Dado los eventos con las lluvias y el supuesto corte de agua, tuvimos que mover el evento a una nueva fecha, sin embargo los cupos y las actividades se mantienen, si necesitan la devoluci\u00f3n de la entrada, env\u00edennos un mensaje directo a nuestro <a href=\"https:\/\/www.instagram.com\/chileentinieblas\/\" target=\"_blank\" rel=\"noreferrer noopener\">instagram @Chileentinieblas<\/a><\/p>\n\n\n\n<p class=\"wp-block-paragraph\"><strong>El lamento de los dioses ca\u00eddos<\/strong> es la segunda parte de nuestro anterior evento &#8220;<a href=\"https:\/\/chileentinieblas.cl\/en\/evento-susurros-del-dios-olvidado\/\" data-type=\"post\" data-id=\"3833\">El susurro del dios olvidado<\/a>&#8221; y el primer gran evento presencial de este 2023 que organizamos junto a nuestros amigos del <a href=\"https:\/\/www.instagram.com\/ludum_bar\/\" data-type=\"URL\" data-id=\"https:\/\/www.instagram.com\/ludum_bar\/\">Ludum Bar<\/a> el s\u00e1bado 22 de Julio, a las 19:00 hrs.<\/p>\n\n\n\n<!--more-->\n\n\n\n<h2 class=\"wp-block-heading\">Mesas de Rol<\/h2>\n\n\n\n<p class=\"wp-block-paragraph\">El evento contar\u00e1 con 9 mesas de rol del universo de Mundo de Tinieblas, que impactar\u00e1n directamente en la metatrama que como agrupaci\u00f3n llevamos desarrollando a\u00f1o a a\u00f1o para Chile en Tinieblas. Si quieres que tu personaje sea un factor importante en ella, no dudes de participar!<\/p>\n\n\n\n<ul class=\"wp-block-list\">\n<li><strong>La espada sagrada &#8211; Changeling: El Ensue\u00f1o 20 aniversario<\/strong> &#8211; Narrado por Ignacio Rivas<\/li>\n\n\n\n<li><strong>El c\u00e1liz de las pesadillas &#8211; Changeling: El Ensue\u00f1o 20 aniversario<\/strong>&nbsp;&#8211; Narrado por Tom\u00e1s Merino<\/li>\n\n\n\n<li><strong>El manto del Anochecer &#8211; Vampiro: Las Mascarada 5ta edici\u00f3n&nbsp;<\/strong>&#8211; Narrado por Carlos Viertel<\/li>\n\n\n\n<li><strong>El Destello del Ocaso &#8211; Vampiro: Las Mascarada 5ta edici\u00f3n&nbsp;<\/strong>&#8211; Narrado por Nicol\u00e1s Bustamante<\/li>\n\n\n\n<li><strong>La c\u00e1bala del lobo umbral &#8211; Mago: La Ascensi\u00f3n 20 aniversario<\/strong>&nbsp;&#8211; Narrado por Jos\u00e9 Tom\u00e1s Bustamante<\/li>\n\n\n\n<li><strong>La amalgama del cazador de metal &#8211; Mago: La Ascensi\u00f3n 20 aniversario<\/strong> &#8211; Narrado por Gabriel Segura<\/li>\n\n\n\n<li><strong>El Orden en Gaia &#8211; Hombre Lobo: El Apocalipsis 20 aniversario<\/strong>&nbsp;&#8211; Narrado por Gonzalo Bruna<\/li>\n\n\n\n<li><strong>El Kaos en Gaia &#8211; Hombre Lobo: El Apocalipsis 20 aniversario<\/strong> &#8211; Narrado por Pedro Rojas<\/li>\n\n\n\n<li><strong>Las fauces del terror &#8211; Demonio: La Ca\u00edda<\/strong>&nbsp;&#8211; Narrado por Hernan Palma<\/li>\n<\/ul>\n\n\n\n<h2 class=\"wp-block-heading\">Concurso de Cosplay<\/h2>\n\n\n\n<p class=\"wp-block-paragraph\">Adem\u00e1s, invitamos a quienes disfrutan del cosplay a que lleguen caracterizad@s como su personaje de cet, o cualquier otro personaje de Mundo de Tinieblas favorito (vampiro, mago, <s><em>furro<\/em><\/s> hombre lobo, etc.). Durante los pr\u00f3ximos d\u00edas daremos a conocer los premios del concurso, as\u00ed que mantente atento!<\/p>\n\n\n\n<h2 class=\"wp-block-heading\">Informaci\u00f3n adicional<\/h2>\n\n\n\n<ul class=\"wp-block-list\">\n<li><strong>Fecha<\/strong>: S\u00e1bado 22 de Julio.<\/li>\n\n\n\n<li><strong>Horario<\/strong>: Desde las 19:00 hrs.<\/li>\n\n\n\n<li><strong>Lugar<\/strong>: <a href=\"https:\/\/www.instagram.com\/ludum_bar\/\" data-type=\"URL\" data-id=\"https:\/\/www.instagram.com\/ludum_bar\/\">Ludum Bar<\/a>, Condell 456, Providencia, Regi\u00f3n Metropolitana<\/li>\n\n\n\n<li><strong>Valor de inscripci\u00f3n<\/strong>: $6.000 * La entrada incluye un cup\u00f3n de consumo de $5.000 que puedes usar dentro del local.<\/li>\n<\/ul>\n\n\n\n<p class=\"wp-block-paragraph\"><\/p>\n\n\n\n<p class=\"wp-block-paragraph\">Para inscribirte solo sigue el siguiente enlace, los detalles de la transferencia los encontrar\u00e1s en el formulario.<\/p>\n\n\n\n<p class=\"wp-block-paragraph\">Te esperamos!<\/p>\n\n\n\n<div class=\"wp-block-buttons is-content-justification-center is-layout-flex wp-container-core-buttons-is-layout-3e41869c wp-block-buttons-is-layout-flex\">\n<div class=\"wp-block-button has-custom-width wp-block-button__width-50 has-custom-font-size is-style-outline has-medium-font-size is-style-outline--1\"><a class=\"wp-block-button__link has-white-color has-text-color wp-element-button\" href=\"https:\/\/docs.google.com\/forms\/d\/e\/1FAIpQLSfg44oH2LihvUu5X8_UsY8BVDu8ope_-3enzpX1FZF0nxRN6Q\/viewform\" style=\"border-radius:0px\" target=\"_blank\" rel=\"noreferrer noopener\">Inscr\u00edbete aqu\u00ed<\/a><\/div>\n<\/div>\n\n\n\n<div style=\"height:60px\" aria-hidden=\"true\" class=\"wp-block-spacer\"><\/div>\n\n\n\n<figure class=\"wp-block-image size-large\"><img decoding=\"async\" width=\"819\" height=\"1024\" src=\"https:\/\/chileentinieblas.cl\/wp-content\/uploads\/2023\/06\/El-lamento-de-los-dioses-caidos--819x1024.png\" alt=\"\" class=\"wp-image-4107\" srcset=\"https:\/\/chileentinieblas.cl\/wp-content\/uploads\/2023\/06\/El-lamento-de-los-dioses-caidos--819x1024.png 819w, https:\/\/chileentinieblas.cl\/wp-content\/uploads\/2023\/06\/El-lamento-de-los-dioses-caidos--240x300.png 240w, https:\/\/chileentinieblas.cl\/wp-content\/uploads\/2023\/06\/El-lamento-de-los-dioses-caidos--768x960.png 768w, https:\/\/chileentinieblas.cl\/wp-content\/uploads\/2023\/06\/El-lamento-de-los-dioses-caidos-.png 1080w\" sizes=\"(max-width: 819px) 100vw, 819px\" \/><\/figure>\n\n\n\n<figure class=\"wp-block-gallery has-nested-images columns-2 wp-block-gallery-2 is-layout-flex wp-block-gallery-is-layout-flex\">\n<figure class=\"wp-block-image size-large\"><img decoding=\"async\" width=\"819\" height=\"1024\" data-id=\"4216\" src=\"https:\/\/chileentinieblas.cl\/wp-content\/uploads\/2023\/06\/La-espada-sagrada-819x1024.png\" alt=\"\" class=\"wp-image-4216\" srcset=\"https:\/\/chileentinieblas.cl\/wp-content\/uploads\/2023\/06\/La-espada-sagrada-819x1024.png 819w, https:\/\/chileentinieblas.cl\/wp-content\/uploads\/2023\/06\/La-espada-sagrada-240x300.png 240w, https:\/\/chileentinieblas.cl\/wp-content\/uploads\/2023\/06\/La-espada-sagrada-768x960.png 768w, https:\/\/chileentinieblas.cl\/wp-content\/uploads\/2023\/06\/La-espada-sagrada.png 1080w\" sizes=\"(max-width: 819px) 100vw, 819px\" \/><\/figure>\n\n\n\n<figure class=\"wp-block-image size-large\"><img loading=\"lazy\" decoding=\"async\" width=\"819\" height=\"1024\" data-id=\"4219\" src=\"https:\/\/chileentinieblas.cl\/wp-content\/uploads\/2023\/06\/El-caliz-de-las-pesadillas-819x1024.png\" alt=\"\" class=\"wp-image-4219\" srcset=\"https:\/\/chileentinieblas.cl\/wp-content\/uploads\/2023\/06\/El-caliz-de-las-pesadillas-819x1024.png 819w, https:\/\/chileentinieblas.cl\/wp-content\/uploads\/2023\/06\/El-caliz-de-las-pesadillas-240x300.png 240w, https:\/\/chileentinieblas.cl\/wp-content\/uploads\/2023\/06\/El-caliz-de-las-pesadillas-768x960.png 768w, https:\/\/chileentinieblas.cl\/wp-content\/uploads\/2023\/06\/El-caliz-de-las-pesadillas.png 1080w\" sizes=\"(max-width: 819px) 100vw, 819px\" \/><\/figure>\n\n\n\n<figure class=\"wp-block-image size-large\"><img loading=\"lazy\" decoding=\"async\" width=\"819\" height=\"1024\" data-id=\"4212\" src=\"https:\/\/chileentinieblas.cl\/wp-content\/uploads\/2023\/06\/El-manto-del-anochecer-819x1024.png\" alt=\"\" class=\"wp-image-4212\" srcset=\"https:\/\/chileentinieblas.cl\/wp-content\/uploads\/2023\/06\/El-manto-del-anochecer-819x1024.png 819w, https:\/\/chileentinieblas.cl\/wp-content\/uploads\/2023\/06\/El-manto-del-anochecer-240x300.png 240w, https:\/\/chileentinieblas.cl\/wp-content\/uploads\/2023\/06\/El-manto-del-anochecer-768x960.png 768w, https:\/\/chileentinieblas.cl\/wp-content\/uploads\/2023\/06\/El-manto-del-anochecer.png 1080w\" sizes=\"(max-width: 819px) 100vw, 819px\" \/><\/figure>\n\n\n\n<figure class=\"wp-block-image size-large\"><img loading=\"lazy\" decoding=\"async\" width=\"819\" height=\"1024\" data-id=\"4211\" src=\"https:\/\/chileentinieblas.cl\/wp-content\/uploads\/2023\/06\/El-destello-del-ocaso-819x1024.png\" alt=\"\" class=\"wp-image-4211\" srcset=\"https:\/\/chileentinieblas.cl\/wp-content\/uploads\/2023\/06\/El-destello-del-ocaso-819x1024.png 819w, https:\/\/chileentinieblas.cl\/wp-content\/uploads\/2023\/06\/El-destello-del-ocaso-240x300.png 240w, https:\/\/chileentinieblas.cl\/wp-content\/uploads\/2023\/06\/El-destello-del-ocaso-768x960.png 768w, https:\/\/chileentinieblas.cl\/wp-content\/uploads\/2023\/06\/El-destello-del-ocaso.png 1080w\" sizes=\"(max-width: 819px) 100vw, 819px\" \/><\/figure>\n\n\n\n<figure class=\"wp-block-image size-large\"><img loading=\"lazy\" decoding=\"async\" width=\"819\" height=\"1024\" data-id=\"4213\" src=\"https:\/\/chileentinieblas.cl\/wp-content\/uploads\/2023\/06\/La-cabala-del-lobo-umbral-819x1024.png\" alt=\"\" class=\"wp-image-4213\" srcset=\"https:\/\/chileentinieblas.cl\/wp-content\/uploads\/2023\/06\/La-cabala-del-lobo-umbral-819x1024.png 819w, https:\/\/chileentinieblas.cl\/wp-content\/uploads\/2023\/06\/La-cabala-del-lobo-umbral-240x300.png 240w, https:\/\/chileentinieblas.cl\/wp-content\/uploads\/2023\/06\/La-cabala-del-lobo-umbral-768x960.png 768w, https:\/\/chileentinieblas.cl\/wp-content\/uploads\/2023\/06\/La-cabala-del-lobo-umbral.png 1080w\" sizes=\"(max-width: 819px) 100vw, 819px\" \/><\/figure>\n\n\n\n<figure class=\"wp-block-image size-large\"><img loading=\"lazy\" decoding=\"async\" width=\"819\" height=\"1024\" data-id=\"4210\" src=\"https:\/\/chileentinieblas.cl\/wp-content\/uploads\/2023\/06\/La-amalgama-del-cazador-de-metal-819x1024.png\" alt=\"\" class=\"wp-image-4210\" srcset=\"https:\/\/chileentinieblas.cl\/wp-content\/uploads\/2023\/06\/La-amalgama-del-cazador-de-metal-819x1024.png 819w, https:\/\/chileentinieblas.cl\/wp-content\/uploads\/2023\/06\/La-amalgama-del-cazador-de-metal-240x300.png 240w, https:\/\/chileentinieblas.cl\/wp-content\/uploads\/2023\/06\/La-amalgama-del-cazador-de-metal-768x960.png 768w, https:\/\/chileentinieblas.cl\/wp-content\/uploads\/2023\/06\/La-amalgama-del-cazador-de-metal.png 1080w\" sizes=\"(max-width: 819px) 100vw, 819px\" \/><\/figure>\n\n\n\n<figure class=\"wp-block-image size-large\"><img loading=\"lazy\" decoding=\"async\" width=\"819\" height=\"1024\" data-id=\"4217\" src=\"https:\/\/chileentinieblas.cl\/wp-content\/uploads\/2023\/06\/El-orden-en-Gaia-819x1024.png\" alt=\"\" class=\"wp-image-4217\" srcset=\"https:\/\/chileentinieblas.cl\/wp-content\/uploads\/2023\/06\/El-orden-en-Gaia-819x1024.png 819w, https:\/\/chileentinieblas.cl\/wp-content\/uploads\/2023\/06\/El-orden-en-Gaia-240x300.png 240w, https:\/\/chileentinieblas.cl\/wp-content\/uploads\/2023\/06\/El-orden-en-Gaia-768x960.png 768w, https:\/\/chileentinieblas.cl\/wp-content\/uploads\/2023\/06\/El-orden-en-Gaia.png 1080w\" sizes=\"(max-width: 819px) 100vw, 819px\" \/><\/figure>\n\n\n\n<figure class=\"wp-block-image size-large\"><img loading=\"lazy\" decoding=\"async\" width=\"819\" height=\"1024\" data-id=\"4215\" src=\"https:\/\/chileentinieblas.cl\/wp-content\/uploads\/2023\/06\/El-Kaos-en-Gaia-819x1024.png\" alt=\"\" class=\"wp-image-4215\" srcset=\"https:\/\/chileentinieblas.cl\/wp-content\/uploads\/2023\/06\/El-Kaos-en-Gaia-819x1024.png 819w, https:\/\/chileentinieblas.cl\/wp-content\/uploads\/2023\/06\/El-Kaos-en-Gaia-240x300.png 240w, https:\/\/chileentinieblas.cl\/wp-content\/uploads\/2023\/06\/El-Kaos-en-Gaia-768x960.png 768w, https:\/\/chileentinieblas.cl\/wp-content\/uploads\/2023\/06\/El-Kaos-en-Gaia.png 1080w\" sizes=\"(max-width: 819px) 100vw, 819px\" \/><\/figure>\n\n\n\n<figure class=\"wp-block-image size-large\"><img loading=\"lazy\" decoding=\"async\" width=\"819\" height=\"1024\" data-id=\"4214\" src=\"https:\/\/chileentinieblas.cl\/wp-content\/uploads\/2023\/06\/las-fauces-del-terror-819x1024.png\" alt=\"\" class=\"wp-image-4214\" srcset=\"https:\/\/chileentinieblas.cl\/wp-content\/uploads\/2023\/06\/las-fauces-del-terror-819x1024.png 819w, https:\/\/chileentinieblas.cl\/wp-content\/uploads\/2023\/06\/las-fauces-del-terror-240x300.png 240w, https:\/\/chileentinieblas.cl\/wp-content\/uploads\/2023\/06\/las-fauces-del-terror-768x960.png 768w, https:\/\/chileentinieblas.cl\/wp-content\/uploads\/2023\/06\/las-fauces-del-terror.png 1080w\" sizes=\"(max-width: 819px) 100vw, 819px\" \/><\/figure>\n<\/figure>","protected":false},"excerpt":{"rendered":"<p>El lamento de los dioses ca\u00eddos es la segunda parte de nuestro anterior evento &#8220;El susurro del dios olvidado&#8221; y el primer gran evento de este 2023 que organizamos junto a nuestros amigos del Ludum Bar el s\u00e1bado 22 de Julio, a las 19:00 hrs.<\/p>","protected":false},"author":1,"featured_media":4095,"comment_status":"open","ping_status":"open","sticky":false,"template":"","format":"standard","meta":{"_acf_changed":false,"inline_featured_image":false,"_monsterinsights_skip_tracking":false,"_jetpack_newsletter_access":"","_jetpack_dont_email_post_to_subs":false,"_jetpack_newsletter_tier_id":0,"_jetpack_memberships_contains_paywalled_content":false,"fifu_image_url":"","fifu_image_alt":"","_jetpack_feature_clip_id":0,"_jetpack_memberships_contains_paid_content":false,"footnotes":"","jetpack_post_was_ever_published":false},"categories":[133],"tags":[120],"juego":[117],"class_list":["post-4094","post","type-post","status-publish","format-standard","has-post-thumbnail","hentry","category-eventos","tag-crossover","juego-mundo-de-tinieblas"],"acf":[],"yoast_head":"<!-- This site is optimized with the Yoast SEO plugin v28.4 - https:\/\/yoast.com\/product\/yoast-seo-wordpress\/ -->\n<title>Evento &quot;El lamento de los dioses ca\u00eddos&quot; - Chile en Tinieblas<\/title>\n<meta name=\"robots\" content=\"index, follow, max-snippet:-1, max-image-preview:large, max-video-preview:-1\" \/>\n<link rel=\"canonical\" href=\"https:\/\/chileentinieblas.cl\/en\/evento-el-lamento-de-los-dioses-caidos\/\" \/>\n<meta property=\"og:locale\" content=\"en_US\" \/>\n<meta property=\"og:type\" content=\"article\" \/>\n<meta property=\"og:title\" content=\"Evento &quot;El lamento de los dioses ca\u00eddos&quot; - Chile en Tinieblas\" \/>\n<meta property=\"og:description\" content=\"El lamento de los dioses ca\u00eddos es la segunda parte de nuestro anterior evento &quot;El susurro del dios olvidado&quot; y el primer gran evento de este 2023 que organizamos junto a nuestros amigos del Ludum Bar el s\u00e1bado 22 de Julio, a las 19:00 hrs.\" \/>\n<meta property=\"og:url\" content=\"https:\/\/chileentinieblas.cl\/en\/evento-el-lamento-de-los-dioses-caidos\/\" \/>\n<meta property=\"og:site_name\" content=\"Chile en Tinieblas\" \/>\n<meta property=\"article:publisher\" content=\"https:\/\/www.facebook.com\/ChileenTinieblas\" \/>\n<meta property=\"article:published_time\" content=\"2023-06-01T01:39:54+00:00\" \/>\n<meta property=\"article:modified_time\" content=\"2023-06-27T21:47:27+00:00\" \/>\n<meta property=\"og:image\" content=\"https:\/\/chileentinieblas.cl\/wp-content\/uploads\/2023\/06\/Dioses-caidos-portada.jpg\" \/>\n\t<meta property=\"og:image:width\" content=\"1500\" \/>\n\t<meta property=\"og:image:height\" content=\"500\" \/>\n\t<meta property=\"og:image:type\" content=\"image\/jpeg\" \/>\n<meta name=\"author\" content=\"Control\" \/>\n<meta name=\"twitter:card\" content=\"summary_large_image\" \/>\n<meta name=\"twitter:label1\" content=\"Written by\" \/>\n\t<meta name=\"twitter:data1\" content=\"Control\" \/>\n\t<meta name=\"twitter:label2\" content=\"Est. reading time\" \/>\n\t<meta name=\"twitter:data2\" content=\"3 minutes\" \/>\n<script type=\"application\/ld+json\" class=\"yoast-schema-graph\">{\"@context\":\"https:\\\/\\\/schema.org\",\"@graph\":[{\"@type\":\"Article\",\"@id\":\"https:\\\/\\\/chileentinieblas.cl\\\/evento-el-lamento-de-los-dioses-caidos\\\/#article\",\"isPartOf\":{\"@id\":\"https:\\\/\\\/chileentinieblas.cl\\\/evento-el-lamento-de-los-dioses-caidos\\\/\"},\"author\":{\"name\":\"Control\",\"@id\":\"https:\\\/\\\/chileentinieblas.cl\\\/#\\\/schema\\\/person\\\/ea8aee39744e16ad5c09abf0336c6ad0\"},\"headline\":\"Evento &#8220;El lamento de los dioses ca\u00eddos&#8221;\",\"datePublished\":\"2023-06-01T01:39:54+00:00\",\"dateModified\":\"2023-06-27T21:47:27+00:00\",\"mainEntityOfPage\":{\"@id\":\"https:\\\/\\\/chileentinieblas.cl\\\/evento-el-lamento-de-los-dioses-caidos\\\/\"},\"wordCount\":511,\"commentCount\":1,\"publisher\":{\"@id\":\"https:\\\/\\\/chileentinieblas.cl\\\/#organization\"},\"image\":{\"@id\":\"https:\\\/\\\/chileentinieblas.cl\\\/evento-el-lamento-de-los-dioses-caidos\\\/#primaryimage\"},\"thumbnailUrl\":\"https:\\\/\\\/chileentinieblas.cl\\\/wp-content\\\/uploads\\\/2023\\\/06\\\/Dioses-caidos-portada.jpg\",\"keywords\":[\"crossover\"],\"articleSection\":[\"Eventos\"],\"inLanguage\":\"en-US\",\"potentialAction\":[{\"@type\":\"CommentAction\",\"name\":\"Comment\",\"target\":[\"https:\\\/\\\/chileentinieblas.cl\\\/evento-el-lamento-de-los-dioses-caidos\\\/#respond\"]}]},{\"@type\":\"WebPage\",\"@id\":\"https:\\\/\\\/chileentinieblas.cl\\\/evento-el-lamento-de-los-dioses-caidos\\\/\",\"url\":\"https:\\\/\\\/chileentinieblas.cl\\\/evento-el-lamento-de-los-dioses-caidos\\\/\",\"name\":\"Evento \\\"El lamento de los dioses ca\u00eddos\\\" - Chile en Tinieblas\",\"isPartOf\":{\"@id\":\"https:\\\/\\\/chileentinieblas.cl\\\/#website\"},\"primaryImageOfPage\":{\"@id\":\"https:\\\/\\\/chileentinieblas.cl\\\/evento-el-lamento-de-los-dioses-caidos\\\/#primaryimage\"},\"image\":{\"@id\":\"https:\\\/\\\/chileentinieblas.cl\\\/evento-el-lamento-de-los-dioses-caidos\\\/#primaryimage\"},\"thumbnailUrl\":\"https:\\\/\\\/chileentinieblas.cl\\\/wp-content\\\/uploads\\\/2023\\\/06\\\/Dioses-caidos-portada.jpg\",\"datePublished\":\"2023-06-01T01:39:54+00:00\",\"dateModified\":\"2023-06-27T21:47:27+00:00\",\"breadcrumb\":{\"@id\":\"https:\\\/\\\/chileentinieblas.cl\\\/evento-el-lamento-de-los-dioses-caidos\\\/#breadcrumb\"},\"inLanguage\":\"en-US\",\"potentialAction\":[{\"@type\":\"ReadAction\",\"target\":[\"https:\\\/\\\/chileentinieblas.cl\\\/evento-el-lamento-de-los-dioses-caidos\\\/\"]}]},{\"@type\":\"ImageObject\",\"inLanguage\":\"en-US\",\"@id\":\"https:\\\/\\\/chileentinieblas.cl\\\/evento-el-lamento-de-los-dioses-caidos\\\/#primaryimage\",\"url\":\"https:\\\/\\\/chileentinieblas.cl\\\/wp-content\\\/uploads\\\/2023\\\/06\\\/Dioses-caidos-portada.jpg\",\"contentUrl\":\"https:\\\/\\\/chileentinieblas.cl\\\/wp-content\\\/uploads\\\/2023\\\/06\\\/Dioses-caidos-portada.jpg\",\"width\":1500,\"height\":500},{\"@type\":\"BreadcrumbList\",\"@id\":\"https:\\\/\\\/chileentinieblas.cl\\\/evento-el-lamento-de-los-dioses-caidos\\\/#breadcrumb\",\"itemListElement\":[{\"@type\":\"ListItem\",\"position\":1,\"name\":\"Portada\",\"item\":\"https:\\\/\\\/chileentinieblas.cl\\\/\"},{\"@type\":\"ListItem\",\"position\":2,\"name\":\"Evento \u00abEl lamento de los dioses ca\u00eddos\u00bb\"}]},{\"@type\":\"WebSite\",\"@id\":\"https:\\\/\\\/chileentinieblas.cl\\\/#website\",\"url\":\"https:\\\/\\\/chileentinieblas.cl\\\/\",\"name\":\"Chile en Tinieblas\",\"description\":\"Un servidor con mesas de rol de Mundo de Tinieblas\",\"publisher\":{\"@id\":\"https:\\\/\\\/chileentinieblas.cl\\\/#organization\"},\"potentialAction\":[{\"@type\":\"SearchAction\",\"target\":{\"@type\":\"EntryPoint\",\"urlTemplate\":\"https:\\\/\\\/chileentinieblas.cl\\\/?s={search_term_string}\"},\"query-input\":{\"@type\":\"PropertyValueSpecification\",\"valueRequired\":true,\"valueName\":\"search_term_string\"}}],\"inLanguage\":\"en-US\"},{\"@type\":\"Organization\",\"@id\":\"https:\\\/\\\/chileentinieblas.cl\\\/#organization\",\"name\":\"Chile en Tinieblas\",\"url\":\"https:\\\/\\\/chileentinieblas.cl\\\/\",\"logo\":{\"@type\":\"ImageObject\",\"inLanguage\":\"en-US\",\"@id\":\"https:\\\/\\\/chileentinieblas.cl\\\/#\\\/schema\\\/logo\\\/image\\\/\",\"url\":\"https:\\\/\\\/chileentinieblas.cl\\\/wp-content\\\/uploads\\\/2021\\\/12\\\/logo-cet-claro.png\",\"contentUrl\":\"https:\\\/\\\/chileentinieblas.cl\\\/wp-content\\\/uploads\\\/2021\\\/12\\\/logo-cet-claro.png\",\"width\":1001,\"height\":1030,\"caption\":\"Chile en Tinieblas\"},\"image\":{\"@id\":\"https:\\\/\\\/chileentinieblas.cl\\\/#\\\/schema\\\/logo\\\/image\\\/\"},\"sameAs\":[\"https:\\\/\\\/www.facebook.com\\\/ChileenTinieblas\",\"https:\\\/\\\/www.instagram.com\\\/chileentinieblas\\\/\",\"https:\\\/\\\/www.youtube.com\\\/@chileentinieblas\",\"https:\\\/\\\/www.tiktok.com\\\/@chileentinieblas\"]},{\"@type\":\"Person\",\"@id\":\"https:\\\/\\\/chileentinieblas.cl\\\/#\\\/schema\\\/person\\\/ea8aee39744e16ad5c09abf0336c6ad0\",\"name\":\"Control\",\"image\":{\"@type\":\"ImageObject\",\"inLanguage\":\"en-US\",\"@id\":\"https:\\\/\\\/secure.gravatar.com\\\/avatar\\\/1d809a2f4cc7a14d598d85ad3fd62576293519b09f8b157de180e7916f7c7fb7?s=96&d=mm&r=g\",\"url\":\"https:\\\/\\\/secure.gravatar.com\\\/avatar\\\/1d809a2f4cc7a14d598d85ad3fd62576293519b09f8b157de180e7916f7c7fb7?s=96&d=mm&r=g\",\"contentUrl\":\"https:\\\/\\\/secure.gravatar.com\\\/avatar\\\/1d809a2f4cc7a14d598d85ad3fd62576293519b09f8b157de180e7916f7c7fb7?s=96&d=mm&r=g\",\"caption\":\"Control\"},\"sameAs\":[\"http:\\\/\\\/chileentinieblas.cl\"],\"url\":\"https:\\\/\\\/chileentinieblas.cl\\\/en\\\/author\\\/control\\\/\"}]}<\/script>\n<!-- \/ Yoast SEO plugin. -->","yoast_head_json":{"title":"Evento \"El lamento de los dioses ca\u00eddos\" - Chile en Tinieblas","robots":{"index":"index","follow":"follow","max-snippet":"max-snippet:-1","max-image-preview":"max-image-preview:large","max-video-preview":"max-video-preview:-1"},"canonical":"https:\/\/chileentinieblas.cl\/en\/evento-el-lamento-de-los-dioses-caidos\/","og_locale":"en_US","og_type":"article","og_title":"Evento \"El lamento de los dioses ca\u00eddos\" - Chile en Tinieblas","og_description":"El lamento de los dioses ca\u00eddos es la segunda parte de nuestro anterior evento \"El susurro del dios olvidado\" y el primer gran evento de este 2023 que organizamos junto a nuestros amigos del Ludum Bar el s\u00e1bado 22 de Julio, a las 19:00 hrs.","og_url":"https:\/\/chileentinieblas.cl\/en\/evento-el-lamento-de-los-dioses-caidos\/","og_site_name":"Chile en Tinieblas","article_publisher":"https:\/\/www.facebook.com\/ChileenTinieblas","article_published_time":"2023-06-01T01:39:54+00:00","article_modified_time":"2023-06-27T21:47:27+00:00","og_image":[{"width":1500,"height":500,"url":"https:\/\/chileentinieblas.cl\/wp-content\/uploads\/2023\/06\/Dioses-caidos-portada.jpg","type":"image\/jpeg"}],"author":"Control","twitter_card":"summary_large_image","twitter_misc":{"Written by":"Control","Est. reading time":"3 minutes"},"schema":{"@context":"https:\/\/schema.org","@graph":[{"@type":"Article","@id":"https:\/\/chileentinieblas.cl\/evento-el-lamento-de-los-dioses-caidos\/#article","isPartOf":{"@id":"https:\/\/chileentinieblas.cl\/evento-el-lamento-de-los-dioses-caidos\/"},"author":{"name":"Control","@id":"https:\/\/chileentinieblas.cl\/#\/schema\/person\/ea8aee39744e16ad5c09abf0336c6ad0"},"headline":"Evento &#8220;El lamento de los dioses ca\u00eddos&#8221;","datePublished":"2023-06-01T01:39:54+00:00","dateModified":"2023-06-27T21:47:27+00:00","mainEntityOfPage":{"@id":"https:\/\/chileentinieblas.cl\/evento-el-lamento-de-los-dioses-caidos\/"},"wordCount":511,"commentCount":1,"publisher":{"@id":"https:\/\/chileentinieblas.cl\/#organization"},"image":{"@id":"https:\/\/chileentinieblas.cl\/evento-el-lamento-de-los-dioses-caidos\/#primaryimage"},"thumbnailUrl":"https:\/\/chileentinieblas.cl\/wp-content\/uploads\/2023\/06\/Dioses-caidos-portada.jpg","keywords":["crossover"],"articleSection":["Eventos"],"inLanguage":"en-US","potentialAction":[{"@type":"CommentAction","name":"Comment","target":["https:\/\/chileentinieblas.cl\/evento-el-lamento-de-los-dioses-caidos\/#respond"]}]},{"@type":"WebPage","@id":"https:\/\/chileentinieblas.cl\/evento-el-lamento-de-los-dioses-caidos\/","url":"https:\/\/chileentinieblas.cl\/evento-el-lamento-de-los-dioses-caidos\/","name":"Evento \"El lamento de los dioses ca\u00eddos\" - Chile en Tinieblas","isPartOf":{"@id":"https:\/\/chileentinieblas.cl\/#website"},"primaryImageOfPage":{"@id":"https:\/\/chileentinieblas.cl\/evento-el-lamento-de-los-dioses-caidos\/#primaryimage"},"image":{"@id":"https:\/\/chileentinieblas.cl\/evento-el-lamento-de-los-dioses-caidos\/#primaryimage"},"thumbnailUrl":"https:\/\/chileentinieblas.cl\/wp-content\/uploads\/2023\/06\/Dioses-caidos-portada.jpg","datePublished":"2023-06-01T01:39:54+00:00","dateModified":"2023-06-27T21:47:27+00:00","breadcrumb":{"@id":"https:\/\/chileentinieblas.cl\/evento-el-lamento-de-los-dioses-caidos\/#breadcrumb"},"inLanguage":"en-US","potentialAction":[{"@type":"ReadAction","target":["https:\/\/chileentinieblas.cl\/evento-el-lamento-de-los-dioses-caidos\/"]}]},{"@type":"ImageObject","inLanguage":"en-US","@id":"https:\/\/chileentinieblas.cl\/evento-el-lamento-de-los-dioses-caidos\/#primaryimage","url":"https:\/\/chileentinieblas.cl\/wp-content\/uploads\/2023\/06\/Dioses-caidos-portada.jpg","contentUrl":"https:\/\/chileentinieblas.cl\/wp-content\/uploads\/2023\/06\/Dioses-caidos-portada.jpg","width":1500,"height":500},{"@type":"BreadcrumbList","@id":"https:\/\/chileentinieblas.cl\/evento-el-lamento-de-los-dioses-caidos\/#breadcrumb","itemListElement":[{"@type":"ListItem","position":1,"name":"Portada","item":"https:\/\/chileentinieblas.cl\/"},{"@type":"ListItem","position":2,"name":"Evento \u00abEl lamento de los dioses ca\u00eddos\u00bb"}]},{"@type":"WebSite","@id":"https:\/\/chileentinieblas.cl\/#website","url":"https:\/\/chileentinieblas.cl\/","name":"Chile en Tinieblas","description":"Un servidor con mesas de rol de Mundo de Tinieblas","publisher":{"@id":"https:\/\/chileentinieblas.cl\/#organization"},"potentialAction":[{"@type":"SearchAction","target":{"@type":"EntryPoint","urlTemplate":"https:\/\/chileentinieblas.cl\/?s={search_term_string}"},"query-input":{"@type":"PropertyValueSpecification","valueRequired":true,"valueName":"search_term_string"}}],"inLanguage":"en-US"},{"@type":"Organization","@id":"https:\/\/chileentinieblas.cl\/#organization","name":"Chile en Tinieblas","url":"https:\/\/chileentinieblas.cl\/","logo":{"@type":"ImageObject","inLanguage":"en-US","@id":"https:\/\/chileentinieblas.cl\/#\/schema\/logo\/image\/","url":"https:\/\/chileentinieblas.cl\/wp-content\/uploads\/2021\/12\/logo-cet-claro.png","contentUrl":"https:\/\/chileentinieblas.cl\/wp-content\/uploads\/2021\/12\/logo-cet-claro.png","width":1001,"height":1030,"caption":"Chile en Tinieblas"},"image":{"@id":"https:\/\/chileentinieblas.cl\/#\/schema\/logo\/image\/"},"sameAs":["https:\/\/www.facebook.com\/ChileenTinieblas","https:\/\/www.instagram.com\/chileentinieblas\/","https:\/\/www.youtube.com\/@chileentinieblas","https:\/\/www.tiktok.com\/@chileentinieblas"]},{"@type":"Person","@id":"https:\/\/chileentinieblas.cl\/#\/schema\/person\/ea8aee39744e16ad5c09abf0336c6ad0","name":"Control","image":{"@type":"ImageObject","inLanguage":"en-US","@id":"https:\/\/secure.gravatar.com\/avatar\/1d809a2f4cc7a14d598d85ad3fd62576293519b09f8b157de180e7916f7c7fb7?s=96&d=mm&r=g","url":"https:\/\/secure.gravatar.com\/avatar\/1d809a2f4cc7a14d598d85ad3fd62576293519b09f8b157de180e7916f7c7fb7?s=96&d=mm&r=g","contentUrl":"https:\/\/secure.gravatar.com\/avatar\/1d809a2f4cc7a14d598d85ad3fd62576293519b09f8b157de180e7916f7c7fb7?s=96&d=mm&r=g","caption":"Control"},"sameAs":["http:\/\/chileentinieblas.cl"],"url":"https:\/\/chileentinieblas.cl\/en\/author\/control\/"}]}},"jetpack_sharing_enabled":true,"jetpack_featured_media_url":"https:\/\/chileentinieblas.cl\/wp-content\/uploads\/2023\/06\/Dioses-caidos-portada.jpg","_links":{"self":[{"href":"https:\/\/chileentinieblas.cl\/en\/wp-json\/wp\/v2\/posts\/4094","targetHints":{"allow":["GET"]}}],"collection":[{"href":"https:\/\/chileentinieblas.cl\/en\/wp-json\/wp\/v2\/posts"}],"about":[{"href":"https:\/\/chileentinieblas.cl\/en\/wp-json\/wp\/v2\/types\/post"}],"author":[{"embeddable":true,"href":"https:\/\/chileentinieblas.cl\/en\/wp-json\/wp\/v2\/users\/1"}],"replies":[{"embeddable":true,"href":"https:\/\/chileentinieblas.cl\/en\/wp-json\/wp\/v2\/comments?post=4094"}],"version-history":[{"count":24,"href":"https:\/\/chileentinieblas.cl\/en\/wp-json\/wp\/v2\/posts\/4094\/revisions"}],"predecessor-version":[{"id":4580,"href":"https:\/\/chileentinieblas.cl\/en\/wp-json\/wp\/v2\/posts\/4094\/revisions\/4580"}],"wp:featuredmedia":[{"embeddable":true,"href":"https:\/\/chileentinieblas.cl\/en\/wp-json\/wp\/v2\/media\/4095"}],"wp:attachment":[{"href":"https:\/\/chileentinieblas.cl\/en\/wp-json\/wp\/v2\/media?parent=4094"}],"wp:term":[{"taxonomy":"category","embeddable":true,"href":"https:\/\/chileentinieblas.cl\/en\/wp-json\/wp\/v2\/categories?post=4094"},{"taxonomy":"post_tag","embeddable":true,"href":"https:\/\/chileentinieblas.cl\/en\/wp-json\/wp\/v2\/tags?post=4094"},{"taxonomy":"juego","embeddable":true,"href":"https:\/\/chileentinieblas.cl\/en\/wp-json\/wp\/v2\/juego?post=4094"}],"curies":[{"name":"wp","href":"https:\/\/api.w.org\/{rel}","templated":true}]}}