{"id":3541,"date":"2023-04-13T17:40:53","date_gmt":"2023-04-13T17:40:53","guid":{"rendered":"https:\/\/chileentinieblas.cl\/?p=3541"},"modified":"2025-10-29T19:02:10","modified_gmt":"2025-10-29T19:02:10","slug":"la-guerra-inmortal-desarrollo-de-los-vampiros-en-santiago-desde-el-2015-hasta-la-fecha","status":"publish","type":"post","link":"https:\/\/chileentinieblas.cl\/en\/la-guerra-inmortal-desarrollo-de-los-vampiros-en-santiago-desde-el-2015-hasta-la-fecha\/","title":{"rendered":"La guerra inmortal"},"content":{"rendered":"<p class=\"wp-block-paragraph\">Desarrollo de los vampiros en Santiago desde el 2015 hasta el 2020.<\/p>\n\n\n\n<h2 class=\"wp-block-heading\" id=\"h-ano-2015\">A\u00f1o 2015<\/h2>\n\n\n\n<p class=\"wp-block-paragraph\">En 2015, comenz\u00f3 uno de los eventos m\u00e1s importantes en el desarrollo de las sociedades nocturnas en Santiago. A pesar de un cisma en la camarilla en 2012, en el que los clanes Brujah y Gangrel se separaron, no fue hasta 2015 que ocurri\u00f3 un \u00e9xodo masivo desde Valpara\u00edso con el fin de reclamar Santiago para los anarquistas.<\/p>\n\n\n\n<p class=\"wp-block-paragraph\">Los anarquistas, liderados por una Brujah llamada <a href=\"https:\/\/chileentinieblas.cl\/en\/pnj\/elysa-starek\/\">Elysa Starek<\/a>, chiquilla de la renombrada anarquista \u00c1gata Starek, comandaban un grupo importante de anarquistas desde Valpara\u00edso, asqueados de la inactividad de los barones de la regi\u00f3n de Santiago. El plan era simple: tomar las regiones con escasa presencia de la camarilla para reclamarlas para el movimiento.<\/p>\n\n\n\n<p class=\"wp-block-paragraph\">El primer objetivo era Estaci\u00f3n Central, lugar estrat\u00e9gico para la dispersi\u00f3n de los anarquistas porte\u00f1os. El bar\u00f3n de Pudahuel, un Nosferatu llamado <a href=\"https:\/\/chileentinieblas.cl\/en\/pnj\/colmillo\/\">Colmillo<\/a>, se uni\u00f3 r\u00e1pidamente a <strong>Elysa<\/strong>, suministrando el primer lugar en alinearse con esta nueva l\u00edder. Estaci\u00f3n Central fue una comuna de f\u00e1cil acceso, donde en menos de una semana, los anarquistas sobrepasaron la peque\u00f1a cuadrilla que cuidaba el lugar. La semana siguiente, Lo Prado hab\u00eda ca\u00eddo en manos de anarquistas.<\/p>\n\n\n\n<p class=\"wp-block-paragraph\">La camarilla se ve\u00eda sobrepasada. En 2012, hab\u00eda perdido dos clanes y a\u00fan se estaba ajustando a la entrada de los Banu Hakim. Sumado a esto, el antiguo pr\u00edncipe Ventrue, llamado <strong>Frederick M\u00fcller<\/strong>, hab\u00eda desaparecido y dejado en su lugar al pr\u00edncipe <strong>Alejandro S\u00e1nchez<\/strong>, un toreador m\u00e1s preocupado por su vida social que por la praxis en s\u00ed. Estos factores limitaron la capacidad de respuesta de la camarilla y, por consiguiente, la p\u00e9rdida de ambas comunas.<\/p>\n\n\n\n<p class=\"wp-block-paragraph\">Al ver el poder de los anarquistas porte\u00f1os, los barones de Santiago, principalmente ex camarillas, se alinearon con Elysa para destruir a la camarilla. El plan sonaba bien y, respaldados por el bar\u00f3n <a href=\"https:\/\/chileentinieblas.cl\/en\/pnj\/verde\/\">Pedro Ram\u00edrez<\/a>, <a href=\"https:\/\/chileentinieblas.cl\/en\/pnj\/sol-miralles\/\">Sol Miralles<\/a>, La Reina de las Ratas y el <a href=\"https:\/\/chileentinieblas.cl\/en\/pnj\/senor-d\/\">Se\u00f1or D<\/a>, comenzaron a asfixiar a la camarilla. Sin embargo, durante tres a\u00f1os, la guerra se vio en un punto de inflexibilidad, mientras la camarilla, lenta pero segura, comenzaba a detener a los anarquistas, estos mismos comenzaban a mostrar claras diferencias entre sus formas.<\/p>\n\n\n\n<p class=\"wp-block-paragraph\"><strong>Elysa<\/strong> y sus fuerzas segu\u00edan el principio de la diablerie, lo que continuaba siendo inc\u00f3modo para los barones m\u00e1s conservadores. Las peleas abiertas entre las dos facciones comenzaron a llamar la atenci\u00f3n de la polic\u00eda, hasta que un grupo de vampiros asesin\u00f3 a la familia de un detective llamado <strong>Bruno Mancera<\/strong>. En 2019, Bruno Mancera logr\u00f3 convencer a la PDI para generar un departamento con el objetivo de eliminar la amenaza de los cuerpos neutros. Ayudado por el leopoldista <strong>Adriano Mancini<\/strong> y la agencia BOES, comenzaron a tener un cuerpo m\u00e1s articulado de ataque. Con la escasa informaci\u00f3n disponible, hay reportes de grupos coordinados y altamente armados que est\u00e1n exterminando tanto a los anarquistas como a la Camarilla. El odio de Mancera se ha transmitido a algunos agentes de la <a href=\"https:\/\/chileentinieblas.cl\/en\/agrupaciones\/f-a-s-t\/\">Fuerza de Ataque Secreta Temprana (FAST)<\/a>. Los barones anarquistas, liderados por Colmillo, logran hacer una tregua con Alejandro S\u00e1nchez para enfrentar la amenaza en un pacto llamado &#8220;<strong>El pacto de Huel\u00e9n<\/strong>&#8220;. El acuerdo establece que ambos grupos se dedicar\u00edan a cazar a los cazadores, mientras que no se invade el territorio contrario. Las noticias sobre la purga en Londres han llegado r\u00e1pidamente y los v\u00e1stagos de Santiago se refieren al grupo que est\u00e1 extermin\u00e1ndolos como la &#8220;segunda Inquisici\u00f3n&#8221;.<\/p>\n\n\n\n<p class=\"wp-block-paragraph\">Los v\u00e1stagos de Santiago logran encontrar la guarida de FAST y matan al leopoldista Adriano, pero no pueden detener la huida de Mancera. La alianza entre las facciones ha generado graves problemas tanto dentro de los anarquistas como de la Camarilla. En la Camarilla, FAST ha golpeado fuertemente, y el pr\u00edncipe Alejandro est\u00e1 desaparecido. El triunvirato de los primog\u00e9nitos ventrue, malkavian y tremere lidera la Camarilla en su ausencia, pero el ventrue <strong>Richard Othrebuat<\/strong> declara la praxis y comienza una guerra civil silenciosa contra aquellos que creen que Alejandro es el leg\u00edtimo pr\u00edncipe.<\/p>\n\n\n\n<p class=\"wp-block-paragraph\">En los anarquistas, hay disidencias contra Elysa, lo que lleva a un complot liderado por <a href=\"https:\/\/chileentinieblas.cl\/en\/pnj\/kuyen\/\">Kuy\u00e9n<\/a> para eliminar el principado ubicado en la c\u00e1mara nacional de comercio, el palacio Bruna. Durante el levantamiento social en 2019, los anarquistas atacan el palacio y asesinan a muchos v\u00e1stagos de la Camarilla, incluida la primog\u00e9nita toreador, Chloe Bennet. <strong>Kuy\u00e9n<\/strong> declara su dominio sobre estos territorios, pero Elysa la traiciona alegando que conspir\u00f3 con gente de la Camarilla para obtener acceso a los planos del lugar. Elysa se declara baronesa de Santiago centro despu\u00e9s de diablerizar a la primog\u00e9nita toreador y Kuy\u00e9n se declara baronesa en Bellavista para evitar ser asesinada por Elysa. La guerra contra la Camarilla se intensifica, y tanto Starek como el se\u00f1or D luchan para eliminar los territorios de los banu haquim en \u00d1u\u00f1oa y de los Nosferatu en Providencia.<\/p>\n\n\n\n<p class=\"wp-block-paragraph\">La guerra contra la Camarilla se intensific\u00f3, y tanto Starek como el se\u00f1or D se enfrentaron para eliminar los territorios de los Banu Haquim en \u00d1u\u00f1oa y los Nosferatu en Providencia. Sin embargo, en 2020, un exmiembro de la Camarilla llamado <strong>Ren Black<\/strong> expuso a <a href=\"https:\/\/chileentinieblas.cl\/en\/pnj\/bradford-ellison-thiel\/\">Bradford<\/a>, el pr\u00edncipe de la Camarilla, como vampiro a los medios mediante una serie de panfletos. Esto atrajo la atenci\u00f3n de las autoridades y provoc\u00f3 el resurgimiento de Bruno Mancera, quien ahora ten\u00eda m\u00e1s recursos y poder en su nuevo departamento. La PDI empez\u00f3 a prestar mayor atenci\u00f3n a los cuerpos neutrales y comenz\u00f3 una incursi\u00f3n agresiva que oblig\u00f3 a terminar la guerra entre la Torre y los Anarquistas.<\/p>\n\n\n\n<p class=\"wp-block-paragraph\">En Las Vizcachas, despu\u00e9s de la aprehensi\u00f3n de Ren y la asamblea conjunta entre la Camarilla y los Anarquistas para someterlo a juicio por su ruptura de la Mascarada, un contingente nunca antes visto de FAST atac\u00f3 el lugar, matando a muchos miembros de la Camarilla y vampiros influyentes dentro del Anarquismo. Estos violentos episodios se sumaron a la disminuci\u00f3n de la efervescencia mortal y a la llegada de la pandemia, lo que llev\u00f3 a la cesaci\u00f3n de la revoluci\u00f3n Anarquista.<\/p>\n\n\n\n<p class=\"wp-block-paragraph\">La Camarilla se ocult\u00f3 y gener\u00f3 varios sistemas para suministrar la escasez de sangre, que debido a la pandemia manten\u00eda a los mortales m\u00e1s alertas y encerrados. La Camarilla se adapt\u00f3 y logr\u00f3 evitar a los agentes de FAST ocultos entre los militares que controlaban Santiago. Sin embargo, los Anarquistas no lo lograron. Los cazadores comenzaron a eliminar cuadrillas completas, y la falta de sangre hizo que los vampiros se volvieran m\u00e1s osados y descuidados, lo que aumentaba su caza. Un c\u00edrculo vicioso complejo.<\/p>\n\n\n\n<p class=\"wp-block-paragraph\">Al finalizar las restricciones, los Anarquistas estaban profundamente divididos. El asesinato en Las Vizcachas, sumado a la escasez de sangre y al congelamiento de la guerra, fue demasiado para mantener la calma. Las fricciones entre los Barones se hicieron m\u00e1s obvias, y el enfrentamiento interno estaba a punto de estallar. Hace unos meses, se han producido extra\u00f1os asesinatos en territorios Anarquistas, principalmente en el territorio de Kuy\u00e9n. No parecen ser obra ni de la Camarilla ni de los cazadores. Son asesinatos macabros que auguran la presencia de seres mucho m\u00e1s pervertidos.<\/p>\n\n\n\n<p class=\"wp-block-paragraph\">Kuy\u00e9n, quien asegura que estos asesinatos son obra de una c\u00e9lula Sabbat presente en la ciudad ha planteado la necesidad de un <strong>Lonko<\/strong>, que pueda dar nuevas fuerzas a la revoluci\u00f3n.<\/p>","protected":false},"excerpt":{"rendered":"<p>Desarrollo de los vampiros en Santiago desde el 2015 hasta el 2020. Una historia de la decadencia de la Camarilla y el surgimiento de la libertad.<\/p>","protected":false},"author":9,"featured_media":3542,"comment_status":"open","ping_status":"open","sticky":false,"template":"","format":"standard","meta":{"_acf_changed":false,"inline_featured_image":false,"_monsterinsights_skip_tracking":false,"_jetpack_newsletter_access":"","_jetpack_dont_email_post_to_subs":false,"_jetpack_newsletter_tier_id":0,"_jetpack_memberships_contains_paywalled_content":false,"fifu_image_url":"","fifu_image_alt":"","_jetpack_feature_clip_id":0,"_jetpack_memberships_contains_paid_content":false,"footnotes":"","jetpack_post_was_ever_published":false},"categories":[134],"tags":[99],"juego":[],"class_list":["post-3541","post","type-post","status-publish","format-standard","has-post-thumbnail","hentry","category-historias","tag-vampiro-la-mascarada"],"acf":[],"yoast_head":"<!-- This site is optimized with the Yoast SEO plugin v28.4 - https:\/\/yoast.com\/product\/yoast-seo-wordpress\/ -->\n<title>La guerra inmortal - Chile en Tinieblas<\/title>\n<meta name=\"robots\" content=\"index, follow, max-snippet:-1, max-image-preview:large, max-video-preview:-1\" \/>\n<link rel=\"canonical\" href=\"https:\/\/chileentinieblas.cl\/en\/la-guerra-inmortal-desarrollo-de-los-vampiros-en-santiago-desde-el-2015-hasta-la-fecha\/\" \/>\n<meta property=\"og:locale\" content=\"en_US\" \/>\n<meta property=\"og:type\" content=\"article\" \/>\n<meta property=\"og:title\" content=\"La guerra inmortal - Chile en Tinieblas\" \/>\n<meta property=\"og:description\" content=\"Desarrollo de los vampiros en Santiago desde el 2015 hasta el 2020. Una historia de la decadencia de la Camarilla y el surgimiento de la libertad.\" \/>\n<meta property=\"og:url\" content=\"https:\/\/chileentinieblas.cl\/en\/la-guerra-inmortal-desarrollo-de-los-vampiros-en-santiago-desde-el-2015-hasta-la-fecha\/\" \/>\n<meta property=\"og:site_name\" content=\"Chile en Tinieblas\" \/>\n<meta property=\"article:publisher\" content=\"https:\/\/www.facebook.com\/ChileenTinieblas\" \/>\n<meta property=\"article:published_time\" content=\"2023-04-13T17:40:53+00:00\" \/>\n<meta property=\"article:modified_time\" content=\"2025-10-29T19:02:10+00:00\" \/>\n<meta property=\"og:image\" content=\"https:\/\/chileentinieblas.cl\/wp-content\/uploads\/2023\/04\/SantiagoAtNight-e1761763959813.png\" \/>\n\t<meta property=\"og:image:width\" content=\"1024\" \/>\n\t<meta property=\"og:image:height\" content=\"577\" \/>\n\t<meta property=\"og:image:type\" content=\"image\/png\" \/>\n<meta name=\"author\" content=\"Claudio Artigas\" \/>\n<meta name=\"twitter:card\" content=\"summary_large_image\" \/>\n<meta name=\"twitter:label1\" content=\"Written by\" \/>\n\t<meta name=\"twitter:data1\" content=\"Claudio Artigas\" \/>\n\t<meta name=\"twitter:label2\" content=\"Est. reading time\" \/>\n\t<meta name=\"twitter:data2\" content=\"6 minutes\" \/>\n<script type=\"application\/ld+json\" class=\"yoast-schema-graph\">{\"@context\":\"https:\\\/\\\/schema.org\",\"@graph\":[{\"@type\":\"Article\",\"@id\":\"https:\\\/\\\/chileentinieblas.cl\\\/la-guerra-inmortal-desarrollo-de-los-vampiros-en-santiago-desde-el-2015-hasta-la-fecha\\\/#article\",\"isPartOf\":{\"@id\":\"https:\\\/\\\/chileentinieblas.cl\\\/la-guerra-inmortal-desarrollo-de-los-vampiros-en-santiago-desde-el-2015-hasta-la-fecha\\\/\"},\"author\":{\"name\":\"Claudio Artigas\",\"@id\":\"https:\\\/\\\/chileentinieblas.cl\\\/#\\\/schema\\\/person\\\/ba6380868b67fe6c1d4aa00ea4776b91\"},\"headline\":\"La guerra inmortal\",\"datePublished\":\"2023-04-13T17:40:53+00:00\",\"dateModified\":\"2025-10-29T19:02:10+00:00\",\"mainEntityOfPage\":{\"@id\":\"https:\\\/\\\/chileentinieblas.cl\\\/la-guerra-inmortal-desarrollo-de-los-vampiros-en-santiago-desde-el-2015-hasta-la-fecha\\\/\"},\"wordCount\":1284,\"commentCount\":0,\"publisher\":{\"@id\":\"https:\\\/\\\/chileentinieblas.cl\\\/#organization\"},\"image\":{\"@id\":\"https:\\\/\\\/chileentinieblas.cl\\\/la-guerra-inmortal-desarrollo-de-los-vampiros-en-santiago-desde-el-2015-hasta-la-fecha\\\/#primaryimage\"},\"thumbnailUrl\":\"https:\\\/\\\/chileentinieblas.cl\\\/wp-content\\\/uploads\\\/2023\\\/04\\\/SantiagoAtNight-e1761763959813.png\",\"keywords\":[\"vampiro la mascarada\"],\"articleSection\":[\"Historias\"],\"inLanguage\":\"en-US\",\"potentialAction\":[{\"@type\":\"CommentAction\",\"name\":\"Comment\",\"target\":[\"https:\\\/\\\/chileentinieblas.cl\\\/la-guerra-inmortal-desarrollo-de-los-vampiros-en-santiago-desde-el-2015-hasta-la-fecha\\\/#respond\"]}]},{\"@type\":\"WebPage\",\"@id\":\"https:\\\/\\\/chileentinieblas.cl\\\/la-guerra-inmortal-desarrollo-de-los-vampiros-en-santiago-desde-el-2015-hasta-la-fecha\\\/\",\"url\":\"https:\\\/\\\/chileentinieblas.cl\\\/la-guerra-inmortal-desarrollo-de-los-vampiros-en-santiago-desde-el-2015-hasta-la-fecha\\\/\",\"name\":\"La guerra inmortal - Chile en Tinieblas\",\"isPartOf\":{\"@id\":\"https:\\\/\\\/chileentinieblas.cl\\\/#website\"},\"primaryImageOfPage\":{\"@id\":\"https:\\\/\\\/chileentinieblas.cl\\\/la-guerra-inmortal-desarrollo-de-los-vampiros-en-santiago-desde-el-2015-hasta-la-fecha\\\/#primaryimage\"},\"image\":{\"@id\":\"https:\\\/\\\/chileentinieblas.cl\\\/la-guerra-inmortal-desarrollo-de-los-vampiros-en-santiago-desde-el-2015-hasta-la-fecha\\\/#primaryimage\"},\"thumbnailUrl\":\"https:\\\/\\\/chileentinieblas.cl\\\/wp-content\\\/uploads\\\/2023\\\/04\\\/SantiagoAtNight-e1761763959813.png\",\"datePublished\":\"2023-04-13T17:40:53+00:00\",\"dateModified\":\"2025-10-29T19:02:10+00:00\",\"breadcrumb\":{\"@id\":\"https:\\\/\\\/chileentinieblas.cl\\\/la-guerra-inmortal-desarrollo-de-los-vampiros-en-santiago-desde-el-2015-hasta-la-fecha\\\/#breadcrumb\"},\"inLanguage\":\"en-US\",\"potentialAction\":[{\"@type\":\"ReadAction\",\"target\":[\"https:\\\/\\\/chileentinieblas.cl\\\/la-guerra-inmortal-desarrollo-de-los-vampiros-en-santiago-desde-el-2015-hasta-la-fecha\\\/\"]}]},{\"@type\":\"ImageObject\",\"inLanguage\":\"en-US\",\"@id\":\"https:\\\/\\\/chileentinieblas.cl\\\/la-guerra-inmortal-desarrollo-de-los-vampiros-en-santiago-desde-el-2015-hasta-la-fecha\\\/#primaryimage\",\"url\":\"https:\\\/\\\/chileentinieblas.cl\\\/wp-content\\\/uploads\\\/2023\\\/04\\\/SantiagoAtNight-e1761763959813.png\",\"contentUrl\":\"https:\\\/\\\/chileentinieblas.cl\\\/wp-content\\\/uploads\\\/2023\\\/04\\\/SantiagoAtNight-e1761763959813.png\",\"width\":1024,\"height\":577},{\"@type\":\"BreadcrumbList\",\"@id\":\"https:\\\/\\\/chileentinieblas.cl\\\/la-guerra-inmortal-desarrollo-de-los-vampiros-en-santiago-desde-el-2015-hasta-la-fecha\\\/#breadcrumb\",\"itemListElement\":[{\"@type\":\"ListItem\",\"position\":1,\"name\":\"Portada\",\"item\":\"https:\\\/\\\/chileentinieblas.cl\\\/\"},{\"@type\":\"ListItem\",\"position\":2,\"name\":\"La guerra inmortal\"}]},{\"@type\":\"WebSite\",\"@id\":\"https:\\\/\\\/chileentinieblas.cl\\\/#website\",\"url\":\"https:\\\/\\\/chileentinieblas.cl\\\/\",\"name\":\"Chile en Tinieblas\",\"description\":\"Un servidor con mesas de rol de Mundo de Tinieblas\",\"publisher\":{\"@id\":\"https:\\\/\\\/chileentinieblas.cl\\\/#organization\"},\"potentialAction\":[{\"@type\":\"SearchAction\",\"target\":{\"@type\":\"EntryPoint\",\"urlTemplate\":\"https:\\\/\\\/chileentinieblas.cl\\\/?s={search_term_string}\"},\"query-input\":{\"@type\":\"PropertyValueSpecification\",\"valueRequired\":true,\"valueName\":\"search_term_string\"}}],\"inLanguage\":\"en-US\"},{\"@type\":\"Organization\",\"@id\":\"https:\\\/\\\/chileentinieblas.cl\\\/#organization\",\"name\":\"Chile en Tinieblas\",\"url\":\"https:\\\/\\\/chileentinieblas.cl\\\/\",\"logo\":{\"@type\":\"ImageObject\",\"inLanguage\":\"en-US\",\"@id\":\"https:\\\/\\\/chileentinieblas.cl\\\/#\\\/schema\\\/logo\\\/image\\\/\",\"url\":\"https:\\\/\\\/chileentinieblas.cl\\\/wp-content\\\/uploads\\\/2021\\\/12\\\/logo-cet-claro.png\",\"contentUrl\":\"https:\\\/\\\/chileentinieblas.cl\\\/wp-content\\\/uploads\\\/2021\\\/12\\\/logo-cet-claro.png\",\"width\":1001,\"height\":1030,\"caption\":\"Chile en Tinieblas\"},\"image\":{\"@id\":\"https:\\\/\\\/chileentinieblas.cl\\\/#\\\/schema\\\/logo\\\/image\\\/\"},\"sameAs\":[\"https:\\\/\\\/www.facebook.com\\\/ChileenTinieblas\",\"https:\\\/\\\/www.instagram.com\\\/chileentinieblas\\\/\",\"https:\\\/\\\/www.youtube.com\\\/@chileentinieblas\",\"https:\\\/\\\/www.tiktok.com\\\/@chileentinieblas\"]},{\"@type\":\"Person\",\"@id\":\"https:\\\/\\\/chileentinieblas.cl\\\/#\\\/schema\\\/person\\\/ba6380868b67fe6c1d4aa00ea4776b91\",\"name\":\"Claudio Artigas\",\"image\":{\"@type\":\"ImageObject\",\"inLanguage\":\"en-US\",\"@id\":\"https:\\\/\\\/secure.gravatar.com\\\/avatar\\\/c0c0b648f4e68bcbabf574c3421c3d006d89eff763ef61087c78507b9cc58be5?s=96&d=mm&r=g\",\"url\":\"https:\\\/\\\/secure.gravatar.com\\\/avatar\\\/c0c0b648f4e68bcbabf574c3421c3d006d89eff763ef61087c78507b9cc58be5?s=96&d=mm&r=g\",\"contentUrl\":\"https:\\\/\\\/secure.gravatar.com\\\/avatar\\\/c0c0b648f4e68bcbabf574c3421c3d006d89eff763ef61087c78507b9cc58be5?s=96&d=mm&r=g\",\"caption\":\"Claudio Artigas\"},\"url\":\"https:\\\/\\\/chileentinieblas.cl\\\/en\\\/author\\\/francodibrotsy\\\/\"}]}<\/script>\n<!-- \/ Yoast SEO plugin. -->","yoast_head_json":{"title":"La guerra inmortal - Chile en Tinieblas","robots":{"index":"index","follow":"follow","max-snippet":"max-snippet:-1","max-image-preview":"max-image-preview:large","max-video-preview":"max-video-preview:-1"},"canonical":"https:\/\/chileentinieblas.cl\/en\/la-guerra-inmortal-desarrollo-de-los-vampiros-en-santiago-desde-el-2015-hasta-la-fecha\/","og_locale":"en_US","og_type":"article","og_title":"La guerra inmortal - Chile en Tinieblas","og_description":"Desarrollo de los vampiros en Santiago desde el 2015 hasta el 2020. Una historia de la decadencia de la Camarilla y el surgimiento de la libertad.","og_url":"https:\/\/chileentinieblas.cl\/en\/la-guerra-inmortal-desarrollo-de-los-vampiros-en-santiago-desde-el-2015-hasta-la-fecha\/","og_site_name":"Chile en Tinieblas","article_publisher":"https:\/\/www.facebook.com\/ChileenTinieblas","article_published_time":"2023-04-13T17:40:53+00:00","article_modified_time":"2025-10-29T19:02:10+00:00","og_image":[{"width":1024,"height":577,"url":"https:\/\/chileentinieblas.cl\/wp-content\/uploads\/2023\/04\/SantiagoAtNight-e1761763959813.png","type":"image\/png"}],"author":"Claudio Artigas","twitter_card":"summary_large_image","twitter_misc":{"Written by":"Claudio Artigas","Est. reading time":"6 minutes"},"schema":{"@context":"https:\/\/schema.org","@graph":[{"@type":"Article","@id":"https:\/\/chileentinieblas.cl\/la-guerra-inmortal-desarrollo-de-los-vampiros-en-santiago-desde-el-2015-hasta-la-fecha\/#article","isPartOf":{"@id":"https:\/\/chileentinieblas.cl\/la-guerra-inmortal-desarrollo-de-los-vampiros-en-santiago-desde-el-2015-hasta-la-fecha\/"},"author":{"name":"Claudio Artigas","@id":"https:\/\/chileentinieblas.cl\/#\/schema\/person\/ba6380868b67fe6c1d4aa00ea4776b91"},"headline":"La guerra inmortal","datePublished":"2023-04-13T17:40:53+00:00","dateModified":"2025-10-29T19:02:10+00:00","mainEntityOfPage":{"@id":"https:\/\/chileentinieblas.cl\/la-guerra-inmortal-desarrollo-de-los-vampiros-en-santiago-desde-el-2015-hasta-la-fecha\/"},"wordCount":1284,"commentCount":0,"publisher":{"@id":"https:\/\/chileentinieblas.cl\/#organization"},"image":{"@id":"https:\/\/chileentinieblas.cl\/la-guerra-inmortal-desarrollo-de-los-vampiros-en-santiago-desde-el-2015-hasta-la-fecha\/#primaryimage"},"thumbnailUrl":"https:\/\/chileentinieblas.cl\/wp-content\/uploads\/2023\/04\/SantiagoAtNight-e1761763959813.png","keywords":["vampiro la mascarada"],"articleSection":["Historias"],"inLanguage":"en-US","potentialAction":[{"@type":"CommentAction","name":"Comment","target":["https:\/\/chileentinieblas.cl\/la-guerra-inmortal-desarrollo-de-los-vampiros-en-santiago-desde-el-2015-hasta-la-fecha\/#respond"]}]},{"@type":"WebPage","@id":"https:\/\/chileentinieblas.cl\/la-guerra-inmortal-desarrollo-de-los-vampiros-en-santiago-desde-el-2015-hasta-la-fecha\/","url":"https:\/\/chileentinieblas.cl\/la-guerra-inmortal-desarrollo-de-los-vampiros-en-santiago-desde-el-2015-hasta-la-fecha\/","name":"La guerra inmortal - Chile en Tinieblas","isPartOf":{"@id":"https:\/\/chileentinieblas.cl\/#website"},"primaryImageOfPage":{"@id":"https:\/\/chileentinieblas.cl\/la-guerra-inmortal-desarrollo-de-los-vampiros-en-santiago-desde-el-2015-hasta-la-fecha\/#primaryimage"},"image":{"@id":"https:\/\/chileentinieblas.cl\/la-guerra-inmortal-desarrollo-de-los-vampiros-en-santiago-desde-el-2015-hasta-la-fecha\/#primaryimage"},"thumbnailUrl":"https:\/\/chileentinieblas.cl\/wp-content\/uploads\/2023\/04\/SantiagoAtNight-e1761763959813.png","datePublished":"2023-04-13T17:40:53+00:00","dateModified":"2025-10-29T19:02:10+00:00","breadcrumb":{"@id":"https:\/\/chileentinieblas.cl\/la-guerra-inmortal-desarrollo-de-los-vampiros-en-santiago-desde-el-2015-hasta-la-fecha\/#breadcrumb"},"inLanguage":"en-US","potentialAction":[{"@type":"ReadAction","target":["https:\/\/chileentinieblas.cl\/la-guerra-inmortal-desarrollo-de-los-vampiros-en-santiago-desde-el-2015-hasta-la-fecha\/"]}]},{"@type":"ImageObject","inLanguage":"en-US","@id":"https:\/\/chileentinieblas.cl\/la-guerra-inmortal-desarrollo-de-los-vampiros-en-santiago-desde-el-2015-hasta-la-fecha\/#primaryimage","url":"https:\/\/chileentinieblas.cl\/wp-content\/uploads\/2023\/04\/SantiagoAtNight-e1761763959813.png","contentUrl":"https:\/\/chileentinieblas.cl\/wp-content\/uploads\/2023\/04\/SantiagoAtNight-e1761763959813.png","width":1024,"height":577},{"@type":"BreadcrumbList","@id":"https:\/\/chileentinieblas.cl\/la-guerra-inmortal-desarrollo-de-los-vampiros-en-santiago-desde-el-2015-hasta-la-fecha\/#breadcrumb","itemListElement":[{"@type":"ListItem","position":1,"name":"Portada","item":"https:\/\/chileentinieblas.cl\/"},{"@type":"ListItem","position":2,"name":"La guerra inmortal"}]},{"@type":"WebSite","@id":"https:\/\/chileentinieblas.cl\/#website","url":"https:\/\/chileentinieblas.cl\/","name":"Chile en Tinieblas","description":"Un servidor con mesas de rol de Mundo de Tinieblas","publisher":{"@id":"https:\/\/chileentinieblas.cl\/#organization"},"potentialAction":[{"@type":"SearchAction","target":{"@type":"EntryPoint","urlTemplate":"https:\/\/chileentinieblas.cl\/?s={search_term_string}"},"query-input":{"@type":"PropertyValueSpecification","valueRequired":true,"valueName":"search_term_string"}}],"inLanguage":"en-US"},{"@type":"Organization","@id":"https:\/\/chileentinieblas.cl\/#organization","name":"Chile en Tinieblas","url":"https:\/\/chileentinieblas.cl\/","logo":{"@type":"ImageObject","inLanguage":"en-US","@id":"https:\/\/chileentinieblas.cl\/#\/schema\/logo\/image\/","url":"https:\/\/chileentinieblas.cl\/wp-content\/uploads\/2021\/12\/logo-cet-claro.png","contentUrl":"https:\/\/chileentinieblas.cl\/wp-content\/uploads\/2021\/12\/logo-cet-claro.png","width":1001,"height":1030,"caption":"Chile en Tinieblas"},"image":{"@id":"https:\/\/chileentinieblas.cl\/#\/schema\/logo\/image\/"},"sameAs":["https:\/\/www.facebook.com\/ChileenTinieblas","https:\/\/www.instagram.com\/chileentinieblas\/","https:\/\/www.youtube.com\/@chileentinieblas","https:\/\/www.tiktok.com\/@chileentinieblas"]},{"@type":"Person","@id":"https:\/\/chileentinieblas.cl\/#\/schema\/person\/ba6380868b67fe6c1d4aa00ea4776b91","name":"Claudio Artigas","image":{"@type":"ImageObject","inLanguage":"en-US","@id":"https:\/\/secure.gravatar.com\/avatar\/c0c0b648f4e68bcbabf574c3421c3d006d89eff763ef61087c78507b9cc58be5?s=96&d=mm&r=g","url":"https:\/\/secure.gravatar.com\/avatar\/c0c0b648f4e68bcbabf574c3421c3d006d89eff763ef61087c78507b9cc58be5?s=96&d=mm&r=g","contentUrl":"https:\/\/secure.gravatar.com\/avatar\/c0c0b648f4e68bcbabf574c3421c3d006d89eff763ef61087c78507b9cc58be5?s=96&d=mm&r=g","caption":"Claudio Artigas"},"url":"https:\/\/chileentinieblas.cl\/en\/author\/francodibrotsy\/"}]}},"jetpack_sharing_enabled":true,"jetpack_featured_media_url":"https:\/\/chileentinieblas.cl\/wp-content\/uploads\/2023\/04\/SantiagoAtNight-e1761763959813.png","_links":{"self":[{"href":"https:\/\/chileentinieblas.cl\/en\/wp-json\/wp\/v2\/posts\/3541","targetHints":{"allow":["GET"]}}],"collection":[{"href":"https:\/\/chileentinieblas.cl\/en\/wp-json\/wp\/v2\/posts"}],"about":[{"href":"https:\/\/chileentinieblas.cl\/en\/wp-json\/wp\/v2\/types\/post"}],"author":[{"embeddable":true,"href":"https:\/\/chileentinieblas.cl\/en\/wp-json\/wp\/v2\/users\/9"}],"replies":[{"embeddable":true,"href":"https:\/\/chileentinieblas.cl\/en\/wp-json\/wp\/v2\/comments?post=3541"}],"version-history":[{"count":7,"href":"https:\/\/chileentinieblas.cl\/en\/wp-json\/wp\/v2\/posts\/3541\/revisions"}],"predecessor-version":[{"id":7127,"href":"https:\/\/chileentinieblas.cl\/en\/wp-json\/wp\/v2\/posts\/3541\/revisions\/7127"}],"wp:featuredmedia":[{"embeddable":true,"href":"https:\/\/chileentinieblas.cl\/en\/wp-json\/wp\/v2\/media\/3542"}],"wp:attachment":[{"href":"https:\/\/chileentinieblas.cl\/en\/wp-json\/wp\/v2\/media?parent=3541"}],"wp:term":[{"taxonomy":"category","embeddable":true,"href":"https:\/\/chileentinieblas.cl\/en\/wp-json\/wp\/v2\/categories?post=3541"},{"taxonomy":"post_tag","embeddable":true,"href":"https:\/\/chileentinieblas.cl\/en\/wp-json\/wp\/v2\/tags?post=3541"},{"taxonomy":"juego","embeddable":true,"href":"https:\/\/chileentinieblas.cl\/en\/wp-json\/wp\/v2\/juego?post=3541"}],"curies":[{"name":"wp","href":"https:\/\/api.w.org\/{rel}","templated":true}]}}