{"id":3302,"date":"2022-11-03T01:17:05","date_gmt":"2022-11-03T01:17:05","guid":{"rendered":"https:\/\/chileentinieblas.cl\/?p=3302"},"modified":"2023-04-28T05:46:36","modified_gmt":"2023-04-28T05:46:36","slug":"evento-una-velada-en-el-hades","status":"publish","type":"post","link":"https:\/\/chileentinieblas.cl\/en\/evento-una-velada-en-el-hades\/","title":{"rendered":"Evento &#8220;Una velada en el Hades&#8221;"},"content":{"rendered":"<p class=\"wp-block-paragraph\">Nos honra el presentarles nuestro pr\u00f3ximo evento en colaboraci\u00f3n con&nbsp;<a href=\"https:\/\/www.instagram.com\/ludum_bar\/\">@ludum_bar<\/a>&nbsp;, el viernes 11 de Noviembre a las 19:00 hrs 8 mesas se vestir\u00e1n de gala ya sea para atender asuntos secretos y desenmascarar terribles conspiraciones que se desarrollan en una fiesta privada donde concurrir\u00e1n las altas esferas del poder. Quienes se encontrar\u00e1n en esta velada? Que informaci\u00f3n podr\u00e1s descubrir en ella? Solo lo sabr\u00e1s entrando a la fiesta ya sea con o sin invitaci\u00f3n.<\/p>\n\n\n\n<p class=\"wp-block-paragraph\">Mesas<\/p>\n\n\n\n<ul class=\"wp-block-list\">\n<li><strong>Una espada de Doble Filo<\/strong> &#8211; Vampiro la Mascarada 5ta edici\u00f3n narrada por&nbsp;<a href=\"https:\/\/www.instagram.com\/claudio_artigas_phd\/\">@claudio_artigas_phd<\/a><\/li>\n\n\n\n<li><strong>Troyanos<\/strong> &#8211; Mago la Ascensi\u00f3n 20 aniv. narrada por&nbsp;<a href=\"https:\/\/www.instagram.com\/castellani.angelo\/\">@castellani.angelo<\/a><\/li>\n\n\n\n<li><strong>Operaci\u00f3n Tanatos<\/strong> &#8211; Cazador La Venganza 5ta edici\u00f3n narrada por&nbsp;<a href=\"https:\/\/www.instagram.com\/fretanax\/\">@fretanax<\/a><\/li>\n\n\n\n<li><strong>Lazos Tras las M\u00e1scaras<\/strong> &#8211; Changeling el Ensue\u00f1o 20 aniv. narrada por Nicolas Barriga<\/li>\n\n\n\n<li><strong>Caza de Datos<\/strong> &#8211; Cazador la Venganza 5ta edici\u00f3n narrada por&nbsp;<a href=\"https:\/\/www.instagram.com\/zylvarant\/\">@zylvarant<\/a><\/li>\n\n\n\n<li><strong>El Ant\u00edgeno Secreto<\/strong> &#8211; Mago la Ascensi\u00f3n 20 aniv. narrada por&nbsp;<a href=\"https:\/\/www.instagram.com\/soyelgabe\/\">@soyelgabe<\/a><\/li>\n\n\n\n<li><strong>Danza de Espadas<\/strong> &#8211; Vampiro la Mascarada 5ta edici\u00f3n narrada por&nbsp;<a href=\"https:\/\/www.instagram.com\/lord_viertel\/\">@lord_viertel<\/a><\/li>\n\n\n\n<li><strong>Cancerbero Acorralado<\/strong> &#8211; Hombrelobo el Apocalipsis 20 aniv. narrada por&nbsp;<a href=\"https:\/\/www.instagram.com\/xvant\/\">@xvant<\/a><\/li>\n<\/ul>\n\n\n\n<p class=\"wp-block-paragraph\"><\/p>\n\n\n\n<p class=\"wp-block-paragraph\">Adhesi\u00f3n: <strong>$5000<\/strong> (equivalente a voucher para consumo en el local)<\/p>\n\n\n\n<p class=\"wp-block-paragraph\">Lugar:&nbsp;<a href=\"https:\/\/www.instagram.com\/ludum_bar\/\">@ludum_bar<\/a>&nbsp;(av. Condell 456, Providencia)<\/p>\n\n\n\n<div class=\"wp-block-group has-text-color is-layout-flow wp-block-group-is-layout-flow\" style=\"color:#000000\">\n<div style=\"height:64px\" aria-hidden=\"true\" class=\"wp-block-spacer\"><\/div>\n\n\n\n<h5 class=\"wp-block-heading has-text-align-center\" id=\"schedule-a-visit\" style=\"font-size:24px;line-height:1.15\">Asegura tu cupo para alguna mesa llenando el formulario en el siguiente link<\/h5>\n\n\n\n<div class=\"wp-block-buttons is-horizontal is-content-justification-center is-layout-flex wp-container-core-buttons-is-layout-cbcdc57d wp-block-buttons-is-layout-flex\">\n<div class=\"wp-block-button has-custom-width wp-block-button__width-50\"><a class=\"wp-block-button__link has-vivid-red-background-color has-text-color has-background wp-element-button\" href=\"https:\/\/forms.gle\/L5aM6aW7yjTfPxE19\" style=\"border-radius:50px;color:#ffffff\" target=\"_blank\" rel=\"noreferrer noopener\">Inscr\u00edbete aqu\u00ed<\/a><\/div>\n<\/div>\n\n\n\n<div style=\"height:64px\" aria-hidden=\"true\" class=\"wp-block-spacer\"><\/div>\n<\/div>\n\n\n\n<figure class=\"wp-block-gallery has-nested-images columns-4 has-black-background-color has-background wp-block-gallery-1 is-layout-flex wp-block-gallery-is-layout-flex\">\n<figure class=\"wp-block-image size-large\"><img fetchpriority=\"high\" decoding=\"async\" width=\"819\" height=\"1024\" data-id=\"3337\" src=\"https:\/\/chileentinieblas.cl\/wp-content\/uploads\/2022\/11\/Cancerbero-acorralado-819x1024.png\" alt=\"\" class=\"wp-image-3337\" srcset=\"https:\/\/chileentinieblas.cl\/wp-content\/uploads\/2022\/11\/Cancerbero-acorralado-819x1024.png 819w, https:\/\/chileentinieblas.cl\/wp-content\/uploads\/2022\/11\/Cancerbero-acorralado-240x300.png 240w, https:\/\/chileentinieblas.cl\/wp-content\/uploads\/2022\/11\/Cancerbero-acorralado-768x960.png 768w, https:\/\/chileentinieblas.cl\/wp-content\/uploads\/2022\/11\/Cancerbero-acorralado.png 1080w\" sizes=\"(max-width: 819px) 100vw, 819px\" \/><\/figure>\n\n\n\n<figure class=\"wp-block-image size-large\"><img decoding=\"async\" width=\"819\" height=\"1024\" data-id=\"3338\" src=\"https:\/\/chileentinieblas.cl\/wp-content\/uploads\/2022\/11\/Caza-de-datos-819x1024.png\" alt=\"\" class=\"wp-image-3338\" srcset=\"https:\/\/chileentinieblas.cl\/wp-content\/uploads\/2022\/11\/Caza-de-datos-819x1024.png 819w, https:\/\/chileentinieblas.cl\/wp-content\/uploads\/2022\/11\/Caza-de-datos-240x300.png 240w, https:\/\/chileentinieblas.cl\/wp-content\/uploads\/2022\/11\/Caza-de-datos-768x960.png 768w, https:\/\/chileentinieblas.cl\/wp-content\/uploads\/2022\/11\/Caza-de-datos.png 1080w\" sizes=\"(max-width: 819px) 100vw, 819px\" \/><\/figure>\n\n\n\n<figure class=\"wp-block-image size-large\"><img decoding=\"async\" width=\"819\" height=\"1024\" data-id=\"3339\" src=\"https:\/\/chileentinieblas.cl\/wp-content\/uploads\/2022\/11\/Danza-de-espadas-819x1024.png\" alt=\"\" class=\"wp-image-3339\" srcset=\"https:\/\/chileentinieblas.cl\/wp-content\/uploads\/2022\/11\/Danza-de-espadas-819x1024.png 819w, https:\/\/chileentinieblas.cl\/wp-content\/uploads\/2022\/11\/Danza-de-espadas-240x300.png 240w, https:\/\/chileentinieblas.cl\/wp-content\/uploads\/2022\/11\/Danza-de-espadas-768x960.png 768w, https:\/\/chileentinieblas.cl\/wp-content\/uploads\/2022\/11\/Danza-de-espadas.png 1080w\" sizes=\"(max-width: 819px) 100vw, 819px\" \/><\/figure>\n\n\n\n<figure class=\"wp-block-image size-large\"><img loading=\"lazy\" decoding=\"async\" width=\"819\" height=\"1024\" data-id=\"3340\" src=\"https:\/\/chileentinieblas.cl\/wp-content\/uploads\/2022\/11\/El-antigeno-secreto-819x1024.png\" alt=\"\" class=\"wp-image-3340\" srcset=\"https:\/\/chileentinieblas.cl\/wp-content\/uploads\/2022\/11\/El-antigeno-secreto-819x1024.png 819w, https:\/\/chileentinieblas.cl\/wp-content\/uploads\/2022\/11\/El-antigeno-secreto-240x300.png 240w, https:\/\/chileentinieblas.cl\/wp-content\/uploads\/2022\/11\/El-antigeno-secreto-768x960.png 768w, https:\/\/chileentinieblas.cl\/wp-content\/uploads\/2022\/11\/El-antigeno-secreto.png 1080w\" sizes=\"(max-width: 819px) 100vw, 819px\" \/><\/figure>\n\n\n\n<figure class=\"wp-block-image size-large\"><img loading=\"lazy\" decoding=\"async\" width=\"819\" height=\"1024\" data-id=\"3341\" src=\"https:\/\/chileentinieblas.cl\/wp-content\/uploads\/2022\/11\/Lazos-tras-las-mascaras-819x1024.png\" alt=\"\" class=\"wp-image-3341\" srcset=\"https:\/\/chileentinieblas.cl\/wp-content\/uploads\/2022\/11\/Lazos-tras-las-mascaras-819x1024.png 819w, https:\/\/chileentinieblas.cl\/wp-content\/uploads\/2022\/11\/Lazos-tras-las-mascaras-240x300.png 240w, https:\/\/chileentinieblas.cl\/wp-content\/uploads\/2022\/11\/Lazos-tras-las-mascaras-768x960.png 768w, https:\/\/chileentinieblas.cl\/wp-content\/uploads\/2022\/11\/Lazos-tras-las-mascaras.png 1080w\" sizes=\"(max-width: 819px) 100vw, 819px\" \/><\/figure>\n\n\n\n<figure class=\"wp-block-image size-large\"><img loading=\"lazy\" decoding=\"async\" width=\"819\" height=\"1024\" data-id=\"3342\" src=\"https:\/\/chileentinieblas.cl\/wp-content\/uploads\/2022\/11\/Operacion-Tanatos-819x1024.png\" alt=\"\" class=\"wp-image-3342\" srcset=\"https:\/\/chileentinieblas.cl\/wp-content\/uploads\/2022\/11\/Operacion-Tanatos-819x1024.png 819w, https:\/\/chileentinieblas.cl\/wp-content\/uploads\/2022\/11\/Operacion-Tanatos-240x300.png 240w, https:\/\/chileentinieblas.cl\/wp-content\/uploads\/2022\/11\/Operacion-Tanatos-768x960.png 768w, https:\/\/chileentinieblas.cl\/wp-content\/uploads\/2022\/11\/Operacion-Tanatos.png 1080w\" sizes=\"(max-width: 819px) 100vw, 819px\" \/><\/figure>\n\n\n\n<figure class=\"wp-block-image size-large\"><img loading=\"lazy\" decoding=\"async\" width=\"819\" height=\"1024\" data-id=\"3343\" src=\"https:\/\/chileentinieblas.cl\/wp-content\/uploads\/2022\/11\/Troyanos-819x1024.png\" alt=\"\" class=\"wp-image-3343\" srcset=\"https:\/\/chileentinieblas.cl\/wp-content\/uploads\/2022\/11\/Troyanos-819x1024.png 819w, https:\/\/chileentinieblas.cl\/wp-content\/uploads\/2022\/11\/Troyanos-240x300.png 240w, https:\/\/chileentinieblas.cl\/wp-content\/uploads\/2022\/11\/Troyanos-768x960.png 768w, https:\/\/chileentinieblas.cl\/wp-content\/uploads\/2022\/11\/Troyanos.png 1080w\" sizes=\"(max-width: 819px) 100vw, 819px\" \/><\/figure>\n\n\n\n<figure class=\"wp-block-image size-large\"><img loading=\"lazy\" decoding=\"async\" width=\"819\" height=\"1024\" data-id=\"3344\" src=\"https:\/\/chileentinieblas.cl\/wp-content\/uploads\/2022\/11\/Una-espada-de-doble-filo-819x1024.png\" alt=\"\" class=\"wp-image-3344\" srcset=\"https:\/\/chileentinieblas.cl\/wp-content\/uploads\/2022\/11\/Una-espada-de-doble-filo-819x1024.png 819w, https:\/\/chileentinieblas.cl\/wp-content\/uploads\/2022\/11\/Una-espada-de-doble-filo-240x300.png 240w, https:\/\/chileentinieblas.cl\/wp-content\/uploads\/2022\/11\/Una-espada-de-doble-filo-768x960.png 768w, https:\/\/chileentinieblas.cl\/wp-content\/uploads\/2022\/11\/Una-espada-de-doble-filo.png 1080w\" sizes=\"(max-width: 819px) 100vw, 819px\" \/><\/figure>\n\n\n\n<figure class=\"wp-block-image size-large\"><img loading=\"lazy\" decoding=\"async\" width=\"819\" height=\"1024\" data-id=\"3345\" src=\"https:\/\/chileentinieblas.cl\/wp-content\/uploads\/2022\/11\/Una-velada-en-el-Hades-819x1024.png\" alt=\"\" class=\"wp-image-3345\" srcset=\"https:\/\/chileentinieblas.cl\/wp-content\/uploads\/2022\/11\/Una-velada-en-el-Hades-819x1024.png 819w, https:\/\/chileentinieblas.cl\/wp-content\/uploads\/2022\/11\/Una-velada-en-el-Hades-240x300.png 240w, https:\/\/chileentinieblas.cl\/wp-content\/uploads\/2022\/11\/Una-velada-en-el-Hades-768x960.png 768w, https:\/\/chileentinieblas.cl\/wp-content\/uploads\/2022\/11\/Una-velada-en-el-Hades.png 1080w\" sizes=\"(max-width: 819px) 100vw, 819px\" \/><\/figure>\n<\/figure>\n\n\n\n<p class=\"wp-block-paragraph\">Los esperamos!<\/p>","protected":false},"excerpt":{"rendered":"<p>8 mesas se vestir\u00e1n de gala ya sea para atender asuntos secretos y desenmascarar terribles conspiraciones que se desarrollan en una fiesta privada donde concurrir\u00e1n las altas esferas del poder.<\/p>","protected":false},"author":1,"featured_media":3305,"comment_status":"open","ping_status":"open","sticky":false,"template":"","format":"standard","meta":{"_acf_changed":false,"inline_featured_image":false,"_monsterinsights_skip_tracking":false,"_jetpack_newsletter_access":"","_jetpack_dont_email_post_to_subs":false,"_jetpack_newsletter_tier_id":0,"_jetpack_memberships_contains_paywalled_content":false,"fifu_image_url":"","fifu_image_alt":"","_jetpack_feature_clip_id":0,"_jetpack_memberships_contains_paid_content":false,"footnotes":"","jetpack_post_was_ever_published":false},"categories":[133],"tags":[],"juego":[],"class_list":["post-3302","post","type-post","status-publish","format-standard","has-post-thumbnail","hentry","category-eventos"],"acf":[],"yoast_head":"<!-- This site is optimized with the Yoast SEO plugin v28.4 - https:\/\/yoast.com\/product\/yoast-seo-wordpress\/ -->\n<title>Evento &quot;Una velada en el Hades&quot; - Chile en Tinieblas<\/title>\n<meta name=\"robots\" content=\"index, follow, max-snippet:-1, max-image-preview:large, max-video-preview:-1\" \/>\n<link rel=\"canonical\" href=\"https:\/\/chileentinieblas.cl\/en\/evento-una-velada-en-el-hades\/\" \/>\n<meta property=\"og:locale\" content=\"en_US\" \/>\n<meta property=\"og:type\" content=\"article\" \/>\n<meta property=\"og:title\" content=\"Evento &quot;Una velada en el Hades&quot; - Chile en Tinieblas\" \/>\n<meta property=\"og:description\" content=\"8 mesas se vestir\u00e1n de gala ya sea para atender asuntos secretos y desenmascarar terribles conspiraciones que se desarrollan en una fiesta privada donde concurrir\u00e1n las altas esferas del poder.\" \/>\n<meta property=\"og:url\" content=\"https:\/\/chileentinieblas.cl\/en\/evento-una-velada-en-el-hades\/\" \/>\n<meta property=\"og:site_name\" content=\"Chile en Tinieblas\" \/>\n<meta property=\"article:publisher\" content=\"https:\/\/www.facebook.com\/ChileenTinieblas\" \/>\n<meta property=\"article:published_time\" content=\"2022-11-03T01:17:05+00:00\" \/>\n<meta property=\"article:modified_time\" content=\"2023-04-28T05:46:36+00:00\" \/>\n<meta property=\"og:image\" content=\"https:\/\/chileentinieblas.cl\/wp-content\/uploads\/2022\/11\/Portada-en-el-Hades.png\" \/>\n\t<meta property=\"og:image:width\" content=\"1920\" \/>\n\t<meta property=\"og:image:height\" content=\"1080\" \/>\n\t<meta property=\"og:image:type\" content=\"image\/png\" \/>\n<meta name=\"author\" content=\"Control\" \/>\n<meta name=\"twitter:card\" content=\"summary_large_image\" \/>\n<meta name=\"twitter:label1\" content=\"Written by\" \/>\n\t<meta name=\"twitter:data1\" content=\"Control\" \/>\n\t<meta name=\"twitter:label2\" content=\"Est. reading time\" \/>\n\t<meta name=\"twitter:data2\" content=\"1 minute\" \/>\n<script type=\"application\/ld+json\" class=\"yoast-schema-graph\">{\"@context\":\"https:\\\/\\\/schema.org\",\"@graph\":[{\"@type\":\"Article\",\"@id\":\"https:\\\/\\\/chileentinieblas.cl\\\/en\\\/evento-una-velada-en-el-hades\\\/#article\",\"isPartOf\":{\"@id\":\"https:\\\/\\\/chileentinieblas.cl\\\/en\\\/evento-una-velada-en-el-hades\\\/\"},\"author\":{\"name\":\"Control\",\"@id\":\"https:\\\/\\\/chileentinieblas.cl\\\/#\\\/schema\\\/person\\\/ea8aee39744e16ad5c09abf0336c6ad0\"},\"headline\":\"Evento &#8220;Una velada en el Hades&#8221;\",\"datePublished\":\"2022-11-03T01:17:05+00:00\",\"dateModified\":\"2023-04-28T05:46:36+00:00\",\"mainEntityOfPage\":{\"@id\":\"https:\\\/\\\/chileentinieblas.cl\\\/en\\\/evento-una-velada-en-el-hades\\\/\"},\"wordCount\":240,\"commentCount\":1,\"publisher\":{\"@id\":\"https:\\\/\\\/chileentinieblas.cl\\\/#organization\"},\"image\":{\"@id\":\"https:\\\/\\\/chileentinieblas.cl\\\/en\\\/evento-una-velada-en-el-hades\\\/#primaryimage\"},\"thumbnailUrl\":\"https:\\\/\\\/chileentinieblas.cl\\\/wp-content\\\/uploads\\\/2022\\\/11\\\/Portada-en-el-Hades.png\",\"articleSection\":[\"Eventos\"],\"inLanguage\":\"en-US\",\"potentialAction\":[{\"@type\":\"CommentAction\",\"name\":\"Comment\",\"target\":[\"https:\\\/\\\/chileentinieblas.cl\\\/en\\\/evento-una-velada-en-el-hades\\\/#respond\"]}]},{\"@type\":\"WebPage\",\"@id\":\"https:\\\/\\\/chileentinieblas.cl\\\/en\\\/evento-una-velada-en-el-hades\\\/\",\"url\":\"https:\\\/\\\/chileentinieblas.cl\\\/en\\\/evento-una-velada-en-el-hades\\\/\",\"name\":\"Evento \\\"Una velada en el Hades\\\" - Chile en Tinieblas\",\"isPartOf\":{\"@id\":\"https:\\\/\\\/chileentinieblas.cl\\\/#website\"},\"primaryImageOfPage\":{\"@id\":\"https:\\\/\\\/chileentinieblas.cl\\\/en\\\/evento-una-velada-en-el-hades\\\/#primaryimage\"},\"image\":{\"@id\":\"https:\\\/\\\/chileentinieblas.cl\\\/en\\\/evento-una-velada-en-el-hades\\\/#primaryimage\"},\"thumbnailUrl\":\"https:\\\/\\\/chileentinieblas.cl\\\/wp-content\\\/uploads\\\/2022\\\/11\\\/Portada-en-el-Hades.png\",\"datePublished\":\"2022-11-03T01:17:05+00:00\",\"dateModified\":\"2023-04-28T05:46:36+00:00\",\"breadcrumb\":{\"@id\":\"https:\\\/\\\/chileentinieblas.cl\\\/en\\\/evento-una-velada-en-el-hades\\\/#breadcrumb\"},\"inLanguage\":\"en-US\",\"potentialAction\":[{\"@type\":\"ReadAction\",\"target\":[\"https:\\\/\\\/chileentinieblas.cl\\\/en\\\/evento-una-velada-en-el-hades\\\/\"]}]},{\"@type\":\"ImageObject\",\"inLanguage\":\"en-US\",\"@id\":\"https:\\\/\\\/chileentinieblas.cl\\\/en\\\/evento-una-velada-en-el-hades\\\/#primaryimage\",\"url\":\"https:\\\/\\\/chileentinieblas.cl\\\/wp-content\\\/uploads\\\/2022\\\/11\\\/Portada-en-el-Hades.png\",\"contentUrl\":\"https:\\\/\\\/chileentinieblas.cl\\\/wp-content\\\/uploads\\\/2022\\\/11\\\/Portada-en-el-Hades.png\",\"width\":1920,\"height\":1080},{\"@type\":\"BreadcrumbList\",\"@id\":\"https:\\\/\\\/chileentinieblas.cl\\\/en\\\/evento-una-velada-en-el-hades\\\/#breadcrumb\",\"itemListElement\":[{\"@type\":\"ListItem\",\"position\":1,\"name\":\"Portada\",\"item\":\"https:\\\/\\\/chileentinieblas.cl\\\/\"},{\"@type\":\"ListItem\",\"position\":2,\"name\":\"Evento &#8220;Una velada en el Hades&#8221;\"}]},{\"@type\":\"WebSite\",\"@id\":\"https:\\\/\\\/chileentinieblas.cl\\\/#website\",\"url\":\"https:\\\/\\\/chileentinieblas.cl\\\/\",\"name\":\"Chile en Tinieblas\",\"description\":\"Un servidor con mesas de rol de Mundo de Tinieblas\",\"publisher\":{\"@id\":\"https:\\\/\\\/chileentinieblas.cl\\\/#organization\"},\"potentialAction\":[{\"@type\":\"SearchAction\",\"target\":{\"@type\":\"EntryPoint\",\"urlTemplate\":\"https:\\\/\\\/chileentinieblas.cl\\\/?s={search_term_string}\"},\"query-input\":{\"@type\":\"PropertyValueSpecification\",\"valueRequired\":true,\"valueName\":\"search_term_string\"}}],\"inLanguage\":\"en-US\"},{\"@type\":\"Organization\",\"@id\":\"https:\\\/\\\/chileentinieblas.cl\\\/#organization\",\"name\":\"Chile en Tinieblas\",\"url\":\"https:\\\/\\\/chileentinieblas.cl\\\/\",\"logo\":{\"@type\":\"ImageObject\",\"inLanguage\":\"en-US\",\"@id\":\"https:\\\/\\\/chileentinieblas.cl\\\/#\\\/schema\\\/logo\\\/image\\\/\",\"url\":\"https:\\\/\\\/chileentinieblas.cl\\\/wp-content\\\/uploads\\\/2021\\\/12\\\/logo-cet-claro.png\",\"contentUrl\":\"https:\\\/\\\/chileentinieblas.cl\\\/wp-content\\\/uploads\\\/2021\\\/12\\\/logo-cet-claro.png\",\"width\":1001,\"height\":1030,\"caption\":\"Chile en Tinieblas\"},\"image\":{\"@id\":\"https:\\\/\\\/chileentinieblas.cl\\\/#\\\/schema\\\/logo\\\/image\\\/\"},\"sameAs\":[\"https:\\\/\\\/www.facebook.com\\\/ChileenTinieblas\",\"https:\\\/\\\/www.instagram.com\\\/chileentinieblas\\\/\",\"https:\\\/\\\/www.youtube.com\\\/@chileentinieblas\",\"https:\\\/\\\/www.tiktok.com\\\/@chileentinieblas\"]},{\"@type\":\"Person\",\"@id\":\"https:\\\/\\\/chileentinieblas.cl\\\/#\\\/schema\\\/person\\\/ea8aee39744e16ad5c09abf0336c6ad0\",\"name\":\"Control\",\"image\":{\"@type\":\"ImageObject\",\"inLanguage\":\"en-US\",\"@id\":\"https:\\\/\\\/secure.gravatar.com\\\/avatar\\\/1d809a2f4cc7a14d598d85ad3fd62576293519b09f8b157de180e7916f7c7fb7?s=96&d=mm&r=g\",\"url\":\"https:\\\/\\\/secure.gravatar.com\\\/avatar\\\/1d809a2f4cc7a14d598d85ad3fd62576293519b09f8b157de180e7916f7c7fb7?s=96&d=mm&r=g\",\"contentUrl\":\"https:\\\/\\\/secure.gravatar.com\\\/avatar\\\/1d809a2f4cc7a14d598d85ad3fd62576293519b09f8b157de180e7916f7c7fb7?s=96&d=mm&r=g\",\"caption\":\"Control\"},\"sameAs\":[\"http:\\\/\\\/chileentinieblas.cl\"],\"url\":\"https:\\\/\\\/chileentinieblas.cl\\\/en\\\/author\\\/control\\\/\"}]}<\/script>\n<!-- \/ Yoast SEO plugin. -->","yoast_head_json":{"title":"Evento \"Una velada en el Hades\" - Chile en Tinieblas","robots":{"index":"index","follow":"follow","max-snippet":"max-snippet:-1","max-image-preview":"max-image-preview:large","max-video-preview":"max-video-preview:-1"},"canonical":"https:\/\/chileentinieblas.cl\/en\/evento-una-velada-en-el-hades\/","og_locale":"en_US","og_type":"article","og_title":"Evento \"Una velada en el Hades\" - Chile en Tinieblas","og_description":"8 mesas se vestir\u00e1n de gala ya sea para atender asuntos secretos y desenmascarar terribles conspiraciones que se desarrollan en una fiesta privada donde concurrir\u00e1n las altas esferas del poder.","og_url":"https:\/\/chileentinieblas.cl\/en\/evento-una-velada-en-el-hades\/","og_site_name":"Chile en Tinieblas","article_publisher":"https:\/\/www.facebook.com\/ChileenTinieblas","article_published_time":"2022-11-03T01:17:05+00:00","article_modified_time":"2023-04-28T05:46:36+00:00","og_image":[{"width":1920,"height":1080,"url":"https:\/\/chileentinieblas.cl\/wp-content\/uploads\/2022\/11\/Portada-en-el-Hades.png","type":"image\/png"}],"author":"Control","twitter_card":"summary_large_image","twitter_misc":{"Written by":"Control","Est. reading time":"1 minute"},"schema":{"@context":"https:\/\/schema.org","@graph":[{"@type":"Article","@id":"https:\/\/chileentinieblas.cl\/en\/evento-una-velada-en-el-hades\/#article","isPartOf":{"@id":"https:\/\/chileentinieblas.cl\/en\/evento-una-velada-en-el-hades\/"},"author":{"name":"Control","@id":"https:\/\/chileentinieblas.cl\/#\/schema\/person\/ea8aee39744e16ad5c09abf0336c6ad0"},"headline":"Evento &#8220;Una velada en el Hades&#8221;","datePublished":"2022-11-03T01:17:05+00:00","dateModified":"2023-04-28T05:46:36+00:00","mainEntityOfPage":{"@id":"https:\/\/chileentinieblas.cl\/en\/evento-una-velada-en-el-hades\/"},"wordCount":240,"commentCount":1,"publisher":{"@id":"https:\/\/chileentinieblas.cl\/#organization"},"image":{"@id":"https:\/\/chileentinieblas.cl\/en\/evento-una-velada-en-el-hades\/#primaryimage"},"thumbnailUrl":"https:\/\/chileentinieblas.cl\/wp-content\/uploads\/2022\/11\/Portada-en-el-Hades.png","articleSection":["Eventos"],"inLanguage":"en-US","potentialAction":[{"@type":"CommentAction","name":"Comment","target":["https:\/\/chileentinieblas.cl\/en\/evento-una-velada-en-el-hades\/#respond"]}]},{"@type":"WebPage","@id":"https:\/\/chileentinieblas.cl\/en\/evento-una-velada-en-el-hades\/","url":"https:\/\/chileentinieblas.cl\/en\/evento-una-velada-en-el-hades\/","name":"Evento \"Una velada en el Hades\" - Chile en Tinieblas","isPartOf":{"@id":"https:\/\/chileentinieblas.cl\/#website"},"primaryImageOfPage":{"@id":"https:\/\/chileentinieblas.cl\/en\/evento-una-velada-en-el-hades\/#primaryimage"},"image":{"@id":"https:\/\/chileentinieblas.cl\/en\/evento-una-velada-en-el-hades\/#primaryimage"},"thumbnailUrl":"https:\/\/chileentinieblas.cl\/wp-content\/uploads\/2022\/11\/Portada-en-el-Hades.png","datePublished":"2022-11-03T01:17:05+00:00","dateModified":"2023-04-28T05:46:36+00:00","breadcrumb":{"@id":"https:\/\/chileentinieblas.cl\/en\/evento-una-velada-en-el-hades\/#breadcrumb"},"inLanguage":"en-US","potentialAction":[{"@type":"ReadAction","target":["https:\/\/chileentinieblas.cl\/en\/evento-una-velada-en-el-hades\/"]}]},{"@type":"ImageObject","inLanguage":"en-US","@id":"https:\/\/chileentinieblas.cl\/en\/evento-una-velada-en-el-hades\/#primaryimage","url":"https:\/\/chileentinieblas.cl\/wp-content\/uploads\/2022\/11\/Portada-en-el-Hades.png","contentUrl":"https:\/\/chileentinieblas.cl\/wp-content\/uploads\/2022\/11\/Portada-en-el-Hades.png","width":1920,"height":1080},{"@type":"BreadcrumbList","@id":"https:\/\/chileentinieblas.cl\/en\/evento-una-velada-en-el-hades\/#breadcrumb","itemListElement":[{"@type":"ListItem","position":1,"name":"Portada","item":"https:\/\/chileentinieblas.cl\/"},{"@type":"ListItem","position":2,"name":"Evento &#8220;Una velada en el Hades&#8221;"}]},{"@type":"WebSite","@id":"https:\/\/chileentinieblas.cl\/#website","url":"https:\/\/chileentinieblas.cl\/","name":"Chile en Tinieblas","description":"Un servidor con mesas de rol de Mundo de Tinieblas","publisher":{"@id":"https:\/\/chileentinieblas.cl\/#organization"},"potentialAction":[{"@type":"SearchAction","target":{"@type":"EntryPoint","urlTemplate":"https:\/\/chileentinieblas.cl\/?s={search_term_string}"},"query-input":{"@type":"PropertyValueSpecification","valueRequired":true,"valueName":"search_term_string"}}],"inLanguage":"en-US"},{"@type":"Organization","@id":"https:\/\/chileentinieblas.cl\/#organization","name":"Chile en Tinieblas","url":"https:\/\/chileentinieblas.cl\/","logo":{"@type":"ImageObject","inLanguage":"en-US","@id":"https:\/\/chileentinieblas.cl\/#\/schema\/logo\/image\/","url":"https:\/\/chileentinieblas.cl\/wp-content\/uploads\/2021\/12\/logo-cet-claro.png","contentUrl":"https:\/\/chileentinieblas.cl\/wp-content\/uploads\/2021\/12\/logo-cet-claro.png","width":1001,"height":1030,"caption":"Chile en Tinieblas"},"image":{"@id":"https:\/\/chileentinieblas.cl\/#\/schema\/logo\/image\/"},"sameAs":["https:\/\/www.facebook.com\/ChileenTinieblas","https:\/\/www.instagram.com\/chileentinieblas\/","https:\/\/www.youtube.com\/@chileentinieblas","https:\/\/www.tiktok.com\/@chileentinieblas"]},{"@type":"Person","@id":"https:\/\/chileentinieblas.cl\/#\/schema\/person\/ea8aee39744e16ad5c09abf0336c6ad0","name":"Control","image":{"@type":"ImageObject","inLanguage":"en-US","@id":"https:\/\/secure.gravatar.com\/avatar\/1d809a2f4cc7a14d598d85ad3fd62576293519b09f8b157de180e7916f7c7fb7?s=96&d=mm&r=g","url":"https:\/\/secure.gravatar.com\/avatar\/1d809a2f4cc7a14d598d85ad3fd62576293519b09f8b157de180e7916f7c7fb7?s=96&d=mm&r=g","contentUrl":"https:\/\/secure.gravatar.com\/avatar\/1d809a2f4cc7a14d598d85ad3fd62576293519b09f8b157de180e7916f7c7fb7?s=96&d=mm&r=g","caption":"Control"},"sameAs":["http:\/\/chileentinieblas.cl"],"url":"https:\/\/chileentinieblas.cl\/en\/author\/control\/"}]}},"jetpack_sharing_enabled":true,"jetpack_featured_media_url":"https:\/\/chileentinieblas.cl\/wp-content\/uploads\/2022\/11\/Portada-en-el-Hades.png","_links":{"self":[{"href":"https:\/\/chileentinieblas.cl\/en\/wp-json\/wp\/v2\/posts\/3302","targetHints":{"allow":["GET"]}}],"collection":[{"href":"https:\/\/chileentinieblas.cl\/en\/wp-json\/wp\/v2\/posts"}],"about":[{"href":"https:\/\/chileentinieblas.cl\/en\/wp-json\/wp\/v2\/types\/post"}],"author":[{"embeddable":true,"href":"https:\/\/chileentinieblas.cl\/en\/wp-json\/wp\/v2\/users\/1"}],"replies":[{"embeddable":true,"href":"https:\/\/chileentinieblas.cl\/en\/wp-json\/wp\/v2\/comments?post=3302"}],"version-history":[{"count":16,"href":"https:\/\/chileentinieblas.cl\/en\/wp-json\/wp\/v2\/posts\/3302\/revisions"}],"predecessor-version":[{"id":3817,"href":"https:\/\/chileentinieblas.cl\/en\/wp-json\/wp\/v2\/posts\/3302\/revisions\/3817"}],"wp:featuredmedia":[{"embeddable":true,"href":"https:\/\/chileentinieblas.cl\/en\/wp-json\/wp\/v2\/media\/3305"}],"wp:attachment":[{"href":"https:\/\/chileentinieblas.cl\/en\/wp-json\/wp\/v2\/media?parent=3302"}],"wp:term":[{"taxonomy":"category","embeddable":true,"href":"https:\/\/chileentinieblas.cl\/en\/wp-json\/wp\/v2\/categories?post=3302"},{"taxonomy":"post_tag","embeddable":true,"href":"https:\/\/chileentinieblas.cl\/en\/wp-json\/wp\/v2\/tags?post=3302"},{"taxonomy":"juego","embeddable":true,"href":"https:\/\/chileentinieblas.cl\/en\/wp-json\/wp\/v2\/juego?post=3302"}],"curies":[{"name":"wp","href":"https:\/\/api.w.org\/{rel}","templated":true}]}}